{"id":45376,"date":"2025-07-28T05:20:08","date_gmt":"2025-07-28T08:20:08","guid":{"rendered":"https:\/\/blogdojuniorcavalcanti.com.br\/?p=45376"},"modified":"2025-07-28T05:20:08","modified_gmt":"2025-07-28T08:20:08","slug":"1a-corrida-de-sao-sebastiao-em-iguaracy-gerou-uniao-saude-e-solidariedade","status":"publish","type":"post","link":"https:\/\/blogdojuniorcavalcanti.com.br\/index.php\/2025\/07\/28\/1a-corrida-de-sao-sebastiao-em-iguaracy-gerou-uniao-saude-e-solidariedade\/","title":{"rendered":"1\u00aa Corrida de S\u00e3o Sebasti\u00e3o em Iguaracy gerou: uni\u00e3o, sa\u00fade e solidariedade"},"content":{"rendered":"<p style=\"text-align: justify;\"><span style=\"font-size: 14pt; font-family: arial, helvetica, sans-serif;\">Na manh\u00e3 deste domingo 27 de julho, as ruas da cidade de Iguaracy foi palco de um grande evento esportivo e solid\u00e1rio: a Primeira Corrida de S\u00e3o Sebasti\u00e3o, que contou com a presen\u00e7a de autoridades municipais e da regi\u00e3o do Paje\u00fa, atletas e a participa\u00e7\u00e3o de um grande p\u00fablico local e visitantes de v\u00e1rias cidades e estados vizinhos de Pernambuco. O prefeito do munic\u00edpio, Dr. Pedro Alves, acompanhado do vice-prefeito Marcos Jer\u00f4nimo (Marquinhos Melo) \u2014 que tamb\u00e9m atua como secret\u00e1rio de Administra\u00e7\u00e3o e Desenvolvimento Econ\u00f4mico de Iguaracy \u2014 esteve presente, refor\u00e7ando o esp\u00edrito de uni\u00e3o e solidariedade promovido pelo evento.<\/span><\/p>\n<p style=\"text-align: justify;\"><span style=\"font-size: 14pt; font-family: arial, helvetica, sans-serif;\">A corrida, realizada pela \u00a0Prefeitura de Iguaracy, e com o apoio da Secretaria de Administra\u00e7\u00e3o e Desenvolvimento Econ\u00f4mico, a Secretaria de Educa\u00e7\u00e3o e Esportes, Secretaria de Desenvolvimento e Assist\u00eancia Social, Diretoria de Esportes, Secretaria de Sa\u00fade e com a organiza\u00e7\u00e3o da empresa Rota Atletas, reuniu um grande p\u00fablico e trouxe um clima de entusiasmo \u00e0s ruas da cidade. Al\u00e9m da competi\u00e7\u00e3o esportiva, o evento teve uma forte pegada social: a troca de kits de participa\u00e7\u00e3o por alimentos n\u00e3o perec\u00edveis, que ser\u00e3o destinados \u00e0s fam\u00edlias mais carentes de Iguaracy.<\/span><\/p>\n<figure class=\"wp-block-image\" style=\"text-align: justify;\"><a href=\"https:\/\/i0.wp.com\/blogger.googleusercontent.com\/img\/b\/R29vZ2xl\/AVvXsEizqwyiX-nV0M8twivpQ3PsUFp28G03X3YTeeJSR16x5GHUqe6HHP6yyiaxPFyqaxHbmvGBnNJxPaLrDg2kBV-_ptpNGgUKHraCpEvfyYe8hhReGOSIlAkfl0C9L3FCeZ86NZHKHB7yE13Faj1U3kJEg3cl-5JPX_rdi3ANMsBjL_C26QSQkxl7hVpON8Mw\/s1280\/04b795a6-e39b-462e-a0cb-7b62c8c0a7c3.jpeg?ssl=1\"><img decoding=\"async\" src=\"https:\/\/i0.wp.com\/blogger.googleusercontent.com\/img\/b\/R29vZ2xl\/AVvXsEizqwyiX-nV0M8twivpQ3PsUFp28G03X3YTeeJSR16x5GHUqe6HHP6yyiaxPFyqaxHbmvGBnNJxPaLrDg2kBV-_ptpNGgUKHraCpEvfyYe8hhReGOSIlAkfl0C9L3FCeZ86NZHKHB7yE13Faj1U3kJEg3cl-5JPX_rdi3ANMsBjL_C26QSQkxl7hVpON8Mw\/w400-h286\/04b795a6-e39b-462e-a0cb-7b62c8c0a7c3.jpeg?w=840&amp;ssl=1\" alt=\"\" data-recalc-dims=\"1\" \/><\/a><\/figure>\n<figure class=\"wp-block-image\" style=\"text-align: justify;\"><a href=\"https:\/\/i0.wp.com\/blogger.googleusercontent.com\/img\/b\/R29vZ2xl\/AVvXsEjQSB9ORx9HYhB052VO-C_xGkEPk4cibCahp7XbGCpZuXYKWMyBNTpSOriTzO1dHqXz6grInGdmga5etyADe-XO_ZEgDaPEc1BHhAmc_f57WlGMeTfWeeLcT2o88Ow5XD-acqIDOsPrBVP0MgedwqDmuaiBB5cVjJ68fshhn0oZ2xD1IV8dh3Y8vFtifnjZ\/s1280\/196cadef-564e-44fb-aa91-37f50dff5a5d.jpeg?ssl=1\"><img decoding=\"async\" src=\"https:\/\/i0.wp.com\/blogger.googleusercontent.com\/img\/b\/R29vZ2xl\/AVvXsEjQSB9ORx9HYhB052VO-C_xGkEPk4cibCahp7XbGCpZuXYKWMyBNTpSOriTzO1dHqXz6grInGdmga5etyADe-XO_ZEgDaPEc1BHhAmc_f57WlGMeTfWeeLcT2o88Ow5XD-acqIDOsPrBVP0MgedwqDmuaiBB5cVjJ68fshhn0oZ2xD1IV8dh3Y8vFtifnjZ\/w400-h286\/196cadef-564e-44fb-aa91-37f50dff5a5d.jpeg?w=840&amp;ssl=1\" alt=\"\" data-recalc-dims=\"1\" \/><\/a><\/figure>\n<figure class=\"wp-block-image\" style=\"text-align: justify;\"><a href=\"https:\/\/i0.wp.com\/blogger.googleusercontent.com\/img\/b\/R29vZ2xl\/AVvXsEhSkmWQb4-yuR8z7QOanCNkaGvw-npT1n6zQqSSPjaexWeqdh3T1PHCPfbLolJrzgwnCU1wsQAdIvkXYdlc3oTEfp-932vQ_xJfuBudhRzQILpEM18sPub5gNIIezlRQj1atzrQgu_i3-hDlZ5Q1nTggast2wQTRu60Scyc38OeeNEgTu1YGuyjLGtYzECN\/s1280\/38638f5b-82ee-481d-ae46-76fb73c9e3b0.jpeg?ssl=1\"><img decoding=\"async\" src=\"https:\/\/i0.wp.com\/blogger.googleusercontent.com\/img\/b\/R29vZ2xl\/AVvXsEhSkmWQb4-yuR8z7QOanCNkaGvw-npT1n6zQqSSPjaexWeqdh3T1PHCPfbLolJrzgwnCU1wsQAdIvkXYdlc3oTEfp-932vQ_xJfuBudhRzQILpEM18sPub5gNIIezlRQj1atzrQgu_i3-hDlZ5Q1nTggast2wQTRu60Scyc38OeeNEgTu1YGuyjLGtYzECN\/w400-h286\/38638f5b-82ee-481d-ae46-76fb73c9e3b0.jpeg?w=840&amp;ssl=1\" alt=\"\" data-recalc-dims=\"1\" \/><\/a><\/figure>\n<figure class=\"wp-block-image\" style=\"text-align: justify;\"><a href=\"https:\/\/i0.wp.com\/blogger.googleusercontent.com\/img\/b\/R29vZ2xl\/AVvXsEhG0Eey9x_5uOJqw3tL3W27P70MdVbpTD4GpgvVw559CJKZqmYhEUhtTFaIvY0VYjzlaNtxKicB-74887wDUFJJTR6wpnFDzRfBhb66DggaeZHgg1YzVydmPgIHwVmkEqlV6QXIQ9OrTuLPhOf5hoF0iaE-gqcEy7Gof4d3k80dTLwZ2iXjbgZ85SrLkHY0\/s1280\/12404a03-9c98-4082-a2c1-553d50c1ff95.jpeg?ssl=1\"><img decoding=\"async\" src=\"https:\/\/i0.wp.com\/blogger.googleusercontent.com\/img\/b\/R29vZ2xl\/AVvXsEhG0Eey9x_5uOJqw3tL3W27P70MdVbpTD4GpgvVw559CJKZqmYhEUhtTFaIvY0VYjzlaNtxKicB-74887wDUFJJTR6wpnFDzRfBhb66DggaeZHgg1YzVydmPgIHwVmkEqlV6QXIQ9OrTuLPhOf5hoF0iaE-gqcEy7Gof4d3k80dTLwZ2iXjbgZ85SrLkHY0\/w400-h286\/12404a03-9c98-4082-a2c1-553d50c1ff95.jpeg?w=840&amp;ssl=1\" alt=\"\" data-recalc-dims=\"1\" \/><\/a><\/figure>\n<figure class=\"wp-block-image\" style=\"text-align: justify;\"><a href=\"https:\/\/i0.wp.com\/blogger.googleusercontent.com\/img\/b\/R29vZ2xl\/AVvXsEgzC4XGylp3nh-qucia7U8lHuppI-I2W9Bqt2DnpuKfUOTg3zE3nhfOPmuwMaNcMVRImjJSJMcWRm5SPMmBHvQH6a_jECrt_rJGmXp2LM9KXYykMeQqGosKj3LEKWGFmf-kdu3rP4CsE7RF_UFMf8buFayzuFVTCTdcyXRG1aP4vjjf7dezjZOjAXo718Tr\/s1280\/4b936158-429e-4e07-93ce-7f75f998e194.jpeg?ssl=1\"><img decoding=\"async\" src=\"https:\/\/i0.wp.com\/blogger.googleusercontent.com\/img\/b\/R29vZ2xl\/AVvXsEgzC4XGylp3nh-qucia7U8lHuppI-I2W9Bqt2DnpuKfUOTg3zE3nhfOPmuwMaNcMVRImjJSJMcWRm5SPMmBHvQH6a_jECrt_rJGmXp2LM9KXYykMeQqGosKj3LEKWGFmf-kdu3rP4CsE7RF_UFMf8buFayzuFVTCTdcyXRG1aP4vjjf7dezjZOjAXo718Tr\/w400-h286\/4b936158-429e-4e07-93ce-7f75f998e194.jpeg?w=840&amp;ssl=1\" alt=\"\" data-recalc-dims=\"1\" \/><\/a><\/figure>\n<figure class=\"wp-block-image\" style=\"text-align: justify;\"><a href=\"https:\/\/i0.wp.com\/blogger.googleusercontent.com\/img\/b\/R29vZ2xl\/AVvXsEhiBnIsYfU4-yCzhx7sFKN5jbZP_L6qieclkue8Ey140ExF5d7i4Nv0vwWzVlcgm9U3e3XB72Ab7tl2xlH96eoEGeKN2buMHMv5RlABooAjKoQ5iJyC3iGcOgDzDxn-QFmKvN41ix74PEq-1YIWzTz3ZPmmiHtCzU_H5d_JucsRHFR3q1Kn4RRk8Eyj2cWd\/s1280\/c33936b5-e978-453b-a589-c3e20d08feab.jpeg?ssl=1\"><img decoding=\"async\" src=\"https:\/\/i0.wp.com\/blogger.googleusercontent.com\/img\/b\/R29vZ2xl\/AVvXsEhiBnIsYfU4-yCzhx7sFKN5jbZP_L6qieclkue8Ey140ExF5d7i4Nv0vwWzVlcgm9U3e3XB72Ab7tl2xlH96eoEGeKN2buMHMv5RlABooAjKoQ5iJyC3iGcOgDzDxn-QFmKvN41ix74PEq-1YIWzTz3ZPmmiHtCzU_H5d_JucsRHFR3q1Kn4RRk8Eyj2cWd\/w400-h286\/c33936b5-e978-453b-a589-c3e20d08feab.jpeg?w=840&amp;ssl=1\" alt=\"\" data-recalc-dims=\"1\" \/><\/a><\/figure>\n<p style=\"text-align: justify;\"><span style=\"font-size: 14pt; font-family: arial, helvetica, sans-serif;\">Segundo o prefeito Dr. Pedro Alves, o sucesso da primeira edi\u00e7\u00e3o reflete o potencial de uni\u00e3o entre esporte, solidariedade e o compromisso da gest\u00e3o. \u201cCom certeza absoluta nosso objetivo foi promover uma manh\u00e3 de sa\u00fade, lazer e solidariedade. \u00c9 fabuloso, e o sentimento de ajudar ao pr\u00f3ximo. Essa \u00e9 a verdadeira ess\u00eancia de S\u00e3o Sebasti\u00e3o: proteger, cuidar e fortalecer a nossa f\u00e9\u201d, afirmou.<\/span><\/p>\n<p style=\"text-align: justify;\"><span style=\"font-size: 14pt; font-family: arial, helvetica, sans-serif;\">O propriet\u00e1rio da empresa Rota Atletas, Elton Gomes \u00a0e o colaborador C\u00e2ndido Filho, tamb\u00e9m destacaram a import\u00e2ncia do evento: \u201cEstamos muito felizes com o sucesso da corrida. Foi uma manh\u00e3 de muita energia positiva, e ver a solidariedade das pessoas nos enche de esperan\u00e7a. Queremos agradecer a todos que participaram e colaboraram para que essa iniciativa fosse realizada.\u201d<\/span><\/p>\n<p style=\"text-align: justify;\"><span style=\"font-size: 14pt; font-family: arial, helvetica, sans-serif;\">Na programa\u00e7\u00e3o tamb\u00e9m prestigiaram: Rodrigo Alves, Mar\u00edlia Duse, Dra. Michelle Moura, Carlinhos Valadares (Chefe de Gabinete da Prefeitura de Iguaracy), Dra. Sinara Maranh\u00e3o (Procuradora da Prefeitura de Iguaracy), Tenente Coronel 23\u00b0 BPM, Arist\u00f3teles, Pe. Otaviano Bezerra (Par\u00f3quia de S\u00e3o Sebasti\u00e3o, que realizou um momento de ora\u00e7\u00e3o), Chico Torres e Lequinho (Vereadores), Juliany Rabelo (Secret\u00e1ria de Desenvolvimento e Assist\u00eancia Social), Marcone Melo (Secret\u00e1rio de Cultura e Turismo), Helena Alves (Secret\u00e1ria de Finan\u00e7as), F\u00e1bio Torres (Secret\u00e1rio de Via\u00e7\u00e3o Obras e Servi\u00e7os P\u00fablicos), Matheus Veras (Diretor de Esportes), Maria Alves (Secret\u00e1ria Adjunta de Sa\u00fade), Luciano Santana (Secret\u00e1rio Adjunto de Administra\u00e7\u00e3o), entre outros nome.<\/span><\/p>\n<figure class=\"wp-block-image\" style=\"text-align: justify;\"><a href=\"https:\/\/i0.wp.com\/blogger.googleusercontent.com\/img\/b\/R29vZ2xl\/AVvXsEi6JtbL5MdSQdMcH27dra3nbz8DzL3WBI3iCUii2Ijb31AWLb4nQiPBp76OCNfsli-4smeD1ZYKP1Z7DRKZ5Vi0KtW9cL6UL7c4nBeb6fn4Qrt54-vdQf8EG017SjHFefxdUjKyjQjrHHZGgNOwvQKi7V6o5h5aqZbFjQPJ59JBuCC0-Ok83Fp9DwU5EZiZ\/s1280\/dfeb3c77-7045-4507-af82-0d7167356438.jpeg?ssl=1\"><img decoding=\"async\" src=\"https:\/\/i0.wp.com\/blogger.googleusercontent.com\/img\/b\/R29vZ2xl\/AVvXsEi6JtbL5MdSQdMcH27dra3nbz8DzL3WBI3iCUii2Ijb31AWLb4nQiPBp76OCNfsli-4smeD1ZYKP1Z7DRKZ5Vi0KtW9cL6UL7c4nBeb6fn4Qrt54-vdQf8EG017SjHFefxdUjKyjQjrHHZGgNOwvQKi7V6o5h5aqZbFjQPJ59JBuCC0-Ok83Fp9DwU5EZiZ\/w400-h286\/dfeb3c77-7045-4507-af82-0d7167356438.jpeg?w=840&amp;ssl=1\" alt=\"\" data-recalc-dims=\"1\" \/><\/a><\/figure>\n<figure class=\"wp-block-image\" style=\"text-align: justify;\"><a href=\"https:\/\/i0.wp.com\/blogger.googleusercontent.com\/img\/b\/R29vZ2xl\/AVvXsEi9SimYYSNFPVHTriGCNY93fG9P03Z3jSvlQlxFzAEJWdFWRXEHRtJy_hrT7H8tLkU-I0nW69UDzIfsf7v4MsudIfQxxSJ5vrLNje14w9hsZbg_YYZ6Bzen4cbHfDf37-DBoR5jqoD0AGIZuAmWY6BSeYDebvkYstZzmJIepYuPl6ahLr9z_PGS4XS09qAF\/s1280\/f5279aa1-4cae-4113-b0e3-91d45ab71093.jpeg?ssl=1\"><img decoding=\"async\" src=\"https:\/\/i0.wp.com\/blogger.googleusercontent.com\/img\/b\/R29vZ2xl\/AVvXsEi9SimYYSNFPVHTriGCNY93fG9P03Z3jSvlQlxFzAEJWdFWRXEHRtJy_hrT7H8tLkU-I0nW69UDzIfsf7v4MsudIfQxxSJ5vrLNje14w9hsZbg_YYZ6Bzen4cbHfDf37-DBoR5jqoD0AGIZuAmWY6BSeYDebvkYstZzmJIepYuPl6ahLr9z_PGS4XS09qAF\/w400-h286\/f5279aa1-4cae-4113-b0e3-91d45ab71093.jpeg?w=840&amp;ssl=1\" alt=\"\" data-recalc-dims=\"1\" \/><\/a><\/figure>\n<figure class=\"wp-block-image\" style=\"text-align: justify;\"><a href=\"https:\/\/i0.wp.com\/blogger.googleusercontent.com\/img\/b\/R29vZ2xl\/AVvXsEi96u5fFo9tAr9r7Jyoq2w7IMlX7FDqR7ZaTO-w5tgpw3eTAH4YT9yUkhs93if-SoNZ9NcdhYynmK1fVvCf8bh1PsN9HM2MfRw1cJ1Rns_JeZ9CWXRYA5breMxS8VqkLL1Io2hZ8z6fcvnJFnvUA46ng2r1Y3Ai8jpQyv4Whzw73OzwVrpOC5ZwhY6OPmjq\/s1280\/b5d7362e-3dc5-44f3-9242-00c0e27e0775.jpeg?ssl=1\"><img decoding=\"async\" src=\"https:\/\/i0.wp.com\/blogger.googleusercontent.com\/img\/b\/R29vZ2xl\/AVvXsEi96u5fFo9tAr9r7Jyoq2w7IMlX7FDqR7ZaTO-w5tgpw3eTAH4YT9yUkhs93if-SoNZ9NcdhYynmK1fVvCf8bh1PsN9HM2MfRw1cJ1Rns_JeZ9CWXRYA5breMxS8VqkLL1Io2hZ8z6fcvnJFnvUA46ng2r1Y3Ai8jpQyv4Whzw73OzwVrpOC5ZwhY6OPmjq\/w400-h286\/b5d7362e-3dc5-44f3-9242-00c0e27e0775.jpeg?w=840&amp;ssl=1\" alt=\"\" data-recalc-dims=\"1\" \/><\/a><\/figure>\n<figure class=\"wp-block-image\" style=\"text-align: justify;\"><a href=\"https:\/\/i0.wp.com\/blogger.googleusercontent.com\/img\/b\/R29vZ2xl\/AVvXsEiFVpb5jrENcbkHc7SRVnZf1rJYK9kpG6ou6bye_5a6UbC7Iwxz6DdfT3uZd3kOq-f8baC932JWm7Pue9CAaUgPxI-qTa1eDFXogSpbbAh1Vt8kAUdt-XbNBxTDETOORtb96d0K3p73IBWxE8R1ZPUk026XrbR4BBu_wTQe_fuFt_ONEK-V-4z2bMfS50vt\/s1280\/c27e5c89-9d07-4145-b708-98a4afedf24b.jpeg?ssl=1\"><img decoding=\"async\" src=\"https:\/\/i0.wp.com\/blogger.googleusercontent.com\/img\/b\/R29vZ2xl\/AVvXsEiFVpb5jrENcbkHc7SRVnZf1rJYK9kpG6ou6bye_5a6UbC7Iwxz6DdfT3uZd3kOq-f8baC932JWm7Pue9CAaUgPxI-qTa1eDFXogSpbbAh1Vt8kAUdt-XbNBxTDETOORtb96d0K3p73IBWxE8R1ZPUk026XrbR4BBu_wTQe_fuFt_ONEK-V-4z2bMfS50vt\/w400-h286\/c27e5c89-9d07-4145-b708-98a4afedf24b.jpeg?w=840&amp;ssl=1\" alt=\"\" data-recalc-dims=\"1\" \/><\/a><\/figure>\n<figure class=\"wp-block-image\" style=\"text-align: justify;\"><a href=\"https:\/\/i0.wp.com\/blogger.googleusercontent.com\/img\/b\/R29vZ2xl\/AVvXsEguH2WNexVIsDRk4QenT9ar5eunednxyUh3rkI2Mhg3QfDaOJiuR53_tzVlgBwLS6D3O7F2pZrjvOwes0TWKXhMNH3nTH49OMJMiOptpT83gHYS_hLQte2GR9NaPD9xdpKkiRKSo0AAjF29KofYG8lRe93IaKKwImoo1xlz4jB6Agx20xkDRhc6Xrm0w52r\/s1280\/1e8d3aae-f176-4f80-9ab0-ac22a7e9a65f.jpeg?ssl=1\"><img decoding=\"async\" src=\"https:\/\/i0.wp.com\/blogger.googleusercontent.com\/img\/b\/R29vZ2xl\/AVvXsEguH2WNexVIsDRk4QenT9ar5eunednxyUh3rkI2Mhg3QfDaOJiuR53_tzVlgBwLS6D3O7F2pZrjvOwes0TWKXhMNH3nTH49OMJMiOptpT83gHYS_hLQte2GR9NaPD9xdpKkiRKSo0AAjF29KofYG8lRe93IaKKwImoo1xlz4jB6Agx20xkDRhc6Xrm0w52r\/w400-h286\/1e8d3aae-f176-4f80-9ab0-ac22a7e9a65f.jpeg?w=840&amp;ssl=1\" alt=\"\" data-recalc-dims=\"1\" \/><\/a><\/figure>\n<p style=\"text-align: justify;\"><span style=\"font-size: 14pt; font-family: arial, helvetica, sans-serif;\">Houve premia\u00e7\u00e3o para os participantes colocados em 1\u00b0 ao 3\u00b0 lugar masculino e feminino geral. Tamb\u00e9m muito forr\u00f3 com Jailson Silva e Trio Macambira. O DJ Wellington Rocha, agitou o evento do come\u00e7o ao fim com aquela energia positiva na comunica\u00e7\u00e3o.<\/span><\/p>\n<p style=\"text-align: justify;\"><span style=\"font-size: 14pt; font-family: arial, helvetica, sans-serif;\">Geral Masculino:<\/span><\/p>\n<p style=\"text-align: justify;\"><span style=\"font-size: 14pt; font-family: arial, helvetica, sans-serif;\">\u00a01\u00b0 Lugar \u2013 Anderson Roberto \/ Cust\u00f3dia-PE<\/span><\/p>\n<p style=\"text-align: justify;\"><span style=\"font-size: 14pt; font-family: arial, helvetica, sans-serif;\">2\u00b0 Lugar \u2013 Julio Cesar \/ Amparo \/PB<\/span><\/p>\n<p style=\"text-align: justify;\"><span style=\"font-size: 14pt; font-family: arial, helvetica, sans-serif;\">3\u00b0 Lugar \u2013 Jos\u00e9 Robson \/ Ingazeira \/ PE.<\/span><\/p>\n<p style=\"text-align: justify;\"><span style=\"font-size: 14pt; font-family: arial, helvetica, sans-serif;\">Geral Feminino:\u00a0<\/span><\/p>\n<p style=\"text-align: justify;\"><span style=\"font-size: 14pt; font-family: arial, helvetica, sans-serif;\">1\u00b0 Lugar \u2013 Thayna de Sena \/ Afogados da Ingazeira \/ PE\u00a0<\/span><\/p>\n<p style=\"text-align: justify;\"><span style=\"font-size: 14pt; font-family: arial, helvetica, sans-serif;\">2\u00ba Lugar \u2013 Maria Isabel \/ Afogados da Ingazeira \/ PE\u00a0<\/span><\/p>\n<p style=\"text-align: justify;\"><span style=\"font-size: 14pt; font-family: arial, helvetica, sans-serif;\">3\u00ba Lugar \u2013 Sharline Dionizio \/ Afogados da Ingazeira \/ PE.<\/span><\/p>\n<p style=\"text-align: justify;\"><span style=\"font-size: 14pt; font-family: arial, helvetica, sans-serif;\">Destaque total tamb\u00e9m para o apoio do 23\u00b0 BPM (Batalh\u00e3o de Pol\u00edcia Militar) Afogados da Ingazeira\/PE, \u00a0na pessoa do Comandante Tenente Coronel Arist\u00f3teles \u00a0 Oliveira, a equipe da Secretaria Municipal de Desenvolvimento e Assist\u00eancia Social da prefeitura de Iguaracy, pelo apoio bem como a Diretoria de Esportes do munic\u00edpio.<\/span><\/p>\n<p style=\"text-align: justify;\"><span style=\"font-size: 14pt; font-family: arial, helvetica, sans-serif;\">Fotos: S\u00e9rgio Coelho.<\/span><\/p>\n","protected":false},"excerpt":{"rendered":"<p>Na manh&atilde; deste domingo 27 de julho, as ruas da cidade de Iguaracy foi palco de um grande evento esportivo e solid&aacute;rio: a Primeira Corrida de S&atilde;o Sebasti&atilde;o, que contou com a presen&ccedil;a de autoridades municipais e da regi&atilde;o do Paje&uacute;, atletas e a participa&ccedil;&atilde;o de um grande p&uacute;blico local e visitantes de v&aacute;rias cidades e estados vizinhos de Pernambuco. O prefeito do munic&iacute;pio, Dr. Pedro Alves, acompanhado do vice-prefeito Marcos Jer&ocirc;nimo (Marquinhos Melo) &mdash; que tamb&eacute;m atua como secret&aacute;rio de Administra&ccedil;&atilde;o e Desenvolvimento Econ&ocirc;mico de Iguaracy &mdash; esteve presente, refor&ccedil;ando o esp&iacute;rito de uni&atilde;o e solidariedade promovido pelo evento. &#8230; <\/p>\n<p class=\"read-more-container\"><a title=\"1\u00aa Corrida de S\u00e3o Sebasti\u00e3o em Iguaracy gerou: uni\u00e3o, sa\u00fade e solidariedade\" class=\"read-more button\" href=\"https:\/\/blogdojuniorcavalcanti.com.br\/index.php\/2025\/07\/28\/1a-corrida-de-sao-sebastiao-em-iguaracy-gerou-uniao-saude-e-solidariedade\/#more-45376\" aria-label=\"More on 1\u00aa Corrida de S\u00e3o Sebasti\u00e3o em Iguaracy gerou: uni\u00e3o, sa\u00fade e solidariedade\">Leia mais<\/a><\/p>\n","protected":false},"author":2,"featured_media":45377,"comment_status":"open","ping_status":"open","sticky":false,"template":"","format":"standard","meta":{"footnotes":""},"categories":[37],"tags":[],"class_list":["post-45376","post","type-post","status-publish","format-standard","has-post-thumbnail","hentry","category-cidades","resize-featured-image"],"_links":{"self":[{"href":"https:\/\/blogdojuniorcavalcanti.com.br\/index.php\/wp-json\/wp\/v2\/posts\/45376","targetHints":{"allow":["GET"]}}],"collection":[{"href":"https:\/\/blogdojuniorcavalcanti.com.br\/index.php\/wp-json\/wp\/v2\/posts"}],"about":[{"href":"https:\/\/blogdojuniorcavalcanti.com.br\/index.php\/wp-json\/wp\/v2\/types\/post"}],"author":[{"embeddable":true,"href":"https:\/\/blogdojuniorcavalcanti.com.br\/index.php\/wp-json\/wp\/v2\/users\/2"}],"replies":[{"embeddable":true,"href":"https:\/\/blogdojuniorcavalcanti.com.br\/index.php\/wp-json\/wp\/v2\/comments?post=45376"}],"version-history":[{"count":1,"href":"https:\/\/blogdojuniorcavalcanti.com.br\/index.php\/wp-json\/wp\/v2\/posts\/45376\/revisions"}],"predecessor-version":[{"id":45378,"href":"https:\/\/blogdojuniorcavalcanti.com.br\/index.php\/wp-json\/wp\/v2\/posts\/45376\/revisions\/45378"}],"wp:featuredmedia":[{"embeddable":true,"href":"https:\/\/blogdojuniorcavalcanti.com.br\/index.php\/wp-json\/wp\/v2\/media\/45377"}],"wp:attachment":[{"href":"https:\/\/blogdojuniorcavalcanti.com.br\/index.php\/wp-json\/wp\/v2\/media?parent=45376"}],"wp:term":[{"taxonomy":"category","embeddable":true,"href":"https:\/\/blogdojuniorcavalcanti.com.br\/index.php\/wp-json\/wp\/v2\/categories?post=45376"},{"taxonomy":"post_tag","embeddable":true,"href":"https:\/\/blogdojuniorcavalcanti.com.br\/index.php\/wp-json\/wp\/v2\/tags?post=45376"}],"curies":[{"name":"wp","href":"https:\/\/api.w.org\/{rel}","templated":true}]}}