{"id":4540,"date":"2019-06-03T15:51:04","date_gmt":"2019-06-03T18:51:04","guid":{"rendered":"http:\/\/blogdojuniorcavalcanti.com.br\/?p=4540"},"modified":"2019-06-03T15:51:04","modified_gmt":"2019-06-03T18:51:04","slug":"iii-encontro-cultural-do-samba-de-coco-irmas-lopes-acontece-em-arcoverde","status":"publish","type":"post","link":"https:\/\/blogdojuniorcavalcanti.com.br\/index.php\/2019\/06\/03\/iii-encontro-cultural-do-samba-de-coco-irmas-lopes-acontece-em-arcoverde\/","title":{"rendered":"III Encontro Cultural do Samba de Coco Irm\u00e3s Lopes acontece em Arcoverde"},"content":{"rendered":"<p style=\"text-align: justify;\"><span style=\"font-size: 14pt;\"><img fetchpriority=\"high\" decoding=\"async\" class=\"alignleft size-medium wp-image-151638\" src=\"https:\/\/i1.wp.com\/nilljunior.com.br\/wp-content\/uploads\/2019\/06\/14470716186_56f9971b39_b.jpg?resize=300%2C199\" sizes=\"(max-width: 300px) 100vw, 300px\" srcset=\"https:\/\/i1.wp.com\/nilljunior.com.br\/wp-content\/uploads\/2019\/06\/14470716186_56f9971b39_b.jpg?resize=300%2C199 300w, https:\/\/i1.wp.com\/nilljunior.com.br\/wp-content\/uploads\/2019\/06\/14470716186_56f9971b39_b.jpg?resize=150%2C100 150w, https:\/\/i1.wp.com\/nilljunior.com.br\/wp-content\/uploads\/2019\/06\/14470716186_56f9971b39_b.jpg?resize=768%2C510 768w, https:\/\/i1.wp.com\/nilljunior.com.br\/wp-content\/uploads\/2019\/06\/14470716186_56f9971b39_b.jpg?resize=600%2C398 600w, https:\/\/i1.wp.com\/nilljunior.com.br\/wp-content\/uploads\/2019\/06\/14470716186_56f9971b39_b.jpg?w=1024 1024w\" alt=\"\" width=\"300\" height=\"199\" data-attachment-id=\"151638\" data-permalink=\"http:\/\/nilljunior.com.br\/iii-encontro-cultural-do-samba-de-coco-irmas-lopes-acontece-em-arcoverde\/14470716186_56f9971b39_b\/\" data-orig-file=\"https:\/\/i1.wp.com\/nilljunior.com.br\/wp-content\/uploads\/2019\/06\/14470716186_56f9971b39_b.jpg?fit=1024%2C680\" data-orig-size=\"1024,680\" data-comments-opened=\"1\" data-image-meta=\"{&quot;aperture&quot;:&quot;0&quot;,&quot;credit&quot;:&quot;&quot;,&quot;camera&quot;:&quot;NIKON D90&quot;,&quot;caption&quot;:&quot;&quot;,&quot;created_timestamp&quot;:&quot;1403554244&quot;,&quot;copyright&quot;:&quot;&quot;,&quot;focal_length&quot;:&quot;18&quot;,&quot;iso&quot;:&quot;1600&quot;,&quot;shutter_speed&quot;:&quot;0.01&quot;,&quot;title&quot;:&quot;&quot;,&quot;orientation&quot;:&quot;0&quot;}\" data-image-title=\"14470716186_56f9971b39_b\" data-image-description=\"\" data-medium-file=\"https:\/\/i1.wp.com\/nilljunior.com.br\/wp-content\/uploads\/2019\/06\/14470716186_56f9971b39_b.jpg?fit=300%2C199\" data-large-file=\"https:\/\/i1.wp.com\/nilljunior.com.br\/wp-content\/uploads\/2019\/06\/14470716186_56f9971b39_b.jpg?fit=600%2C398\" \/><span style=\"font-family: arial, helvetica, sans-serif;\">A Associa\u00e7\u00e3o Cultural Samba de Coco das Irm\u00e3s Lopes realiza no pr\u00f3ximo dia 08 de junho, a terceira o III Encontro Cultural do Samba de Coco Irm\u00e3s Lopes.<\/span><\/span><\/p>\n<p style=\"text-align: justify;\"><span style=\"font-size: 14pt; font-family: arial, helvetica, sans-serif;\">O evento acontece na Pra\u00e7a da Cohab 01 em Arcoverde e vai reunir nomes da cultura arcoverdense e estadual como Coco da Barriguda, Radiola Serra Alta, Alexandre Revoredo, Poesia de Cabe\u00e7a, os grupos de samba de coco da cidade e muito mais.<\/span><\/p>\n<p style=\"text-align: justify;\"><span style=\"font-size: 14pt; font-family: arial, helvetica, sans-serif;\">As a\u00e7\u00f5es de prepara\u00e7\u00e3o para o evento come\u00e7a, j\u00e1 no dia 06 de junho, com o pr\u00e9 encontro com o Encontro de Produtores com o tema \u201cDi\u00e1logo sobre produ\u00e7\u00e3o cultural independente\/sustentabilidade\u201d, que ser\u00e1 mediado por Amanda Lopes, no\u00a0Museu Ivo Lopes, das\u00a019h \u00e0s 21h. \u00a0No s\u00e1bado, dia 08 de junho, o evento come\u00e7a \u00e0s 17h e segue at\u00e9 as 02h do domingo.<\/span><\/p>\n","protected":false},"excerpt":{"rendered":"<p>A Associa&ccedil;&atilde;o Cultural Samba de Coco das Irm&atilde;s Lopes realiza no pr&oacute;ximo dia 08 de junho, a terceira o III Encontro Cultural do Samba de Coco Irm&atilde;s Lopes. O evento acontece na Pra&ccedil;a da Cohab 01 em Arcoverde e vai reunir nomes da cultura arcoverdense e estadual como Coco da Barriguda, Radiola Serra Alta, Alexandre Revoredo, Poesia de Cabe&ccedil;a, os grupos de samba de coco da cidade e muito mais. As a&ccedil;&otilde;es de prepara&ccedil;&atilde;o para o evento come&ccedil;a, j&aacute; no dia 06 de junho, com o pr&eacute; encontro com o Encontro de Produtores com o tema &ldquo;Di&aacute;logo sobre produ&ccedil;&atilde;o cultural &#8230; <\/p>\n<p class=\"read-more-container\"><a title=\"III Encontro Cultural do Samba de Coco Irm\u00e3s Lopes acontece em Arcoverde\" class=\"read-more button\" href=\"https:\/\/blogdojuniorcavalcanti.com.br\/index.php\/2019\/06\/03\/iii-encontro-cultural-do-samba-de-coco-irmas-lopes-acontece-em-arcoverde\/#more-4540\" aria-label=\"More on III Encontro Cultural do Samba de Coco Irm\u00e3s Lopes acontece em Arcoverde\">Leia mais<\/a><\/p>\n","protected":false},"author":2,"featured_media":0,"comment_status":"open","ping_status":"open","sticky":false,"template":"","format":"standard","meta":{"footnotes":""},"categories":[1],"tags":[],"class_list":["post-4540","post","type-post","status-publish","format-standard","hentry","category-sem-categoria"],"_links":{"self":[{"href":"https:\/\/blogdojuniorcavalcanti.com.br\/index.php\/wp-json\/wp\/v2\/posts\/4540","targetHints":{"allow":["GET"]}}],"collection":[{"href":"https:\/\/blogdojuniorcavalcanti.com.br\/index.php\/wp-json\/wp\/v2\/posts"}],"about":[{"href":"https:\/\/blogdojuniorcavalcanti.com.br\/index.php\/wp-json\/wp\/v2\/types\/post"}],"author":[{"embeddable":true,"href":"https:\/\/blogdojuniorcavalcanti.com.br\/index.php\/wp-json\/wp\/v2\/users\/2"}],"replies":[{"embeddable":true,"href":"https:\/\/blogdojuniorcavalcanti.com.br\/index.php\/wp-json\/wp\/v2\/comments?post=4540"}],"version-history":[{"count":1,"href":"https:\/\/blogdojuniorcavalcanti.com.br\/index.php\/wp-json\/wp\/v2\/posts\/4540\/revisions"}],"predecessor-version":[{"id":4541,"href":"https:\/\/blogdojuniorcavalcanti.com.br\/index.php\/wp-json\/wp\/v2\/posts\/4540\/revisions\/4541"}],"wp:attachment":[{"href":"https:\/\/blogdojuniorcavalcanti.com.br\/index.php\/wp-json\/wp\/v2\/media?parent=4540"}],"wp:term":[{"taxonomy":"category","embeddable":true,"href":"https:\/\/blogdojuniorcavalcanti.com.br\/index.php\/wp-json\/wp\/v2\/categories?post=4540"},{"taxonomy":"post_tag","embeddable":true,"href":"https:\/\/blogdojuniorcavalcanti.com.br\/index.php\/wp-json\/wp\/v2\/tags?post=4540"}],"curies":[{"name":"wp","href":"https:\/\/api.w.org\/{rel}","templated":true}]}}