{"id":45624,"date":"2025-08-01T01:00:16","date_gmt":"2025-08-01T04:00:16","guid":{"rendered":"https:\/\/blogdojuniorcavalcanti.com.br\/?p=45624"},"modified":"2025-07-31T18:28:38","modified_gmt":"2025-07-31T21:28:38","slug":"prefeito-zeca-cavalcanti-envia-projeto-de-lei-para-isentar-3-157-familias-da-contribuicao-de-iluminacao-publica-em-arcoverde","status":"publish","type":"post","link":"https:\/\/blogdojuniorcavalcanti.com.br\/index.php\/2025\/08\/01\/prefeito-zeca-cavalcanti-envia-projeto-de-lei-para-isentar-3-157-familias-da-contribuicao-de-iluminacao-publica-em-arcoverde\/","title":{"rendered":"Prefeito Zeca Cavalcanti envia Projeto de Lei para isentar 3.157 fam\u00edlias da Contribui\u00e7\u00e3o de Ilumina\u00e7\u00e3o P\u00fablica em Arcoverde"},"content":{"rendered":"<p style=\"text-align: justify;\"><span style=\"font-size: 14pt; font-family: arial, helvetica, sans-serif;\">A Prefeitura de Arcoverde, por meio do prefeito Zeca Cavalcanti, encaminhou \u00e0 C\u00e2mara de Vereadores, em regime de urg\u00eancia, um projeto de lei que prev\u00ea a isen\u00e7\u00e3o da Contribui\u00e7\u00e3o de Ilumina\u00e7\u00e3o P\u00fablica (CIP) para 3.157 fam\u00edlias cadastradas na Tarifa Social de Energia El\u00e9trica e com consumo de at\u00e9 80 kWh. <\/span><\/p>\n<p style=\"text-align: justify;\"><span style=\"font-size: 14pt; font-family: arial, helvetica, sans-serif;\">A proposta, se aprovada, representar\u00e1 um al\u00edvio direto no or\u00e7amento das fam\u00edlias em situa\u00e7\u00e3o de vulnerabilidade e refor\u00e7a o compromisso da atual gest\u00e3o com pol\u00edticas sociais voltadas para quem mais precisa.<\/span><\/p>\n<p style=\"text-align: justify;\">\n<span style=\"font-size: 14pt; font-family: arial, helvetica, sans-serif;\">A proposta garante que a isen\u00e7\u00e3o ser\u00e1 aplicada automaticamente, sem necessidade de solicita\u00e7\u00e3o por parte dos usu\u00e1rios, gra\u00e7as \u00e0 integra\u00e7\u00e3o de dados entre a Neoenergia e a Prefeitura. \u201cEstamos cuidando das fam\u00edlias que mais precisam, garantindo mais dignidade e justi\u00e7a social. Essa \u00e9 a marca do nosso governo: responsabilidade e sensibilidade com quem mais necessita de apoio\u201d, destacou o prefeito Zeca Cavalcanti.<\/span><\/p>\n<p style=\"text-align: justify;\">\n<span style=\"font-size: 14pt; font-family: arial, helvetica, sans-serif;\">Al\u00e9m da isen\u00e7\u00e3o, o prefeito anunciou a instala\u00e7\u00e3o de mais 600 novos pontos de ilumina\u00e7\u00e3o p\u00fablica em diversos bairros e comunidades, resultado de acordo firmado com a Neoenergia, que quitou todas as d\u00edvidas herdadas das gest\u00f5es anteriores. \u201cZeramos todas as d\u00edvidas deixadas por governos passados. Com responsabilidade e compromisso, seguimos trabalhando para transformar a vida do nosso povo\u201d, enfatizou.<\/span><\/p>\n<p style=\"text-align: justify;\">\n<span style=\"font-size: 14pt; font-family: arial, helvetica, sans-serif;\">A iniciativa soma-se a uma s\u00e9rie de investimentos da atual gest\u00e3o em infraestrutura, assist\u00eancia social e melhoria dos servi\u00e7os p\u00fablicos, reafirmando que Arcoverde segue avan\u00e7ando com uma administra\u00e7\u00e3o comprometida com justi\u00e7a social e desenvolvimento.<\/span><\/p>\n","protected":false},"excerpt":{"rendered":"<p>A Prefeitura de Arcoverde, por meio do prefeito Zeca Cavalcanti, encaminhou &agrave; C&acirc;mara de Vereadores, em regime de urg&ecirc;ncia, um projeto de lei que prev&ecirc; a isen&ccedil;&atilde;o da Contribui&ccedil;&atilde;o de Ilumina&ccedil;&atilde;o P&uacute;blica (CIP) para 3.157 fam&iacute;lias cadastradas na Tarifa Social de Energia El&eacute;trica e com consumo de at&eacute; 80 kWh. A proposta, se aprovada, representar&aacute; um al&iacute;vio direto no or&ccedil;amento das fam&iacute;lias em situa&ccedil;&atilde;o de vulnerabilidade e refor&ccedil;a o compromisso da atual gest&atilde;o com pol&iacute;ticas sociais voltadas para quem mais precisa. A proposta garante que a isen&ccedil;&atilde;o ser&aacute; aplicada automaticamente, sem necessidade de solicita&ccedil;&atilde;o por parte dos usu&aacute;rios, gra&ccedil;as &agrave; &#8230; <\/p>\n<p class=\"read-more-container\"><a title=\"Prefeito Zeca Cavalcanti envia Projeto de Lei para isentar 3.157 fam\u00edlias da Contribui\u00e7\u00e3o de Ilumina\u00e7\u00e3o P\u00fablica em Arcoverde\" class=\"read-more button\" href=\"https:\/\/blogdojuniorcavalcanti.com.br\/index.php\/2025\/08\/01\/prefeito-zeca-cavalcanti-envia-projeto-de-lei-para-isentar-3-157-familias-da-contribuicao-de-iluminacao-publica-em-arcoverde\/#more-45624\" aria-label=\"More on Prefeito Zeca Cavalcanti envia Projeto de Lei para isentar 3.157 fam\u00edlias da Contribui\u00e7\u00e3o de Ilumina\u00e7\u00e3o P\u00fablica em Arcoverde\">Leia mais<\/a><\/p>\n","protected":false},"author":2,"featured_media":45625,"comment_status":"open","ping_status":"open","sticky":false,"template":"","format":"standard","meta":{"footnotes":""},"categories":[25],"tags":[],"class_list":["post-45624","post","type-post","status-publish","format-standard","has-post-thumbnail","hentry","category-destaque","resize-featured-image"],"_links":{"self":[{"href":"https:\/\/blogdojuniorcavalcanti.com.br\/index.php\/wp-json\/wp\/v2\/posts\/45624","targetHints":{"allow":["GET"]}}],"collection":[{"href":"https:\/\/blogdojuniorcavalcanti.com.br\/index.php\/wp-json\/wp\/v2\/posts"}],"about":[{"href":"https:\/\/blogdojuniorcavalcanti.com.br\/index.php\/wp-json\/wp\/v2\/types\/post"}],"author":[{"embeddable":true,"href":"https:\/\/blogdojuniorcavalcanti.com.br\/index.php\/wp-json\/wp\/v2\/users\/2"}],"replies":[{"embeddable":true,"href":"https:\/\/blogdojuniorcavalcanti.com.br\/index.php\/wp-json\/wp\/v2\/comments?post=45624"}],"version-history":[{"count":1,"href":"https:\/\/blogdojuniorcavalcanti.com.br\/index.php\/wp-json\/wp\/v2\/posts\/45624\/revisions"}],"predecessor-version":[{"id":45626,"href":"https:\/\/blogdojuniorcavalcanti.com.br\/index.php\/wp-json\/wp\/v2\/posts\/45624\/revisions\/45626"}],"wp:featuredmedia":[{"embeddable":true,"href":"https:\/\/blogdojuniorcavalcanti.com.br\/index.php\/wp-json\/wp\/v2\/media\/45625"}],"wp:attachment":[{"href":"https:\/\/blogdojuniorcavalcanti.com.br\/index.php\/wp-json\/wp\/v2\/media?parent=45624"}],"wp:term":[{"taxonomy":"category","embeddable":true,"href":"https:\/\/blogdojuniorcavalcanti.com.br\/index.php\/wp-json\/wp\/v2\/categories?post=45624"},{"taxonomy":"post_tag","embeddable":true,"href":"https:\/\/blogdojuniorcavalcanti.com.br\/index.php\/wp-json\/wp\/v2\/tags?post=45624"}],"curies":[{"name":"wp","href":"https:\/\/api.w.org\/{rel}","templated":true}]}}