{"id":4566,"date":"2019-06-05T13:15:45","date_gmt":"2019-06-05T16:15:45","guid":{"rendered":"http:\/\/blogdojuniorcavalcanti.com.br\/?p=4566"},"modified":"2019-06-05T13:15:45","modified_gmt":"2019-06-05T16:15:45","slug":"com-mesmo-apoio-do-ano-anterior-expoagro-deve-ser-anunciada-ate-dia-12-diz-secretario","status":"publish","type":"post","link":"https:\/\/blogdojuniorcavalcanti.com.br\/index.php\/2019\/06\/05\/com-mesmo-apoio-do-ano-anterior-expoagro-deve-ser-anunciada-ate-dia-12-diz-secretario\/","title":{"rendered":"Com mesmo apoio do ano anterior, Expoagro deve ser anunciada at\u00e9 dia 12, diz Secret\u00e1rio"},"content":{"rendered":"<p style=\"text-align: justify;\"><span style=\"font-size: 14pt;\"><img fetchpriority=\"high\" decoding=\"async\" class=\"alignleft size-medium wp-image-151703\" src=\"https:\/\/i2.wp.com\/nilljunior.com.br\/wp-content\/uploads\/2019\/06\/IMG_2324.jpg?resize=300%2C200\" sizes=\"(max-width: 300px) 100vw, 300px\" srcset=\"https:\/\/i2.wp.com\/nilljunior.com.br\/wp-content\/uploads\/2019\/06\/IMG_2324.jpg?resize=300%2C200 300w, https:\/\/i2.wp.com\/nilljunior.com.br\/wp-content\/uploads\/2019\/06\/IMG_2324.jpg?resize=150%2C100 150w, https:\/\/i2.wp.com\/nilljunior.com.br\/wp-content\/uploads\/2019\/06\/IMG_2324.jpg?w=400 400w\" alt=\"\" width=\"300\" height=\"200\" data-attachment-id=\"151703\" data-permalink=\"http:\/\/nilljunior.com.br\/15a-expoagro-tera-tres-dias-de-atracoes-uma-com-nome-nacional-em-afogados\/img_2324-2\/\" data-orig-file=\"https:\/\/i2.wp.com\/nilljunior.com.br\/wp-content\/uploads\/2019\/06\/IMG_2324.jpg?fit=400%2C266\" data-orig-size=\"400,266\" data-comments-opened=\"1\" data-image-meta=\"{&quot;aperture&quot;:&quot;0&quot;,&quot;credit&quot;:&quot;&quot;,&quot;camera&quot;:&quot;&quot;,&quot;caption&quot;:&quot;&quot;,&quot;created_timestamp&quot;:&quot;0&quot;,&quot;copyright&quot;:&quot;&quot;,&quot;focal_length&quot;:&quot;0&quot;,&quot;iso&quot;:&quot;0&quot;,&quot;shutter_speed&quot;:&quot;0&quot;,&quot;title&quot;:&quot;&quot;,&quot;orientation&quot;:&quot;0&quot;}\" data-image-title=\"IMG_2324\" data-image-description=\"\" data-medium-file=\"https:\/\/i2.wp.com\/nilljunior.com.br\/wp-content\/uploads\/2019\/06\/IMG_2324.jpg?fit=300%2C200\" data-large-file=\"https:\/\/i2.wp.com\/nilljunior.com.br\/wp-content\/uploads\/2019\/06\/IMG_2324.jpg?fit=400%2C266\" \/><span style=\"font-family: arial, helvetica, sans-serif;\">Por Anchieta Santos<\/span><\/span><\/p>\n<p style=\"text-align: justify;\"><span style=\"font-size: 14pt; font-family: arial, helvetica, sans-serif;\">Com a proximidade da Festa de Emancipa\u00e7\u00e3o de Afogados da Ingazeira e a Expoagro, aumenta a expectativa para a oficializa\u00e7\u00e3o da programa\u00e7\u00e3o por parte da Prefeitura da cidade. Durante entrevista ao Programa institucional o Secret\u00e1rio de Cultura Edgar Santos deu a not\u00edcia de que o Prefeito Jos\u00e9 Patriota conseguiu do Governador Paulo C\u00e2mara a mesma ajuda dispensada no ano de 2018.<\/span><\/p>\n<p style=\"text-align: justify;\"><span style=\"font-size: 14pt; font-family: arial, helvetica, sans-serif;\">Assim aumenta a possibilidade de que em 2019 teremos atra\u00e7\u00e3o gospel, um bom nome da MPB, boas atra\u00e7\u00f5es de forr\u00f3 e um nome nacional sertanejo. J\u00e1 est\u00e1 definido que a abertura da Expoagro ser\u00e1 no dia 27, com a atra\u00e7\u00e3o Gospel dia 28 e as demais atra\u00e7\u00f5es at\u00e9 o dia 1\u00ba de julho.<\/span><\/p>\n<p style=\"text-align: justify;\"><span style=\"font-size: 14pt; font-family: arial, helvetica, sans-serif;\">Na programa\u00e7\u00e3o junina, dia 09 de junho, haver\u00e1 Concurso de Quadrilhas \u00a0Matutas na Pra\u00e7a Arruda C\u00e2mara. De 10 a 15 o Arraial no Meu Bairro. Dia 16, Concurso de Quadrilhas Estilizadas no Centro Desportivo. No dia 24 de junho tem o cantor Valdinho Paes na Pra\u00e7a de Alimenta\u00e7\u00e3o. Edgar acredita que at\u00e9 o dia 12 o Prefeito Patriota anunciar\u00e1 a programa\u00e7\u00e3o da Expoagro e Emancipa\u00e7\u00e3o 2019.<\/span><\/p>\n","protected":false},"excerpt":{"rendered":"<p>Por Anchieta Santos Com a proximidade da Festa de Emancipa&ccedil;&atilde;o de Afogados da Ingazeira e a Expoagro, aumenta a expectativa para a oficializa&ccedil;&atilde;o da programa&ccedil;&atilde;o por parte da Prefeitura da cidade. Durante entrevista ao Programa institucional o Secret&aacute;rio de Cultura Edgar Santos deu a not&iacute;cia de que o Prefeito Jos&eacute; Patriota conseguiu do Governador Paulo C&acirc;mara a mesma ajuda dispensada no ano de 2018. Assim aumenta a possibilidade de que em 2019 teremos atra&ccedil;&atilde;o gospel, um bom nome da MPB, boas atra&ccedil;&otilde;es de forr&oacute; e um nome nacional sertanejo. J&aacute; est&aacute; definido que a abertura da Expoagro ser&aacute; no dia &#8230; <\/p>\n<p class=\"read-more-container\"><a title=\"Com mesmo apoio do ano anterior, Expoagro deve ser anunciada at\u00e9 dia 12, diz Secret\u00e1rio\" class=\"read-more button\" href=\"https:\/\/blogdojuniorcavalcanti.com.br\/index.php\/2019\/06\/05\/com-mesmo-apoio-do-ano-anterior-expoagro-deve-ser-anunciada-ate-dia-12-diz-secretario\/#more-4566\" aria-label=\"More on Com mesmo apoio do ano anterior, Expoagro deve ser anunciada at\u00e9 dia 12, diz Secret\u00e1rio\">Leia mais<\/a><\/p>\n","protected":false},"author":2,"featured_media":0,"comment_status":"open","ping_status":"open","sticky":false,"template":"","format":"standard","meta":{"footnotes":""},"categories":[1],"tags":[],"class_list":["post-4566","post","type-post","status-publish","format-standard","hentry","category-sem-categoria"],"_links":{"self":[{"href":"https:\/\/blogdojuniorcavalcanti.com.br\/index.php\/wp-json\/wp\/v2\/posts\/4566","targetHints":{"allow":["GET"]}}],"collection":[{"href":"https:\/\/blogdojuniorcavalcanti.com.br\/index.php\/wp-json\/wp\/v2\/posts"}],"about":[{"href":"https:\/\/blogdojuniorcavalcanti.com.br\/index.php\/wp-json\/wp\/v2\/types\/post"}],"author":[{"embeddable":true,"href":"https:\/\/blogdojuniorcavalcanti.com.br\/index.php\/wp-json\/wp\/v2\/users\/2"}],"replies":[{"embeddable":true,"href":"https:\/\/blogdojuniorcavalcanti.com.br\/index.php\/wp-json\/wp\/v2\/comments?post=4566"}],"version-history":[{"count":1,"href":"https:\/\/blogdojuniorcavalcanti.com.br\/index.php\/wp-json\/wp\/v2\/posts\/4566\/revisions"}],"predecessor-version":[{"id":4567,"href":"https:\/\/blogdojuniorcavalcanti.com.br\/index.php\/wp-json\/wp\/v2\/posts\/4566\/revisions\/4567"}],"wp:attachment":[{"href":"https:\/\/blogdojuniorcavalcanti.com.br\/index.php\/wp-json\/wp\/v2\/media?parent=4566"}],"wp:term":[{"taxonomy":"category","embeddable":true,"href":"https:\/\/blogdojuniorcavalcanti.com.br\/index.php\/wp-json\/wp\/v2\/categories?post=4566"},{"taxonomy":"post_tag","embeddable":true,"href":"https:\/\/blogdojuniorcavalcanti.com.br\/index.php\/wp-json\/wp\/v2\/tags?post=4566"}],"curies":[{"name":"wp","href":"https:\/\/api.w.org\/{rel}","templated":true}]}}