{"id":46259,"date":"2025-08-15T05:53:39","date_gmt":"2025-08-15T08:53:39","guid":{"rendered":"https:\/\/blogdojuniorcavalcanti.com.br\/?p=46259"},"modified":"2025-08-15T05:53:39","modified_gmt":"2025-08-15T08:53:39","slug":"em-poucas-horas-santa-cruz-vende-15-mil-ingressos-para-jogo-contra-o-altos","status":"publish","type":"post","link":"https:\/\/blogdojuniorcavalcanti.com.br\/index.php\/2025\/08\/15\/em-poucas-horas-santa-cruz-vende-15-mil-ingressos-para-jogo-contra-o-altos\/","title":{"rendered":"Em poucas horas, Santa Cruz vende 15 mil ingressos para jogo contra o Altos"},"content":{"rendered":"<p style=\"text-align: justify;\"><span style=\"font-size: 14pt; font-family: arial, helvetica, sans-serif;\">Torcida do Santa Cruz na Arena (Rafael Vieira\/DP)<\/span><\/p>\n<p style=\"text-align: justify;\"><span style=\"font-size: 14pt; font-family: arial, helvetica, sans-serif;\">A torcida do Santa Cruz mostrou que n\u00e3o vai ser o dia do jogo que vai atrapalhar a sua presen\u00e7a no est\u00e1dio. Em poucas horas, 15 mil bilhetes j\u00e1 foram vendidos para o jogo contra o Altos (PI),\u00a0pelas oitavas de final da S\u00e9rie D do Campeonato Brasileiro.<\/span><\/p>\n<p style=\"text-align: justify;\"><span style=\"font-size: 14pt; font-family: arial, helvetica, sans-serif;\">O duelo est\u00e1 confirmado para a segunda-feira (18), \u00e0s 20h30, na Arena de Pernambuco, S\u00e3o Louren\u00e7o da Mata, mesmo com o Governo de Pernambuco garantindo policiamento para que o jogo fosse realizado no domingo, \u00e0s 16h.\u00a0\u00a0<\/span><\/p>\n<p style=\"text-align: justify;\"><span style=\"font-size: 14pt; font-family: arial, helvetica, sans-serif;\">No entanto, a Confedera\u00e7\u00e3o Brasileira de Futebol (CBF) confirmou o jogo para a noite de segunda. Mesmo com cr\u00edticas por parte da torcida sobre a decis\u00e3o, a expectativa da diretoria do Santa Cruz \u00e9 de est\u00e1dio cheio.\u00a0A Arena de Pernambuco tem capacidade para 45.440 torcedores.<\/span><\/p>\n<p class=\"texto\" style=\"text-align: justify;\"><span style=\"font-size: 14pt; font-family: arial, helvetica, sans-serif;\">A\u00a0venda de ingressos acontece exclusivamente pela internet, por meio da plataforma\u00a0<a href=\"https:\/\/www.futebolcard.com\/information?event=25901\"><strong>FutebolCard<\/strong><\/a>.\u00a0O confronto da volta acontecer\u00e1 no dia 24 de agosto, em Teresina. Conforme regulamento da S\u00e9rie D, o Altos decidir\u00e1 a classifica\u00e7\u00e3o em casa por ter feito melhor campanha na primeira fase.\u00a0<\/span><\/p>\n<p class=\"texto\" style=\"text-align: justify;\"><span style=\"font-size: 14pt; font-family: arial, helvetica, sans-serif;\"><strong>Confira os pre\u00e7os dos ingressos:<\/strong><\/span><\/p>\n<p style=\"text-align: justify;\"><span style=\"font-size: 14pt; font-family: arial, helvetica, sans-serif;\">Leste Superior: R$ 20 (em todos os setores)<\/span><br \/>\n<span style=\"font-size: 14pt; font-family: arial, helvetica, sans-serif;\">Leste inferior: R$ 60 (inteira) e R$ 30 (meia-entrada)<\/span><br \/>\n<span style=\"font-size: 14pt; font-family: arial, helvetica, sans-serif;\">Norte e Sul Inferior: R$ 25 (pre\u00e7o \u00fanico)<\/span><br \/>\n<span style=\"font-size: 14pt; font-family: arial, helvetica, sans-serif;\">Oeste Premium: R$ 60 e R$ 120<\/span><\/p>\n","protected":false},"excerpt":{"rendered":"<p>Torcida do Santa Cruz na Arena (Rafael Vieira\/DP) A torcida do Santa Cruz mostrou que n&atilde;o vai ser o dia do jogo que vai atrapalhar a sua presen&ccedil;a no est&aacute;dio. Em poucas horas, 15 mil bilhetes j&aacute; foram vendidos para o jogo contra o Altos (PI),&nbsp;pelas oitavas de final da S&eacute;rie D do Campeonato Brasileiro. O duelo est&aacute; confirmado para a segunda-feira (18), &agrave;s 20h30, na Arena de Pernambuco, S&atilde;o Louren&ccedil;o da Mata, mesmo com o Governo de Pernambuco garantindo policiamento para que o jogo fosse realizado no domingo, &agrave;s 16h.&nbsp;&nbsp; No entanto, a Confedera&ccedil;&atilde;o Brasileira de Futebol (CBF) confirmou &#8230; <\/p>\n<p class=\"read-more-container\"><a title=\"Em poucas horas, Santa Cruz vende 15 mil ingressos para jogo contra o Altos\" class=\"read-more button\" href=\"https:\/\/blogdojuniorcavalcanti.com.br\/index.php\/2025\/08\/15\/em-poucas-horas-santa-cruz-vende-15-mil-ingressos-para-jogo-contra-o-altos\/#more-46259\" aria-label=\"More on Em poucas horas, Santa Cruz vende 15 mil ingressos para jogo contra o Altos\">Leia mais<\/a><\/p>\n","protected":false},"author":2,"featured_media":46260,"comment_status":"open","ping_status":"open","sticky":false,"template":"","format":"standard","meta":{"footnotes":""},"categories":[31],"tags":[],"class_list":["post-46259","post","type-post","status-publish","format-standard","has-post-thumbnail","hentry","category-esportes","resize-featured-image"],"_links":{"self":[{"href":"https:\/\/blogdojuniorcavalcanti.com.br\/index.php\/wp-json\/wp\/v2\/posts\/46259","targetHints":{"allow":["GET"]}}],"collection":[{"href":"https:\/\/blogdojuniorcavalcanti.com.br\/index.php\/wp-json\/wp\/v2\/posts"}],"about":[{"href":"https:\/\/blogdojuniorcavalcanti.com.br\/index.php\/wp-json\/wp\/v2\/types\/post"}],"author":[{"embeddable":true,"href":"https:\/\/blogdojuniorcavalcanti.com.br\/index.php\/wp-json\/wp\/v2\/users\/2"}],"replies":[{"embeddable":true,"href":"https:\/\/blogdojuniorcavalcanti.com.br\/index.php\/wp-json\/wp\/v2\/comments?post=46259"}],"version-history":[{"count":1,"href":"https:\/\/blogdojuniorcavalcanti.com.br\/index.php\/wp-json\/wp\/v2\/posts\/46259\/revisions"}],"predecessor-version":[{"id":46261,"href":"https:\/\/blogdojuniorcavalcanti.com.br\/index.php\/wp-json\/wp\/v2\/posts\/46259\/revisions\/46261"}],"wp:featuredmedia":[{"embeddable":true,"href":"https:\/\/blogdojuniorcavalcanti.com.br\/index.php\/wp-json\/wp\/v2\/media\/46260"}],"wp:attachment":[{"href":"https:\/\/blogdojuniorcavalcanti.com.br\/index.php\/wp-json\/wp\/v2\/media?parent=46259"}],"wp:term":[{"taxonomy":"category","embeddable":true,"href":"https:\/\/blogdojuniorcavalcanti.com.br\/index.php\/wp-json\/wp\/v2\/categories?post=46259"},{"taxonomy":"post_tag","embeddable":true,"href":"https:\/\/blogdojuniorcavalcanti.com.br\/index.php\/wp-json\/wp\/v2\/tags?post=46259"}],"curies":[{"name":"wp","href":"https:\/\/api.w.org\/{rel}","templated":true}]}}