{"id":46344,"date":"2025-08-17T09:35:35","date_gmt":"2025-08-17T12:35:35","guid":{"rendered":"https:\/\/blogdojuniorcavalcanti.com.br\/?p=46344"},"modified":"2025-08-17T09:35:35","modified_gmt":"2025-08-17T12:35:35","slug":"michelle-chama-lula-de-pinguco-e-acusa-presidente-de-provocar-sancoes","status":"publish","type":"post","link":"https:\/\/blogdojuniorcavalcanti.com.br\/index.php\/2025\/08\/17\/michelle-chama-lula-de-pinguco-e-acusa-presidente-de-provocar-sancoes\/","title":{"rendered":"Michelle chama Lula de \u201cpingu\u00e7o\u201d e acusa presidente de provocar san\u00e7\u00f5es"},"content":{"rendered":"<p style=\"text-align: justify;\"><span style=\"font-size: 14pt; font-family: arial, helvetica, sans-serif;\"><strong>CNN<\/strong><\/span><\/p>\n<p style=\"text-align: justify;\"><span style=\"font-size: 14pt; font-family: arial, helvetica, sans-serif;\">A<strong class=\"group-[.isActiveSource]:text-xl group-[.isActiveSource]:font-bold\">\u00a0ex-primeira-dama Michelle Bolsonaro (PL),<\/strong>\u00a0presidente do PL Mulher, acusou neste s\u00e1bado (16) o presidente<strong class=\"group-[.isActiveSource]:text-xl group-[.isActiveSource]:font-bold\">\u00a0Luiz In\u00e1cio Lula da Silva (PT)<\/strong>\u00a0de ter provocado as\u00a0<strong class=\"group-[.isActiveSource]:text-xl group-[.isActiveSource]:font-bold\">tarifas impostas pelos Estados Unidos<\/strong>\u00a0a parte dos produtos importados pelo pa\u00eds do Brasil. De acordo com ela, o chefe do Executivo \u201cprovoca\u201d os EUA para que a fam\u00edlia Bolsonaro \u201creceba a culpa\u201d.<\/span><\/p>\n<p class=\"my-5 break-words group-[.isActiveSource]:text-xl\" style=\"text-align: justify;\"><span style=\"font-size: 14pt; font-family: arial, helvetica, sans-serif;\">\u201cN\u00e3o tem como levar a s\u00e9rio o l\u00edder de uma na\u00e7\u00e3o de mais de 213 milh\u00f5es de habitantes ironizar, criticar, uma pot\u00eancia como \u00e9 os EUA\u201d, afirmou Michelle durante evento do PL Mulher em Natal, no Rio Grande do Norte.<\/span><\/p>\n<p class=\"my-5 break-words group-[.isActiveSource]:text-xl\" style=\"text-align: justify;\"><span style=\"font-size: 14pt; font-family: arial, helvetica, sans-serif;\">\u201cUma diplomacia nanica, irrespons\u00e1vel. Foi oferecer jabuticaba pro Trump, agora estamos colhendo abacaxis.\u00a0<strong class=\"group-[.isActiveSource]:text-xl group-[.isActiveSource]:font-bold\">Fica provocando para que a gente receba san\u00e7\u00f5es para que a culpa ficar na nossa fam\u00edlia.<\/strong>\u00a0Sabe o que acontece quando voc\u00ea faz isso? San\u00e7\u00f5es s\u00e3o para pa\u00edses que est\u00e3o prestes a perder a sua liberdade. S\u00e3o para pa\u00edses ditadores.\u201d<\/span><\/p>\n<p class=\"my-5 break-words group-[.isActiveSource]:text-xl\" style=\"text-align: justify;\"><span style=\"font-size: 14pt; font-family: arial, helvetica, sans-serif;\">\u201cSe auto intitula pai da pobreza e t\u00e1 trazendo as pessoas para a mis\u00e9ria. Mentiroso, cachaceiro, pingu\u00e7o, irrespons\u00e1vel, \u00e9 isso que ele \u00e9\u201d, continuou Michelle.<\/span><\/p>\n<p class=\"my-5 break-words group-[.isActiveSource]:text-xl\" style=\"text-align: justify;\"><span style=\"font-size: 14pt; font-family: arial, helvetica, sans-serif;\">A\u00a0<strong class=\"group-[.isActiveSource]:text-xl group-[.isActiveSource]:font-bold\">CNN<\/strong>\u00a0entrou em contato com o Pal\u00e1cio do Planalto sobre as declara\u00e7\u00f5es da ex-primeira dama e aguarda retorno.<\/span><\/p>\n<p class=\"my-5 break-words group-[.isActiveSource]:text-xl\" style=\"text-align: justify;\"><span style=\"font-size: 14pt; font-family: arial, helvetica, sans-serif;\"><strong>Tarifa\u00e7o<\/strong><\/span><\/p>\n<p class=\"my-5 break-words group-[.isActiveSource]:text-xl\" style=\"text-align: justify;\"><span style=\"font-size: 14pt; font-family: arial, helvetica, sans-serif;\">O governo dos Estados Unidos taxou em 50% parte das suas importa\u00e7\u00f5es de produtos brasileiros.<\/span><\/p>\n<p class=\"my-5 break-words group-[.isActiveSource]:text-xl\" style=\"text-align: justify;\"><span style=\"font-size: 14pt; font-family: arial, helvetica, sans-serif;\">As justificativas englobam uma rela\u00e7\u00e3o comercial desequilibrada com o Brasil e uma \u201cca\u00e7a \u00e0s bruxas\u201d contra o ex-presidente Jair Bolsonaro (PL), r\u00e9u em um processo criminal por supostamente participar de uma tentativa de golpe de Estado.<\/span><\/p>\n<p class=\"my-5 break-words group-[.isActiveSource]:text-xl\" style=\"text-align: justify;\"><span style=\"font-size: 14pt; font-family: arial, helvetica, sans-serif;\">Alexandre de Moraes, respons\u00e1vel pela a\u00e7\u00e3o na Corte, sofreu san\u00e7\u00f5es dos EUA com base na Lei Magnitsky.<\/span><\/p>\n<p class=\"my-5 break-words group-[.isActiveSource]:text-xl\" style=\"text-align: justify;\"><span style=\"font-size: 14pt; font-family: arial, helvetica, sans-serif;\">Uma<strong class=\"group-[.isActiveSource]:text-xl group-[.isActiveSource]:font-bold\"><a class=\"text-red-600 underline hover:text-red-500 font-medium break-words group-[.isActiveSource]:text-xl\" href=\"https:\/\/www.cnnbrasil.com.br\/politica\/datafolha-35-culpam-lula-pelo-tarifaco-22-jair-bolsonaro-e-17-eduardo\/\" target=\"_self\" rel=\"\">\u00a0pesquisa do Instituto Datafolha divulgada na tarde deste s\u00e1bado (16)<\/a><\/strong>\u00a0mostra que 35% dos entrevistados apontam Lula como o respons\u00e1vel pelo tarifa\u00e7o aplicado pelo presidente dos EUA Donald Trump ao Brasil. Para 22%, Jair Bolsonaro \u00e9 o culpado; j\u00e1 para 17%, a culpa seria do filho do ex-presidente, o deputado federal pelo PL de S\u00e3o Paulo Eduardo Bolsonaro.<\/span><\/p>\n","protected":false},"excerpt":{"rendered":"<p>CNN A&nbsp;ex-primeira-dama Michelle Bolsonaro (PL),&nbsp;presidente do PL Mulher, acusou neste s&aacute;bado (16) o presidente&nbsp;Luiz In&aacute;cio Lula da Silva (PT)&nbsp;de ter provocado as&nbsp;tarifas impostas pelos Estados Unidos&nbsp;a parte dos produtos importados pelo pa&iacute;s do Brasil. De acordo com ela, o chefe do Executivo &ldquo;provoca&rdquo; os EUA para que a fam&iacute;lia Bolsonaro &ldquo;receba a culpa&rdquo;. &ldquo;N&atilde;o tem como levar a s&eacute;rio o l&iacute;der de uma na&ccedil;&atilde;o de mais de 213 milh&otilde;es de habitantes ironizar, criticar, uma pot&ecirc;ncia como &eacute; os EUA&rdquo;, afirmou Michelle durante evento do PL Mulher em Natal, no Rio Grande do Norte. &ldquo;Uma diplomacia nanica, irrespons&aacute;vel. Foi oferecer jabuticaba &#8230; <\/p>\n<p class=\"read-more-container\"><a title=\"Michelle chama Lula de \u201cpingu\u00e7o\u201d e acusa presidente de provocar san\u00e7\u00f5es\" class=\"read-more button\" href=\"https:\/\/blogdojuniorcavalcanti.com.br\/index.php\/2025\/08\/17\/michelle-chama-lula-de-pinguco-e-acusa-presidente-de-provocar-sancoes\/#more-46344\" aria-label=\"More on Michelle chama Lula de \u201cpingu\u00e7o\u201d e acusa presidente de provocar san\u00e7\u00f5es\">Leia mais<\/a><\/p>\n","protected":false},"author":2,"featured_media":46345,"comment_status":"open","ping_status":"open","sticky":false,"template":"","format":"standard","meta":{"footnotes":""},"categories":[27],"tags":[],"class_list":["post-46344","post","type-post","status-publish","format-standard","has-post-thumbnail","hentry","category-politica","resize-featured-image"],"_links":{"self":[{"href":"https:\/\/blogdojuniorcavalcanti.com.br\/index.php\/wp-json\/wp\/v2\/posts\/46344","targetHints":{"allow":["GET"]}}],"collection":[{"href":"https:\/\/blogdojuniorcavalcanti.com.br\/index.php\/wp-json\/wp\/v2\/posts"}],"about":[{"href":"https:\/\/blogdojuniorcavalcanti.com.br\/index.php\/wp-json\/wp\/v2\/types\/post"}],"author":[{"embeddable":true,"href":"https:\/\/blogdojuniorcavalcanti.com.br\/index.php\/wp-json\/wp\/v2\/users\/2"}],"replies":[{"embeddable":true,"href":"https:\/\/blogdojuniorcavalcanti.com.br\/index.php\/wp-json\/wp\/v2\/comments?post=46344"}],"version-history":[{"count":1,"href":"https:\/\/blogdojuniorcavalcanti.com.br\/index.php\/wp-json\/wp\/v2\/posts\/46344\/revisions"}],"predecessor-version":[{"id":46346,"href":"https:\/\/blogdojuniorcavalcanti.com.br\/index.php\/wp-json\/wp\/v2\/posts\/46344\/revisions\/46346"}],"wp:featuredmedia":[{"embeddable":true,"href":"https:\/\/blogdojuniorcavalcanti.com.br\/index.php\/wp-json\/wp\/v2\/media\/46345"}],"wp:attachment":[{"href":"https:\/\/blogdojuniorcavalcanti.com.br\/index.php\/wp-json\/wp\/v2\/media?parent=46344"}],"wp:term":[{"taxonomy":"category","embeddable":true,"href":"https:\/\/blogdojuniorcavalcanti.com.br\/index.php\/wp-json\/wp\/v2\/categories?post=46344"},{"taxonomy":"post_tag","embeddable":true,"href":"https:\/\/blogdojuniorcavalcanti.com.br\/index.php\/wp-json\/wp\/v2\/tags?post=46344"}],"curies":[{"name":"wp","href":"https:\/\/api.w.org\/{rel}","templated":true}]}}