{"id":46420,"date":"2025-08-19T10:33:18","date_gmt":"2025-08-19T13:33:18","guid":{"rendered":"https:\/\/blogdojuniorcavalcanti.com.br\/?p=46420"},"modified":"2025-08-19T10:33:18","modified_gmt":"2025-08-19T13:33:18","slug":"nota-de-presidente-do-psb-desconsidera-manobra-e-ve-saida-de-deputados-como-algo-normal-sera","status":"publish","type":"post","link":"https:\/\/blogdojuniorcavalcanti.com.br\/index.php\/2025\/08\/19\/nota-de-presidente-do-psb-desconsidera-manobra-e-ve-saida-de-deputados-como-algo-normal-sera\/","title":{"rendered":"Nota de presidente do PSB desconsidera manobra e v\u00ea sa\u00edda de deputados como algo normal; Ser\u00e1?"},"content":{"rendered":"<p style=\"text-align: justify;\"><span style=\"font-size: 14pt; font-family: arial, helvetica, sans-serif;\">O PSB perdeu tr\u00eas deputados estaduais, nesta segunda-feira (18), por\u00e9m o presidente regional e tamb\u00e9m deputado\u00a0<strong>Sileno Guedes<\/strong>\u00a0enviou nota \u00e0 imprensa, considerando ser um movimento natural. Apesar de ter sido uma manobra para tirar o PSDB, PRD e MDB do bloco governista, o dirigente preferiu afirmar que os parlamentares optaram por siglas por onde possam ter mais chances de se reelegerem em 2026.<\/span><\/p>\n<p style=\"text-align: justify;\"><span style=\"font-size: 14pt; font-family: arial, helvetica, sans-serif;\">Diogo Moraes, Waldemar Borges e Junior Matuto anunciaram de forma isolada as trocas partid\u00e1rias e assumiram as lideran\u00e7as da PSDB, MDB e PRD, na Assembleia Legislativa. Todos tiveram autoriza\u00e7\u00e3o do Diret\u00f3rio Estadual do PSB e n\u00e3o correm risco de perderem os mandatos por infidelidade. Essas mudan\u00e7as garantiram que a oposi\u00e7\u00e3o ficasse com cinco vagas na CPI da publicidade, restando quatro para a base governista.<\/span><\/p>\n<p style=\"text-align: justify;\"><span style=\"font-size: 14pt; font-family: arial, helvetica, sans-serif;\">\u201cRespeitamos a posi\u00e7\u00e3o pessoal de cada deputado e agradecemos a todos pelo excelente desempenho de seus mandatos. Este \u00e9 um movimento natural da pol\u00edtica, principalmente quando estamos a um ano do in\u00edcio das elei\u00e7\u00f5es de 2026, o que aumenta esse tipo de movimenta\u00e7\u00e3o. O que \u00e9 importante ressaltar \u00e9 que esses deputados seguem defendendo um mesmo campo em Pernambuco. E, quando a oposi\u00e7\u00e3o ao Governo Raquel Lyra consegue agregar outros partidos, a posi\u00e7\u00e3o defendida pelo PSB desde o in\u00edcio do governo se fortalece\u201d, disse Sileno Guedes.<\/span><\/p>\n<p style=\"text-align: justify;\"><span style=\"font-size: 14pt; font-family: arial, helvetica, sans-serif;\">O dirigente ressaltou que o PSB segue com a maior bancada na Alepe, composta por nove parlamentares. No entanto, conta mesmo com seis, pois Danilo Godoy, France Hacker e Aglailson Victor sempre votam com o Governo e tamb\u00e9m devem deixar a sigla socialista, na janela de troca partid\u00e1ria de mar\u00e7o de 2026.<\/span><\/p>\n","protected":false},"excerpt":{"rendered":"<p>O PSB perdeu tr&ecirc;s deputados estaduais, nesta segunda-feira (18), por&eacute;m o presidente regional e tamb&eacute;m deputado&nbsp;Sileno Guedes&nbsp;enviou nota &agrave; imprensa, considerando ser um movimento natural. Apesar de ter sido uma manobra para tirar o PSDB, PRD e MDB do bloco governista, o dirigente preferiu afirmar que os parlamentares optaram por siglas por onde possam ter mais chances de se reelegerem em 2026. Diogo Moraes, Waldemar Borges e Junior Matuto anunciaram de forma isolada as trocas partid&aacute;rias e assumiram as lideran&ccedil;as da PSDB, MDB e PRD, na Assembleia Legislativa. Todos tiveram autoriza&ccedil;&atilde;o do Diret&oacute;rio Estadual do PSB e n&atilde;o correm risco &#8230; <\/p>\n<p class=\"read-more-container\"><a title=\"Nota de presidente do PSB desconsidera manobra e v\u00ea sa\u00edda de deputados como algo normal; Ser\u00e1?\" class=\"read-more button\" href=\"https:\/\/blogdojuniorcavalcanti.com.br\/index.php\/2025\/08\/19\/nota-de-presidente-do-psb-desconsidera-manobra-e-ve-saida-de-deputados-como-algo-normal-sera\/#more-46420\" aria-label=\"More on Nota de presidente do PSB desconsidera manobra e v\u00ea sa\u00edda de deputados como algo normal; Ser\u00e1?\">Leia mais<\/a><\/p>\n","protected":false},"author":2,"featured_media":46421,"comment_status":"open","ping_status":"open","sticky":false,"template":"","format":"standard","meta":{"footnotes":""},"categories":[27],"tags":[],"class_list":["post-46420","post","type-post","status-publish","format-standard","has-post-thumbnail","hentry","category-politica","resize-featured-image"],"_links":{"self":[{"href":"https:\/\/blogdojuniorcavalcanti.com.br\/index.php\/wp-json\/wp\/v2\/posts\/46420","targetHints":{"allow":["GET"]}}],"collection":[{"href":"https:\/\/blogdojuniorcavalcanti.com.br\/index.php\/wp-json\/wp\/v2\/posts"}],"about":[{"href":"https:\/\/blogdojuniorcavalcanti.com.br\/index.php\/wp-json\/wp\/v2\/types\/post"}],"author":[{"embeddable":true,"href":"https:\/\/blogdojuniorcavalcanti.com.br\/index.php\/wp-json\/wp\/v2\/users\/2"}],"replies":[{"embeddable":true,"href":"https:\/\/blogdojuniorcavalcanti.com.br\/index.php\/wp-json\/wp\/v2\/comments?post=46420"}],"version-history":[{"count":1,"href":"https:\/\/blogdojuniorcavalcanti.com.br\/index.php\/wp-json\/wp\/v2\/posts\/46420\/revisions"}],"predecessor-version":[{"id":46422,"href":"https:\/\/blogdojuniorcavalcanti.com.br\/index.php\/wp-json\/wp\/v2\/posts\/46420\/revisions\/46422"}],"wp:featuredmedia":[{"embeddable":true,"href":"https:\/\/blogdojuniorcavalcanti.com.br\/index.php\/wp-json\/wp\/v2\/media\/46421"}],"wp:attachment":[{"href":"https:\/\/blogdojuniorcavalcanti.com.br\/index.php\/wp-json\/wp\/v2\/media?parent=46420"}],"wp:term":[{"taxonomy":"category","embeddable":true,"href":"https:\/\/blogdojuniorcavalcanti.com.br\/index.php\/wp-json\/wp\/v2\/categories?post=46420"},{"taxonomy":"post_tag","embeddable":true,"href":"https:\/\/blogdojuniorcavalcanti.com.br\/index.php\/wp-json\/wp\/v2\/tags?post=46420"}],"curies":[{"name":"wp","href":"https:\/\/api.w.org\/{rel}","templated":true}]}}