{"id":46543,"date":"2025-08-21T08:35:34","date_gmt":"2025-08-21T11:35:34","guid":{"rendered":"https:\/\/blogdojuniorcavalcanti.com.br\/?p=46543"},"modified":"2025-08-21T08:35:34","modified_gmt":"2025-08-21T11:35:34","slug":"nailson-gomes-toma-posse-e-retoma-as-atividades-legislativas","status":"publish","type":"post","link":"https:\/\/blogdojuniorcavalcanti.com.br\/index.php\/2025\/08\/21\/nailson-gomes-toma-posse-e-retoma-as-atividades-legislativas\/","title":{"rendered":"Nailson Gomes toma posse e retoma as atividades legislativas"},"content":{"rendered":"<p style=\"text-align: justify;\" data-olk-copy-source=\"MessageBody\"><span style=\"font-size: 14pt; font-family: arial, helvetica, sans-serif;\">Na noite desta quarta-feira (20), o vereador\u00a0Nailson Gomes\u00a0tomou posse do seu quarto mandato legislativo, em uma cerim\u00f4nia que reuniu autoridades, familiares, amigos e correligion\u00e1rios, que lotaram o espa\u00e7o para prestigiar o momento hist\u00f3rico.<\/span><\/p>\n<p style=\"text-align: justify;\"><span style=\"font-size: 14pt; font-family: arial, helvetica, sans-serif;\">Nailson n\u00e3o conteve a emo\u00e7\u00e3o ao realizar o juramento, assinar o termo de posse e usar a tribuna pela primeira vez nesta nova fase.<\/span><\/p>\n<p style=\"text-align: justify;\"><span style=\"font-size: 14pt; font-family: arial, helvetica, sans-serif;\">\u201cQuero, de forma honrosa, agradecer em especial \u00e0 minha m\u00e3e. Nestes quatro mandatos que estou assumindo, \u00e9 a primeira posse que ela comparece. Tamb\u00e9m agrade\u00e7o ao meu pai, Ger\u00eancio, que foi minha inspira\u00e7\u00e3o para entrar na pol\u00edtica. Em muitos momentos pensei em n\u00e3o pleitear, mas a for\u00e7a e o apoio das pessoas me trouxeram at\u00e9 aqui. Hoje, todos voc\u00eas est\u00e3o tomando posse junto comigo\u201d, declarou, emocionado.<\/span><\/p>\n<p style=\"text-align: justify;\"><span style=\"font-size: 14pt; font-family: arial, helvetica, sans-serif;\">O vereador destacou ainda o sentimento de gratid\u00e3o que marca o in\u00edcio desta nova jornada. \u201cEssa \u00e9 uma noite de alegria. Nada acontece sem a vontade de Deus. O mandato n\u00e3o \u00e9 meu, o mandato \u00e9 nosso\u201d, concluiu, sob fortes aplausos.<\/span><\/p>\n<p style=\"text-align: justify;\"><span style=\"font-size: 14pt; font-family: arial, helvetica, sans-serif;\"><strong>Homenagens e reconhecimentos<\/strong><\/span><\/p>\n<p style=\"text-align: justify;\"><span style=\"font-size: 14pt; font-family: arial, helvetica, sans-serif;\">A noite tamb\u00e9m foi marcada por discursos calorosos em homenagem ao novo empossado. O vice-prefeito de Serra Talhada,\u00a0Faeca Melo, representando a prefeita M\u00e1rcia Conrado, desejou sucesso ao parlamentar:\u00a0\u201cFa\u00e7a uma gest\u00e3o voltada para o povo e para o desenvolvimento. Desejo boa sorte, boas-vindas e um bom mandato daqui pra frente.\u201d<\/span><\/p>\n<p style=\"text-align: justify;\"><span style=\"font-size: 14pt; font-family: arial, helvetica, sans-serif;\">O representante da Uni\u00e3o de Vereadores de Pernambuco (UVP),\u00a0Dr. Geraldo J\u00fanior, ressaltou a trajet\u00f3ria de Nailson na luta municipalista:\u00a0\u201cTodos aqui reconhecem seus valores e o seu trabalho. Agora, com Nailson nesta Casa, torcemos para que seja um bel\u00edssimo mandato em favor do povo de Serra Talhada.\u201d<\/span><\/p>\n<p style=\"text-align: justify;\"><span style=\"font-size: 14pt; font-family: arial, helvetica, sans-serif;\">Entre os vereadores da Casa, as palavras tamb\u00e9m foram de acolhida.\u00a0Gin Oliveira\u00a0afirmou que o retorno de Nailson representa um ganho para o Legislativo:\u00a0\u201cTenho certeza que a C\u00e2mara ganha muito com a sua presen\u00e7a. Voc\u00ea vai honrar os votos do povo de Serra Talhada.\u201d<\/span><\/p>\n<p style=\"text-align: justify;\"><span style=\"font-size: 14pt; font-family: arial, helvetica, sans-serif;\">J\u00e1\u00a0Pinheiro do S\u00e3o Miguel\u00a0lembrou que o momento foi guiado pelo tempo de Deus e fez quest\u00e3o de render homenagem \u00e0 ex-vereadora Juliana Ten\u00f3rio, pedindo uma salva de palmas:\u00a0\u201cVoc\u00ea est\u00e1 sendo agraciado pelo tempo de Deus. Esta Casa recebe voc\u00ea de bra\u00e7os abertos, de todo cora\u00e7\u00e3o.\u201d<\/span><\/p>\n<p style=\"text-align: justify;\"><span style=\"font-size: 14pt; font-family: arial, helvetica, sans-serif;\">Ronaldo de Dja,\u00a0Ant\u00f4nio de Antenor\u00a0e\u00a0Manoel Enfermeiro\u00a0tamb\u00e9m se pronunciaram, refor\u00e7ando o respeito e a amizade que mant\u00eam com Nailson e destacando sua contribui\u00e7\u00e3o ao povo serra-talhadense.<\/span><\/p>\n<p style=\"text-align: justify;\"><span style=\"font-size: 14pt; font-family: arial, helvetica, sans-serif;\"><strong>Emo\u00e7\u00e3o em fam\u00edlia<\/strong><\/span><\/p>\n<p style=\"text-align: justify;\"><span style=\"font-size: 14pt; font-family: arial, helvetica, sans-serif;\">O ponto alto da noite foi a fala da esposa do vereador,\u00a0Cidinha Gomes, que falou em nome da fam\u00edlia. Visivelmente emocionada, ela destacou a caminhada de uni\u00e3o e resili\u00eancia ao lado do marido:\u00a0\u201cS\u00f3 n\u00f3s sabemos o que vivemos nessa trajet\u00f3ria, mas sempre de m\u00e3os dadas. Nailson, voc\u00ea orgulha nossa fam\u00edlia e nossos filhos. Deus quis que fosse assim, porque voc\u00ea nunca olha com interesse individual, e sim com o olhar voltado para a comunidade.\u201d<\/span><\/p>\n<p style=\"text-align: justify;\"><span style=\"font-size: 14pt; font-family: arial, helvetica, sans-serif;\">Cidinha tamb\u00e9m pediu uma salva de palmas para a vereadora Juliana Ten\u00f3rio e refor\u00e7ou que \u201cDeus ainda tinha uma miss\u00e3o reservada para Nailson na C\u00e2mara\u201d.<\/span><\/p>\n","protected":false},"excerpt":{"rendered":"<p>Na noite desta quarta-feira (20), o vereador&nbsp;Nailson Gomes&nbsp;tomou posse do seu quarto mandato legislativo, em uma cerim&ocirc;nia que reuniu autoridades, familiares, amigos e correligion&aacute;rios, que lotaram o espa&ccedil;o para prestigiar o momento hist&oacute;rico. Nailson n&atilde;o conteve a emo&ccedil;&atilde;o ao realizar o juramento, assinar o termo de posse e usar a tribuna pela primeira vez nesta nova fase. &ldquo;Quero, de forma honrosa, agradecer em especial &agrave; minha m&atilde;e. Nestes quatro mandatos que estou assumindo, &eacute; a primeira posse que ela comparece. Tamb&eacute;m agrade&ccedil;o ao meu pai, Ger&ecirc;ncio, que foi minha inspira&ccedil;&atilde;o para entrar na pol&iacute;tica. Em muitos momentos pensei em n&atilde;o &#8230; <\/p>\n<p class=\"read-more-container\"><a title=\"Nailson Gomes toma posse e retoma as atividades legislativas\" class=\"read-more button\" href=\"https:\/\/blogdojuniorcavalcanti.com.br\/index.php\/2025\/08\/21\/nailson-gomes-toma-posse-e-retoma-as-atividades-legislativas\/#more-46543\" aria-label=\"More on Nailson Gomes toma posse e retoma as atividades legislativas\">Leia mais<\/a><\/p>\n","protected":false},"author":2,"featured_media":46544,"comment_status":"open","ping_status":"open","sticky":false,"template":"","format":"standard","meta":{"footnotes":""},"categories":[27],"tags":[],"class_list":["post-46543","post","type-post","status-publish","format-standard","has-post-thumbnail","hentry","category-politica","resize-featured-image"],"_links":{"self":[{"href":"https:\/\/blogdojuniorcavalcanti.com.br\/index.php\/wp-json\/wp\/v2\/posts\/46543","targetHints":{"allow":["GET"]}}],"collection":[{"href":"https:\/\/blogdojuniorcavalcanti.com.br\/index.php\/wp-json\/wp\/v2\/posts"}],"about":[{"href":"https:\/\/blogdojuniorcavalcanti.com.br\/index.php\/wp-json\/wp\/v2\/types\/post"}],"author":[{"embeddable":true,"href":"https:\/\/blogdojuniorcavalcanti.com.br\/index.php\/wp-json\/wp\/v2\/users\/2"}],"replies":[{"embeddable":true,"href":"https:\/\/blogdojuniorcavalcanti.com.br\/index.php\/wp-json\/wp\/v2\/comments?post=46543"}],"version-history":[{"count":1,"href":"https:\/\/blogdojuniorcavalcanti.com.br\/index.php\/wp-json\/wp\/v2\/posts\/46543\/revisions"}],"predecessor-version":[{"id":46545,"href":"https:\/\/blogdojuniorcavalcanti.com.br\/index.php\/wp-json\/wp\/v2\/posts\/46543\/revisions\/46545"}],"wp:featuredmedia":[{"embeddable":true,"href":"https:\/\/blogdojuniorcavalcanti.com.br\/index.php\/wp-json\/wp\/v2\/media\/46544"}],"wp:attachment":[{"href":"https:\/\/blogdojuniorcavalcanti.com.br\/index.php\/wp-json\/wp\/v2\/media?parent=46543"}],"wp:term":[{"taxonomy":"category","embeddable":true,"href":"https:\/\/blogdojuniorcavalcanti.com.br\/index.php\/wp-json\/wp\/v2\/categories?post=46543"},{"taxonomy":"post_tag","embeddable":true,"href":"https:\/\/blogdojuniorcavalcanti.com.br\/index.php\/wp-json\/wp\/v2\/tags?post=46543"}],"curies":[{"name":"wp","href":"https:\/\/api.w.org\/{rel}","templated":true}]}}