{"id":46982,"date":"2025-08-31T09:27:19","date_gmt":"2025-08-31T12:27:19","guid":{"rendered":"https:\/\/blogdojuniorcavalcanti.com.br\/?p=46982"},"modified":"2025-08-31T09:27:19","modified_gmt":"2025-08-31T12:27:19","slug":"secretario-cicero-moraes-ataca-a-oposicao-mexeu-com-raquel-mexeu-comigo","status":"publish","type":"post","link":"https:\/\/blogdojuniorcavalcanti.com.br\/index.php\/2025\/08\/31\/secretario-cicero-moraes-ataca-a-oposicao-mexeu-com-raquel-mexeu-comigo\/","title":{"rendered":"Secret\u00e1rio C\u00edcero Moraes ataca a oposi\u00e7\u00e3o: \u201cMexeu com Raquel, mexeu comigo\u201d"},"content":{"rendered":"<p style=\"text-align: justify;\"><span style=\"font-size: 14pt; font-family: arial, helvetica, sans-serif;\"><em>Da Assessoria<\/em><\/span><\/p>\n<p style=\"text-align: justify;\"><span style=\"font-size: 14pt; font-family: arial, helvetica, sans-serif;\">O secret\u00e1rio C\u00edcero Moraes, de Desenvolvimento Agr\u00e1rio, Agricultura, Pecu\u00e1ria e Pesca de Pernambuco, saiu em defesa da governadora Raquel Lyra durante encontro com criadores de ovinos e caprinos no munic\u00edpio de Dormentes, no Sert\u00e3o do S\u00e3o Francisco. O evento marcou a celebra\u00e7\u00e3o da conquista de um selo federal de qualidade e sanidade, voltado a estimular a produ\u00e7\u00e3o animal na regi\u00e3o.<\/span><\/p>\n<p style=\"text-align: justify;\"><span style=\"font-size: 14pt; font-family: arial, helvetica, sans-serif;\">Moraes criticou duramente a postura da oposi\u00e7\u00e3o, afirmando que o grupo advers\u00e1rio estaria priorizando disputas eleitorais em detrimento das necessidades da popula\u00e7\u00e3o. \u201cEssa turma anda agora de salto alto, cantando vit\u00f3ria na hora errada, mas o povo j\u00e1 percebeu que eles passaram 16 anos no governo e abandonaram Pernambuco no meio do caminho\u201d, declarou o secret\u00e1rio.<\/span><\/p>\n<p style=\"text-align: justify;\"><span style=\"font-size: 14pt; font-family: arial, helvetica, sans-serif;\"><strong>Secret\u00e1rio afirma que Pernambuco voltou<\/strong><\/span><\/p>\n<p style=\"text-align: justify;\"><span style=\"font-size: 14pt; font-family: arial, helvetica, sans-serif;\">C\u00edcero refor\u00e7ou que a atual administra\u00e7\u00e3o vem trabalhando em v\u00e1rias \u00e1reas para recuperar a capacidade de investimento do Estado. \u201cPernambuco voltou, meus amigos, voltou com for\u00e7a e com tudo. Por onde voc\u00ea anda tem obra, tem entrega, tem realiza\u00e7\u00e3o. O povo est\u00e1 vendo a mulher trabalhar sem parar, sem descanso, reconstruindo e botando em ordem tudo o que eles deixaram desarrumado. Pois manda avisar pra essa turma: mexeu com Raquel, mexeu comigo\u201d, disse.<\/span><\/p>\n<p style=\"text-align: justify;\"><span style=\"font-size: 14pt; font-family: arial, helvetica, sans-serif;\">O secret\u00e1rio tamb\u00e9m associou as cr\u00edticas da oposi\u00e7\u00e3o ao que classificou como \u201csoberba e machismo\u201d contra a governadora.<\/span><\/p>\n<p style=\"text-align: justify;\"><span style=\"font-size: 14pt; font-family: arial, helvetica, sans-serif;\">\u201cSaiam da frente os que andam por a\u00ed botando gosto ruim e s\u00f3 pensam em elei\u00e7\u00e3o. Est\u00e1 na hora de essa turma deixar a soberba de lado, e as grosserias de lado, est\u00e1 na hora de parar com o machismo e cal\u00e7ar as sand\u00e1lias da humildade. Enquanto eles est\u00e3o atr\u00e1s de like no Instagram, a gente est\u00e1 fazendo estrada, est\u00e1 entregando obra, est\u00e1 recuperando a for\u00e7a da Pol\u00edcia Militar e recuperando a paz perdida at\u00e9 pouco tempo atr\u00e1s. Deixa a mulher trabalhar\u201d, ressaltou Moraes.<\/span><\/p>\n","protected":false},"excerpt":{"rendered":"<p>Da Assessoria O secret&aacute;rio C&iacute;cero Moraes, de Desenvolvimento Agr&aacute;rio, Agricultura, Pecu&aacute;ria e Pesca de Pernambuco, saiu em defesa da governadora Raquel Lyra durante encontro com criadores de ovinos e caprinos no munic&iacute;pio de Dormentes, no Sert&atilde;o do S&atilde;o Francisco. O evento marcou a celebra&ccedil;&atilde;o da conquista de um selo federal de qualidade e sanidade, voltado a estimular a produ&ccedil;&atilde;o animal na regi&atilde;o. Moraes criticou duramente a postura da oposi&ccedil;&atilde;o, afirmando que o grupo advers&aacute;rio estaria priorizando disputas eleitorais em detrimento das necessidades da popula&ccedil;&atilde;o. &ldquo;Essa turma anda agora de salto alto, cantando vit&oacute;ria na hora errada, mas o povo j&aacute; &#8230; <\/p>\n<p class=\"read-more-container\"><a title=\"Secret\u00e1rio C\u00edcero Moraes ataca a oposi\u00e7\u00e3o: \u201cMexeu com Raquel, mexeu comigo\u201d\" class=\"read-more button\" href=\"https:\/\/blogdojuniorcavalcanti.com.br\/index.php\/2025\/08\/31\/secretario-cicero-moraes-ataca-a-oposicao-mexeu-com-raquel-mexeu-comigo\/#more-46982\" aria-label=\"More on Secret\u00e1rio C\u00edcero Moraes ataca a oposi\u00e7\u00e3o: \u201cMexeu com Raquel, mexeu comigo\u201d\">Leia mais<\/a><\/p>\n","protected":false},"author":2,"featured_media":46983,"comment_status":"open","ping_status":"open","sticky":false,"template":"","format":"standard","meta":{"footnotes":""},"categories":[27],"tags":[],"class_list":["post-46982","post","type-post","status-publish","format-standard","has-post-thumbnail","hentry","category-politica","resize-featured-image"],"_links":{"self":[{"href":"https:\/\/blogdojuniorcavalcanti.com.br\/index.php\/wp-json\/wp\/v2\/posts\/46982","targetHints":{"allow":["GET"]}}],"collection":[{"href":"https:\/\/blogdojuniorcavalcanti.com.br\/index.php\/wp-json\/wp\/v2\/posts"}],"about":[{"href":"https:\/\/blogdojuniorcavalcanti.com.br\/index.php\/wp-json\/wp\/v2\/types\/post"}],"author":[{"embeddable":true,"href":"https:\/\/blogdojuniorcavalcanti.com.br\/index.php\/wp-json\/wp\/v2\/users\/2"}],"replies":[{"embeddable":true,"href":"https:\/\/blogdojuniorcavalcanti.com.br\/index.php\/wp-json\/wp\/v2\/comments?post=46982"}],"version-history":[{"count":1,"href":"https:\/\/blogdojuniorcavalcanti.com.br\/index.php\/wp-json\/wp\/v2\/posts\/46982\/revisions"}],"predecessor-version":[{"id":46984,"href":"https:\/\/blogdojuniorcavalcanti.com.br\/index.php\/wp-json\/wp\/v2\/posts\/46982\/revisions\/46984"}],"wp:featuredmedia":[{"embeddable":true,"href":"https:\/\/blogdojuniorcavalcanti.com.br\/index.php\/wp-json\/wp\/v2\/media\/46983"}],"wp:attachment":[{"href":"https:\/\/blogdojuniorcavalcanti.com.br\/index.php\/wp-json\/wp\/v2\/media?parent=46982"}],"wp:term":[{"taxonomy":"category","embeddable":true,"href":"https:\/\/blogdojuniorcavalcanti.com.br\/index.php\/wp-json\/wp\/v2\/categories?post=46982"},{"taxonomy":"post_tag","embeddable":true,"href":"https:\/\/blogdojuniorcavalcanti.com.br\/index.php\/wp-json\/wp\/v2\/tags?post=46982"}],"curies":[{"name":"wp","href":"https:\/\/api.w.org\/{rel}","templated":true}]}}