{"id":47080,"date":"2025-09-02T09:44:22","date_gmt":"2025-09-02T12:44:22","guid":{"rendered":"https:\/\/blogdojuniorcavalcanti.com.br\/?p=47080"},"modified":"2025-09-02T09:44:22","modified_gmt":"2025-09-02T12:44:22","slug":"lula-lanca-nesta-semana-novo-programa-de-gas-de-cozinha-gratuito-para-familias-pobres","status":"publish","type":"post","link":"https:\/\/blogdojuniorcavalcanti.com.br\/index.php\/2025\/09\/02\/lula-lanca-nesta-semana-novo-programa-de-gas-de-cozinha-gratuito-para-familias-pobres\/","title":{"rendered":"Lula lan\u00e7a nesta semana novo programa de g\u00e1s de cozinha gratuito para fam\u00edlias pobres"},"content":{"rendered":"<p style=\"text-align: justify;\"><span style=\"font-size: 14pt; font-family: arial, helvetica, sans-serif;\">O presidente Luiz In\u00e1cio Lula da Silva vai lan\u00e7ar nesta semana o G\u00e1s do Povo, programa que vai oferecer g\u00e1s de cozinha gratuito a 15,5 milh\u00f5es de fam\u00edlias de baixa renda \u2014 cerca de 46 milh\u00f5es de pessoas.<\/span><\/p>\n<p style=\"text-align: justify;\"><span style=\"font-size: 14pt; font-family: arial, helvetica, sans-serif;\">A expectativa do governo \u00e9 de que a iniciativa, que vai substituir o Aux\u00edlio G\u00e1s, custe R$ 5,1 bilh\u00f5es em 2026. O an\u00fancio deve ser feito na comunidade Aglomerado da Serra, em Belo Horizonte (MG), na quinta-feira (4). Ser\u00e1 a segunda vez de Lula em terras mineiras em menos de uma semana \u2014 na \u00faltima sexta, o presidente cumpriu agendas em Contagem e Montes Claros.<\/span><\/p>\n<p style=\"text-align: justify;\"><span style=\"font-size: 14pt; font-family: arial, helvetica, sans-serif;\">O petista comentou o lan\u00e7amento do G\u00e1s do Povo em entrevista exclusiva \u00e0 RECORD na semana passada.<\/span><\/p>\n<p style=\"text-align: justify;\"><span style=\"font-size: 14pt; font-family: arial, helvetica, sans-serif;\">\u201cNa semana que vem, eu volto a Belo Horizonte para ir ao Aglomerado da Serra anunciar o programa chamado G\u00e1s do Povo. \u00c9 um programa de financiamento de g\u00e1s para as pessoas mais pobres do pa\u00eds, que n\u00e3o v\u00e3o pagar mais pelo g\u00e1s, v\u00e3o receber o g\u00e1s gratuitamente\u201d, declarou.<\/span><\/p>\n<p style=\"text-align: justify;\"><span style=\"font-size: 14pt; font-family: arial, helvetica, sans-serif;\">Na agenda de Contagem, Lula aproveitou para criticar o pre\u00e7o final do produto.<\/span><\/p>\n<p style=\"text-align: justify;\"><span style=\"font-size: 14pt; font-family: arial, helvetica, sans-serif;\">\u201cAs pessoas mais pobres sabem que um botij\u00e3o de g\u00e1s de 13 kg sai da Petrobras a R$ 37 e chega no consumidor a R$ 140, R$ 150. Ent\u00e3o, estamos assumindo a responsabilidade que uma pessoa n\u00e3o pode gastar 10% do sal\u00e1rio m\u00ednimo para comprar g\u00e1s e que pessoas mais pobres possam receber o g\u00e1s de gra\u00e7a, para a gente n\u00e3o ver acidente com \u00e1lcool, acidente com querosene ou com lenha\u201d, destacou o petista.<\/span><\/p>\n<p style=\"text-align: justify;\"><span style=\"font-size: 14pt; font-family: arial, helvetica, sans-serif;\"><strong>Diferen\u00e7as entre os programas<\/strong><\/span><\/p>\n<p style=\"text-align: justify;\"><span style=\"font-size: 14pt; font-family: arial, helvetica, sans-serif;\">O governo federal pretende reformular o programa Aux\u00edlio G\u00e1s, que hoje atende 5,6 milh\u00f5es de fam\u00edlias pobres. O G\u00e1s do Povo prev\u00ea que o benef\u00edcio seja direcionado a quem est\u00e1 inscrito no Cad\u00danico (Cadastro \u00danico) e tenha renda familiar de at\u00e9 meio sal\u00e1rio m\u00ednimo.<\/span><\/p>\n<p style=\"text-align: justify;\"><span style=\"font-size: 14pt; font-family: arial, helvetica, sans-serif;\">A nova medida visa ampliar os recursos destinados aos benefici\u00e1rios, para enfrentar a pobreza energ\u00e9tica. Atualmente, cada fam\u00edlia contemplada recebe R$ 108 a cada dois meses, valor calculado a partir da m\u00e9dia nacional do pre\u00e7o do botij\u00e3o de 13 kg de GLP (g\u00e1s liquefeito de petr\u00f3leo). O n\u00famero \u00e9 informado pela ANP (Ag\u00eancia Nacional do Petr\u00f3leo, G\u00e1s Natural e Biocombust\u00edveis).<\/span><\/p>\n","protected":false},"excerpt":{"rendered":"<p>O presidente Luiz In&aacute;cio Lula da Silva vai lan&ccedil;ar nesta semana o G&aacute;s do Povo, programa que vai oferecer g&aacute;s de cozinha gratuito a 15,5 milh&otilde;es de fam&iacute;lias de baixa renda &mdash; cerca de 46 milh&otilde;es de pessoas. A expectativa do governo &eacute; de que a iniciativa, que vai substituir o Aux&iacute;lio G&aacute;s, custe R$ 5,1 bilh&otilde;es em 2026. O an&uacute;ncio deve ser feito na comunidade Aglomerado da Serra, em Belo Horizonte (MG), na quinta-feira (4). Ser&aacute; a segunda vez de Lula em terras mineiras em menos de uma semana &mdash; na &uacute;ltima sexta, o presidente cumpriu agendas em Contagem &#8230; <\/p>\n<p class=\"read-more-container\"><a title=\"Lula lan\u00e7a nesta semana novo programa de g\u00e1s de cozinha gratuito para fam\u00edlias pobres\" class=\"read-more button\" href=\"https:\/\/blogdojuniorcavalcanti.com.br\/index.php\/2025\/09\/02\/lula-lanca-nesta-semana-novo-programa-de-gas-de-cozinha-gratuito-para-familias-pobres\/#more-47080\" aria-label=\"More on Lula lan\u00e7a nesta semana novo programa de g\u00e1s de cozinha gratuito para fam\u00edlias pobres\">Leia mais<\/a><\/p>\n","protected":false},"author":2,"featured_media":47081,"comment_status":"open","ping_status":"open","sticky":false,"template":"","format":"standard","meta":{"footnotes":""},"categories":[33],"tags":[],"class_list":["post-47080","post","type-post","status-publish","format-standard","has-post-thumbnail","hentry","category-brasil","resize-featured-image"],"_links":{"self":[{"href":"https:\/\/blogdojuniorcavalcanti.com.br\/index.php\/wp-json\/wp\/v2\/posts\/47080","targetHints":{"allow":["GET"]}}],"collection":[{"href":"https:\/\/blogdojuniorcavalcanti.com.br\/index.php\/wp-json\/wp\/v2\/posts"}],"about":[{"href":"https:\/\/blogdojuniorcavalcanti.com.br\/index.php\/wp-json\/wp\/v2\/types\/post"}],"author":[{"embeddable":true,"href":"https:\/\/blogdojuniorcavalcanti.com.br\/index.php\/wp-json\/wp\/v2\/users\/2"}],"replies":[{"embeddable":true,"href":"https:\/\/blogdojuniorcavalcanti.com.br\/index.php\/wp-json\/wp\/v2\/comments?post=47080"}],"version-history":[{"count":1,"href":"https:\/\/blogdojuniorcavalcanti.com.br\/index.php\/wp-json\/wp\/v2\/posts\/47080\/revisions"}],"predecessor-version":[{"id":47082,"href":"https:\/\/blogdojuniorcavalcanti.com.br\/index.php\/wp-json\/wp\/v2\/posts\/47080\/revisions\/47082"}],"wp:featuredmedia":[{"embeddable":true,"href":"https:\/\/blogdojuniorcavalcanti.com.br\/index.php\/wp-json\/wp\/v2\/media\/47081"}],"wp:attachment":[{"href":"https:\/\/blogdojuniorcavalcanti.com.br\/index.php\/wp-json\/wp\/v2\/media?parent=47080"}],"wp:term":[{"taxonomy":"category","embeddable":true,"href":"https:\/\/blogdojuniorcavalcanti.com.br\/index.php\/wp-json\/wp\/v2\/categories?post=47080"},{"taxonomy":"post_tag","embeddable":true,"href":"https:\/\/blogdojuniorcavalcanti.com.br\/index.php\/wp-json\/wp\/v2\/tags?post=47080"}],"curies":[{"name":"wp","href":"https:\/\/api.w.org\/{rel}","templated":true}]}}