{"id":47170,"date":"2025-09-03T10:47:36","date_gmt":"2025-09-03T13:47:36","guid":{"rendered":"https:\/\/blogdojuniorcavalcanti.com.br\/?p=47170"},"modified":"2025-09-03T10:47:36","modified_gmt":"2025-09-03T13:47:36","slug":"tabira-recebe-dois-novos-micro-onibus-escolares-nesta-sexta-feira-05","status":"publish","type":"post","link":"https:\/\/blogdojuniorcavalcanti.com.br\/index.php\/2025\/09\/03\/tabira-recebe-dois-novos-micro-onibus-escolares-nesta-sexta-feira-05\/","title":{"rendered":"Tabira recebe dois novos micro-\u00f4nibus escolares nesta sexta-feira (05)"},"content":{"rendered":"<p style=\"text-align: justify;\"><span style=\"font-size: 14pt; font-family: arial, helvetica, sans-serif;\">O munic\u00edpio de Tabira contar\u00e1 com mais um importante refor\u00e7o para o transporte escolar dos estudantes da rede p\u00fablica. Nesta sexta-feira, dia 05 de setembro, a Secretaria Municipal de Educa\u00e7\u00e3o e Esportes receber\u00e1 dois novos micro-\u00f4nibus destinados ao transporte de alunos.<\/span><\/p>\n<p style=\"text-align: justify;\"><span style=\"font-size: 14pt; font-family: arial, helvetica, sans-serif;\">Os ve\u00edculos foram encaminhados pelo Governo do Estado de Pernambuco, por meio do Programa Juntos Pela Educa\u00e7\u00e3o, que visa fortalecer a infraestrutura educacional nos munic\u00edpios pernambucanos, garantindo mais seguran\u00e7a, conforto e acessibilidade para os estudantes.<\/span><\/p>\n<p style=\"text-align: justify;\"><span style=\"font-size: 14pt; font-family: arial, helvetica, sans-serif;\">A entrega ser\u00e1 realizada dentro do programa \u201cSextou com Entrega\u201d, que todas as semanas promove a entrega de obras, a\u00e7\u00f5es ou investimentos importantes da gest\u00e3o municipal. A iniciativa tem sido uma marca da administra\u00e7\u00e3o do prefeito Fl\u00e1vio Marques, que vem, semanalmente, efetivando melhorias em diversas \u00e1reas do munic\u00edpio.<\/span><\/p>\n<p style=\"text-align: justify;\"><span style=\"font-size: 14pt; font-family: arial, helvetica, sans-serif;\">O ato oficial de entrega acontecer\u00e1 \u00e0s 9h da manh\u00e3, na sede da Prefeitura de Tabira, com a presen\u00e7a de autoridades municipais, representantes da educa\u00e7\u00e3o\u00a0e\u00a0comunidade.<\/span><\/p>\n","protected":false},"excerpt":{"rendered":"<p>O munic&iacute;pio de Tabira contar&aacute; com mais um importante refor&ccedil;o para o transporte escolar dos estudantes da rede p&uacute;blica. Nesta sexta-feira, dia 05 de setembro, a Secretaria Municipal de Educa&ccedil;&atilde;o e Esportes receber&aacute; dois novos micro-&ocirc;nibus destinados ao transporte de alunos. Os ve&iacute;culos foram encaminhados pelo Governo do Estado de Pernambuco, por meio do Programa Juntos Pela Educa&ccedil;&atilde;o, que visa fortalecer a infraestrutura educacional nos munic&iacute;pios pernambucanos, garantindo mais seguran&ccedil;a, conforto e acessibilidade para os estudantes. A entrega ser&aacute; realizada dentro do programa &ldquo;Sextou com Entrega&rdquo;, que todas as semanas promove a entrega de obras, a&ccedil;&otilde;es ou investimentos importantes da &#8230; <\/p>\n<p class=\"read-more-container\"><a title=\"Tabira recebe dois novos micro-\u00f4nibus escolares nesta sexta-feira (05)\" class=\"read-more button\" href=\"https:\/\/blogdojuniorcavalcanti.com.br\/index.php\/2025\/09\/03\/tabira-recebe-dois-novos-micro-onibus-escolares-nesta-sexta-feira-05\/#more-47170\" aria-label=\"More on Tabira recebe dois novos micro-\u00f4nibus escolares nesta sexta-feira (05)\">Leia mais<\/a><\/p>\n","protected":false},"author":2,"featured_media":47171,"comment_status":"open","ping_status":"open","sticky":false,"template":"","format":"standard","meta":{"footnotes":""},"categories":[25],"tags":[],"class_list":["post-47170","post","type-post","status-publish","format-standard","has-post-thumbnail","hentry","category-destaque","resize-featured-image"],"_links":{"self":[{"href":"https:\/\/blogdojuniorcavalcanti.com.br\/index.php\/wp-json\/wp\/v2\/posts\/47170","targetHints":{"allow":["GET"]}}],"collection":[{"href":"https:\/\/blogdojuniorcavalcanti.com.br\/index.php\/wp-json\/wp\/v2\/posts"}],"about":[{"href":"https:\/\/blogdojuniorcavalcanti.com.br\/index.php\/wp-json\/wp\/v2\/types\/post"}],"author":[{"embeddable":true,"href":"https:\/\/blogdojuniorcavalcanti.com.br\/index.php\/wp-json\/wp\/v2\/users\/2"}],"replies":[{"embeddable":true,"href":"https:\/\/blogdojuniorcavalcanti.com.br\/index.php\/wp-json\/wp\/v2\/comments?post=47170"}],"version-history":[{"count":1,"href":"https:\/\/blogdojuniorcavalcanti.com.br\/index.php\/wp-json\/wp\/v2\/posts\/47170\/revisions"}],"predecessor-version":[{"id":47172,"href":"https:\/\/blogdojuniorcavalcanti.com.br\/index.php\/wp-json\/wp\/v2\/posts\/47170\/revisions\/47172"}],"wp:featuredmedia":[{"embeddable":true,"href":"https:\/\/blogdojuniorcavalcanti.com.br\/index.php\/wp-json\/wp\/v2\/media\/47171"}],"wp:attachment":[{"href":"https:\/\/blogdojuniorcavalcanti.com.br\/index.php\/wp-json\/wp\/v2\/media?parent=47170"}],"wp:term":[{"taxonomy":"category","embeddable":true,"href":"https:\/\/blogdojuniorcavalcanti.com.br\/index.php\/wp-json\/wp\/v2\/categories?post=47170"},{"taxonomy":"post_tag","embeddable":true,"href":"https:\/\/blogdojuniorcavalcanti.com.br\/index.php\/wp-json\/wp\/v2\/tags?post=47170"}],"curies":[{"name":"wp","href":"https:\/\/api.w.org\/{rel}","templated":true}]}}