{"id":47370,"date":"2025-09-08T18:24:50","date_gmt":"2025-09-08T21:24:50","guid":{"rendered":"https:\/\/blogdojuniorcavalcanti.com.br\/?p=47370"},"modified":"2025-09-08T18:24:50","modified_gmt":"2025-09-08T21:24:50","slug":"sertania-celebra-o-7-de-setembro-com-orgulho-civico","status":"publish","type":"post","link":"https:\/\/blogdojuniorcavalcanti.com.br\/index.php\/2025\/09\/08\/sertania-celebra-o-7-de-setembro-com-orgulho-civico\/","title":{"rendered":"Sert\u00e2nia celebra o 7 de Setembro com orgulho c\u00edvico"},"content":{"rendered":"<p style=\"text-align: justify;\"><span style=\"font-size: 14pt; font-family: arial, helvetica, sans-serif;\">Sert\u00e2nia reviveu, neste 7 de Setembro, um dos momentos mais marcantes da nossa hist\u00f3ria. O desfile c\u00edvico tomou as ruas da cidade em um evento que reuniu escolas, institui\u00e7\u00f5es e o povo de Sert\u00e2nia, enchendo de cores, m\u00fasica e patriotismo a tarde de domingo.<\/span><\/p>\n<p style=\"text-align: justify;\"><span style=\"font-size: 14pt; font-family: arial, helvetica, sans-serif;\">Foi um dia de uni\u00e3o, de amor \u00e0 p\u00e1tria e de valoriza\u00e7\u00e3o da nossa cultura. O munic\u00edpio resgatou tradi\u00e7\u00f5es, fortaleceu a identidade do povo sertaniense e celebrou a liberdade que nos une.<\/span><\/p>\n<p style=\"text-align: justify;\"><span style=\"font-size: 14pt; font-family: arial, helvetica, sans-serif;\">Mais do que um ato simb\u00f3lico, o desfile c\u00edvico se consolidou como demonstra\u00e7\u00e3o do orgulho de sermos sertanienses e brasileiros. Cada passo, cada apresenta\u00e7\u00e3o e cada bandeira hasteada refor\u00e7aram a esperan\u00e7a em um futuro de mais uni\u00e3o e renova\u00e7\u00e3o\u00a0para\u00a0todos.<\/span><\/p>\n","protected":false},"excerpt":{"rendered":"<p>Sert&acirc;nia reviveu, neste 7 de Setembro, um dos momentos mais marcantes da nossa hist&oacute;ria. O desfile c&iacute;vico tomou as ruas da cidade em um evento que reuniu escolas, institui&ccedil;&otilde;es e o povo de Sert&acirc;nia, enchendo de cores, m&uacute;sica e patriotismo a tarde de domingo. Foi um dia de uni&atilde;o, de amor &agrave; p&aacute;tria e de valoriza&ccedil;&atilde;o da nossa cultura. O munic&iacute;pio resgatou tradi&ccedil;&otilde;es, fortaleceu a identidade do povo sertaniense e celebrou a liberdade que nos une. Mais do que um ato simb&oacute;lico, o desfile c&iacute;vico se consolidou como demonstra&ccedil;&atilde;o do orgulho de sermos sertanienses e brasileiros. Cada passo, cada apresenta&ccedil;&atilde;o &#8230; <\/p>\n<p class=\"read-more-container\"><a title=\"Sert\u00e2nia celebra o 7 de Setembro com orgulho c\u00edvico\" class=\"read-more button\" href=\"https:\/\/blogdojuniorcavalcanti.com.br\/index.php\/2025\/09\/08\/sertania-celebra-o-7-de-setembro-com-orgulho-civico\/#more-47370\" aria-label=\"More on Sert\u00e2nia celebra o 7 de Setembro com orgulho c\u00edvico\">Leia mais<\/a><\/p>\n","protected":false},"author":2,"featured_media":47371,"comment_status":"open","ping_status":"open","sticky":false,"template":"","format":"standard","meta":{"footnotes":""},"categories":[37],"tags":[],"class_list":["post-47370","post","type-post","status-publish","format-standard","has-post-thumbnail","hentry","category-cidades","resize-featured-image"],"_links":{"self":[{"href":"https:\/\/blogdojuniorcavalcanti.com.br\/index.php\/wp-json\/wp\/v2\/posts\/47370","targetHints":{"allow":["GET"]}}],"collection":[{"href":"https:\/\/blogdojuniorcavalcanti.com.br\/index.php\/wp-json\/wp\/v2\/posts"}],"about":[{"href":"https:\/\/blogdojuniorcavalcanti.com.br\/index.php\/wp-json\/wp\/v2\/types\/post"}],"author":[{"embeddable":true,"href":"https:\/\/blogdojuniorcavalcanti.com.br\/index.php\/wp-json\/wp\/v2\/users\/2"}],"replies":[{"embeddable":true,"href":"https:\/\/blogdojuniorcavalcanti.com.br\/index.php\/wp-json\/wp\/v2\/comments?post=47370"}],"version-history":[{"count":1,"href":"https:\/\/blogdojuniorcavalcanti.com.br\/index.php\/wp-json\/wp\/v2\/posts\/47370\/revisions"}],"predecessor-version":[{"id":47372,"href":"https:\/\/blogdojuniorcavalcanti.com.br\/index.php\/wp-json\/wp\/v2\/posts\/47370\/revisions\/47372"}],"wp:featuredmedia":[{"embeddable":true,"href":"https:\/\/blogdojuniorcavalcanti.com.br\/index.php\/wp-json\/wp\/v2\/media\/47371"}],"wp:attachment":[{"href":"https:\/\/blogdojuniorcavalcanti.com.br\/index.php\/wp-json\/wp\/v2\/media?parent=47370"}],"wp:term":[{"taxonomy":"category","embeddable":true,"href":"https:\/\/blogdojuniorcavalcanti.com.br\/index.php\/wp-json\/wp\/v2\/categories?post=47370"},{"taxonomy":"post_tag","embeddable":true,"href":"https:\/\/blogdojuniorcavalcanti.com.br\/index.php\/wp-json\/wp\/v2\/tags?post=47370"}],"curies":[{"name":"wp","href":"https:\/\/api.w.org\/{rel}","templated":true}]}}