{"id":47379,"date":"2025-09-08T18:29:47","date_gmt":"2025-09-08T21:29:47","guid":{"rendered":"https:\/\/blogdojuniorcavalcanti.com.br\/?p=47379"},"modified":"2025-09-08T18:29:47","modified_gmt":"2025-09-08T21:29:47","slug":"ao-lado-de-faeca-sebastiao-oliveira-destaca-papel-do-aeroporto-de-serra-talhada","status":"publish","type":"post","link":"https:\/\/blogdojuniorcavalcanti.com.br\/index.php\/2025\/09\/08\/ao-lado-de-faeca-sebastiao-oliveira-destaca-papel-do-aeroporto-de-serra-talhada\/","title":{"rendered":"Ao lado de Faeca, Sebasti\u00e3o Oliveira destaca papel do Aeroporto de Serra Talhada"},"content":{"rendered":"<p style=\"text-align: justify;\"><span style=\"font-size: 14pt; font-family: arial, helvetica, sans-serif;\">A tradicional Festa de Setembro movimenta a economia do munic\u00edpio e gera renda para diversas fam\u00edlias sertanejas.\u00a0 Ao desembarcar, na manh\u00e3 desta segunda-feira (8), no Aeroporto de Serra Talhada, onde foi recebido pelo vice-prefeito Faeca Melo (Avante),\u00a0 Sebasti\u00e3o Oliveira enalteceu\u00a0 o importante papel do equipamento na log\u00edstica dos diversos artistas que subiram ao palco para fazer a alegria da plateia.\u00a0<\/span><\/p>\n<p style=\"text-align: justify;\"><span style=\"font-size: 14pt; font-family: arial, helvetica, sans-serif;\">Nomes de peso da m\u00fasica nacional, como L\u00e9o Santana, Simone Mendes, Pablo, Murilo Huff e Felipe Amorim utilizaram o equipamento nos seus deslocamentos. Amado Batista, que far\u00e1 show em Carnaubeira da Penha, no Sert\u00e3o do Itaparica, tamb\u00e9m posou no Santa Magalh\u00e3es.\u00a0<\/span><\/p>\n<p style=\"text-align: justify;\"><span style=\"font-size: 14pt; font-family: arial, helvetica, sans-serif;\">\u201cUm aeroporto desse porte facilita a vida dos artistas que precisam de agilidade nas viagens, em virtude das suas agendas cheias. Essa disponibilidade que Serra Talhada oferece, certamente, \u00e9 levada em considera\u00e7\u00e3o por eles na hora da negocia\u00e7\u00e3o\u201d, destacou Sebasti\u00e3o Oliveira, um dos principais respons\u00e1veis pela viabiliza\u00e7\u00e3o do Aeroporto, na \u00e9poca que comandava a Secretaria de Transportes de Pernambuco.<\/span><\/p>\n<p style=\"text-align: justify;\"><span style=\"font-size: 14pt; font-family: arial, helvetica, sans-serif;\">O presidente estadual do Avante tamb\u00e9m pontuou a relev\u00e2ncia do Aeroporto durante a pandemia, fazendo com que as vacinas chegassem com rapidez a Serra Talhada, que funcionou como centro de distribui\u00e7\u00e3o: \u201cMuitas vidas foram salvas naquele momento, gra\u00e7as ao transporte r\u00e1pido que a avia\u00e7\u00e3o oferece, possibilitando agilidade no atendimento. No caso de transplante de \u00f3rg\u00e3o e no servi\u00e7o de aerom\u00e9dico cada segundo faz a diferen\u00e7a. Isso permitir\u00e1 que mais vidas sejam salvas\u201d, enalteceu o m\u00e9dico Sebasti\u00e3o Oliveira.<\/span><\/p>\n<p style=\"text-align: justify;\"><span style=\"font-size: 14pt; font-family: arial, helvetica, sans-serif;\">Sebasti\u00e3o ressaltou ainda que o aeroporto \u00e9 fundamental para o desenvolvimento de Serra Talhada, tendo em vista que atrai neg\u00f3cios e conecta o munic\u00edpio do Sert\u00e3o do Paje\u00fa com o mundo por meio da opera\u00e7\u00e3o regular da Azul, que, inclusive, instalou uma loja da Azul Cargo que \u201cd\u00e1 mais dinamismo \u00e0s entregas das compras feitas pela internet em todo o pa\u00eds\u201d, explicou.<\/span><\/p>\n","protected":false},"excerpt":{"rendered":"<p>A tradicional Festa de Setembro movimenta a economia do munic&iacute;pio e gera renda para diversas fam&iacute;lias sertanejas.&nbsp; Ao desembarcar, na manh&atilde; desta segunda-feira (8), no Aeroporto de Serra Talhada, onde foi recebido pelo vice-prefeito Faeca Melo (Avante),&nbsp; Sebasti&atilde;o Oliveira enalteceu&nbsp; o importante papel do equipamento na log&iacute;stica dos diversos artistas que subiram ao palco para fazer a alegria da plateia.&nbsp; Nomes de peso da m&uacute;sica nacional, como L&eacute;o Santana, Simone Mendes, Pablo, Murilo Huff e Felipe Amorim utilizaram o equipamento nos seus deslocamentos. Amado Batista, que far&aacute; show em Carnaubeira da Penha, no Sert&atilde;o do Itaparica, tamb&eacute;m posou no Santa &#8230; <\/p>\n<p class=\"read-more-container\"><a title=\"Ao lado de Faeca, Sebasti\u00e3o Oliveira destaca papel do Aeroporto de Serra Talhada\" class=\"read-more button\" href=\"https:\/\/blogdojuniorcavalcanti.com.br\/index.php\/2025\/09\/08\/ao-lado-de-faeca-sebastiao-oliveira-destaca-papel-do-aeroporto-de-serra-talhada\/#more-47379\" aria-label=\"More on Ao lado de Faeca, Sebasti\u00e3o Oliveira destaca papel do Aeroporto de Serra Talhada\">Leia mais<\/a><\/p>\n","protected":false},"author":2,"featured_media":47380,"comment_status":"open","ping_status":"open","sticky":false,"template":"","format":"standard","meta":{"footnotes":""},"categories":[27],"tags":[],"class_list":["post-47379","post","type-post","status-publish","format-standard","has-post-thumbnail","hentry","category-politica","resize-featured-image"],"_links":{"self":[{"href":"https:\/\/blogdojuniorcavalcanti.com.br\/index.php\/wp-json\/wp\/v2\/posts\/47379","targetHints":{"allow":["GET"]}}],"collection":[{"href":"https:\/\/blogdojuniorcavalcanti.com.br\/index.php\/wp-json\/wp\/v2\/posts"}],"about":[{"href":"https:\/\/blogdojuniorcavalcanti.com.br\/index.php\/wp-json\/wp\/v2\/types\/post"}],"author":[{"embeddable":true,"href":"https:\/\/blogdojuniorcavalcanti.com.br\/index.php\/wp-json\/wp\/v2\/users\/2"}],"replies":[{"embeddable":true,"href":"https:\/\/blogdojuniorcavalcanti.com.br\/index.php\/wp-json\/wp\/v2\/comments?post=47379"}],"version-history":[{"count":1,"href":"https:\/\/blogdojuniorcavalcanti.com.br\/index.php\/wp-json\/wp\/v2\/posts\/47379\/revisions"}],"predecessor-version":[{"id":47381,"href":"https:\/\/blogdojuniorcavalcanti.com.br\/index.php\/wp-json\/wp\/v2\/posts\/47379\/revisions\/47381"}],"wp:featuredmedia":[{"embeddable":true,"href":"https:\/\/blogdojuniorcavalcanti.com.br\/index.php\/wp-json\/wp\/v2\/media\/47380"}],"wp:attachment":[{"href":"https:\/\/blogdojuniorcavalcanti.com.br\/index.php\/wp-json\/wp\/v2\/media?parent=47379"}],"wp:term":[{"taxonomy":"category","embeddable":true,"href":"https:\/\/blogdojuniorcavalcanti.com.br\/index.php\/wp-json\/wp\/v2\/categories?post=47379"},{"taxonomy":"post_tag","embeddable":true,"href":"https:\/\/blogdojuniorcavalcanti.com.br\/index.php\/wp-json\/wp\/v2\/tags?post=47379"}],"curies":[{"name":"wp","href":"https:\/\/api.w.org\/{rel}","templated":true}]}}