{"id":47642,"date":"2025-09-14T10:08:21","date_gmt":"2025-09-14T13:08:21","guid":{"rendered":"https:\/\/blogdojuniorcavalcanti.com.br\/?p=47642"},"modified":"2025-09-14T10:08:21","modified_gmt":"2025-09-14T13:08:21","slug":"pernambuco-registra-recorde-de-inscricoes-na-2a-turma-da-residencia-intersetorial-em-primeira-infancia-da-scj-pe","status":"publish","type":"post","link":"https:\/\/blogdojuniorcavalcanti.com.br\/index.php\/2025\/09\/14\/pernambuco-registra-recorde-de-inscricoes-na-2a-turma-da-residencia-intersetorial-em-primeira-infancia-da-scj-pe\/","title":{"rendered":"Pernambuco registra recorde de inscri\u00e7\u00f5es na 2\u00aa turma da Resid\u00eancia Intersetorial em Primeira Inf\u00e2ncia da SCJ-PE"},"content":{"rendered":"<p style=\"text-align: justify;\"><span style=\"font-size: 14pt; font-family: arial, helvetica, sans-serif;\"><strong><em>Forma\u00e7\u00e3o pioneira refor\u00e7a rede de prote\u00e7\u00e3o e qualifica profissionais para enfrentar situa\u00e7\u00f5es de vulnerabilidade e viol\u00eancia infantil<\/em><\/strong><\/span><\/p>\n<p style=\"text-align: justify;\"><span style=\"font-size: 14pt; font-family: arial, helvetica, sans-serif;\">A Resid\u00eancia Intersetorial em Primeira Inf\u00e2ncia, iniciativa do Governo de Pernambuco executada por meio da Secretaria da Crian\u00e7a e da Juventude (SCJ-PE), registrou um recorde de interesse em sua segunda turma: foram 251 candidatos inscritos, oriundos de mais de 60 munic\u00edpios, para o preenchimento de 150 vagas.<\/span><\/p>\n<p style=\"text-align: justify;\"><span style=\"font-size: 14pt; font-family: arial, helvetica, sans-serif;\">\u00a0A iniciativa, que conta com o apoio da Universidade de Pernambuco (UPE) e da Escola de Governo da Administra\u00e7\u00e3o P\u00fablica (EGAPE), \u00e9 pioneira no Brasil e mostra o quanto profissionais de diferentes \u00e1reas buscam qualifica\u00e7\u00e3o para atuar na defesa dos direitos da crian\u00e7a. O in\u00edcio das aulas est\u00e1 previsto para 6 de outubro, com dura\u00e7\u00e3o de 12 meses.<\/span><\/p>\n<p style=\"text-align: justify;\"><span style=\"font-size: 14pt; font-family: arial, helvetica, sans-serif;\">\u201cMais do que uma forma\u00e7\u00e3o, a Resid\u00eancia em Primeira Inf\u00e2ncia que o Governo de Pernambuco est\u00e1 oferecendo representa uma estrat\u00e9gia de fortalecimento de toda a rede de prote\u00e7\u00e3o infantil. Essa a\u00e7\u00e3o vai oferecer aos profissionais instrumentos te\u00f3ricos e pr\u00e1ticos para identificar, prevenir e intervir em situa\u00e7\u00f5es de viol\u00eancia e neglig\u00eancia, sobretudo em creches, pr\u00e9-escolas e espa\u00e7os comunit\u00e1rios, fortalecendo a articula\u00e7\u00e3o intersetorial. Cuidar das crian\u00e7as e adolescentes pernambucanos \u00e9 mais do que nossa meta, \u00e9 uma miss\u00e3o de todo o time do governo\u201d, afirmou a governadora Raquel Lyra.<\/span><\/p>\n<p style=\"text-align: justify;\"><span style=\"font-size: 14pt; font-family: arial, helvetica, sans-serif;\">Na pr\u00e1tica, os profissionais residentes passam por uma forma\u00e7\u00e3o robusta, com 740 horas de atividades formativas, oferecidas na modalidade de Ensino a Dist\u00e2ncia (EaD), e complementadas por projetos de interven\u00e7\u00e3o nos munic\u00edpios. Essa estrutura garante n\u00e3o apenas a aquisi\u00e7\u00e3o de conhecimento t\u00e9cnico, mas tamb\u00e9m a aplica\u00e7\u00e3o direta nos territ\u00f3rios. A primeira turma j\u00e1 demonstrou resultados concretos. Ao todo, foram 101 profissionais formados, respons\u00e1veis pela cria\u00e7\u00e3o de 54 projetos aplicados em 45 munic\u00edpios, alcan\u00e7ando, de forma direta e indireta, mais de meio milh\u00e3o de crian\u00e7as de 0 a 6 anos em Pernambuco.<\/span><\/p>\n","protected":false},"excerpt":{"rendered":"<p>Forma&ccedil;&atilde;o pioneira refor&ccedil;a rede de prote&ccedil;&atilde;o e qualifica profissionais para enfrentar situa&ccedil;&otilde;es de vulnerabilidade e viol&ecirc;ncia infantil A Resid&ecirc;ncia Intersetorial em Primeira Inf&acirc;ncia, iniciativa do Governo de Pernambuco executada por meio da Secretaria da Crian&ccedil;a e da Juventude (SCJ-PE), registrou um recorde de interesse em sua segunda turma: foram 251 candidatos inscritos, oriundos de mais de 60 munic&iacute;pios, para o preenchimento de 150 vagas. &nbsp;A iniciativa, que conta com o apoio da Universidade de Pernambuco (UPE) e da Escola de Governo da Administra&ccedil;&atilde;o P&uacute;blica (EGAPE), &eacute; pioneira no Brasil e mostra o quanto profissionais de diferentes &aacute;reas buscam qualifica&ccedil;&atilde;o para &#8230; <\/p>\n<p class=\"read-more-container\"><a title=\"Pernambuco registra recorde de inscri\u00e7\u00f5es na 2\u00aa turma da Resid\u00eancia Intersetorial em Primeira Inf\u00e2ncia da SCJ-PE\" class=\"read-more button\" href=\"https:\/\/blogdojuniorcavalcanti.com.br\/index.php\/2025\/09\/14\/pernambuco-registra-recorde-de-inscricoes-na-2a-turma-da-residencia-intersetorial-em-primeira-infancia-da-scj-pe\/#more-47642\" aria-label=\"More on Pernambuco registra recorde de inscri\u00e7\u00f5es na 2\u00aa turma da Resid\u00eancia Intersetorial em Primeira Inf\u00e2ncia da SCJ-PE\">Leia mais<\/a><\/p>\n","protected":false},"author":2,"featured_media":47643,"comment_status":"open","ping_status":"open","sticky":false,"template":"","format":"standard","meta":{"footnotes":""},"categories":[38],"tags":[],"class_list":["post-47642","post","type-post","status-publish","format-standard","has-post-thumbnail","hentry","category-pernambuco","resize-featured-image"],"_links":{"self":[{"href":"https:\/\/blogdojuniorcavalcanti.com.br\/index.php\/wp-json\/wp\/v2\/posts\/47642","targetHints":{"allow":["GET"]}}],"collection":[{"href":"https:\/\/blogdojuniorcavalcanti.com.br\/index.php\/wp-json\/wp\/v2\/posts"}],"about":[{"href":"https:\/\/blogdojuniorcavalcanti.com.br\/index.php\/wp-json\/wp\/v2\/types\/post"}],"author":[{"embeddable":true,"href":"https:\/\/blogdojuniorcavalcanti.com.br\/index.php\/wp-json\/wp\/v2\/users\/2"}],"replies":[{"embeddable":true,"href":"https:\/\/blogdojuniorcavalcanti.com.br\/index.php\/wp-json\/wp\/v2\/comments?post=47642"}],"version-history":[{"count":1,"href":"https:\/\/blogdojuniorcavalcanti.com.br\/index.php\/wp-json\/wp\/v2\/posts\/47642\/revisions"}],"predecessor-version":[{"id":47644,"href":"https:\/\/blogdojuniorcavalcanti.com.br\/index.php\/wp-json\/wp\/v2\/posts\/47642\/revisions\/47644"}],"wp:featuredmedia":[{"embeddable":true,"href":"https:\/\/blogdojuniorcavalcanti.com.br\/index.php\/wp-json\/wp\/v2\/media\/47643"}],"wp:attachment":[{"href":"https:\/\/blogdojuniorcavalcanti.com.br\/index.php\/wp-json\/wp\/v2\/media?parent=47642"}],"wp:term":[{"taxonomy":"category","embeddable":true,"href":"https:\/\/blogdojuniorcavalcanti.com.br\/index.php\/wp-json\/wp\/v2\/categories?post=47642"},{"taxonomy":"post_tag","embeddable":true,"href":"https:\/\/blogdojuniorcavalcanti.com.br\/index.php\/wp-json\/wp\/v2\/tags?post=47642"}],"curies":[{"name":"wp","href":"https:\/\/api.w.org\/{rel}","templated":true}]}}