{"id":47687,"date":"2025-09-15T10:11:45","date_gmt":"2025-09-15T13:11:45","guid":{"rendered":"https:\/\/blogdojuniorcavalcanti.com.br\/?p=47687"},"modified":"2025-09-15T10:11:45","modified_gmt":"2025-09-15T13:11:45","slug":"afogados-fc-vence-o-salgueiro-no-cornelio-de-barros-pelo-pernambucano-sub-20","status":"publish","type":"post","link":"https:\/\/blogdojuniorcavalcanti.com.br\/index.php\/2025\/09\/15\/afogados-fc-vence-o-salgueiro-no-cornelio-de-barros-pelo-pernambucano-sub-20\/","title":{"rendered":"Afogados FC vence o Salgueiro, no Corn\u00e9lio de Barros, pelo Pernambucano Sub-20"},"content":{"rendered":"<p style=\"text-align: justify;\"><strong><span style=\"font-size: 14pt; font-family: arial, helvetica, sans-serif;\">Com informa\u00e7\u00f5es do blog PE Not\u00edcias<\/span><\/strong><\/p>\n<p style=\"text-align: justify;\"><span style=\"font-size: 14pt; font-family: arial, helvetica, sans-serif;\">O jogo que marcou o retorno do Salgueiro Atl\u00e9tico Clube ao cen\u00e1rio do futebol pernambucano, terminou com uma derrota diante da sua torcida no Corn\u00e9lio de Barros. Em partida disputada no \u00faltimo s\u00e1bado, o Afogados FC trouxe para seus dom\u00ednios os tr\u00eas pontos pela vit\u00f3ria contra Salgueiro Atl\u00e9tico pelo placar de 1 X 0. Leoz\u00e3o marcou o \u00fanico gol do jogo aos 35 minutos do segundo tempo.<\/span><\/p>\n<p style=\"text-align: justify;\"><span style=\"font-size: 14pt; font-family: arial, helvetica, sans-serif;\">A partida foi equilibrada, mas o Afogados FC soube aproveitar melhor as oportunidades criadas e conseguiu balan\u00e7ar as redes, garantindo os tr\u00eas pontos fora de casa. O Salgueiro at\u00e9 que tentou reagir, pressionou nos minutos finais, mas n\u00e3o conseguiu chegar ao empate.<\/span><\/p>\n<p style=\"text-align: justify;\"><span style=\"font-size: 14pt; font-family: arial, helvetica, sans-serif;\">O duelo registrou p\u00fablico de 470 torcedores e uma renda de R$ 4.350,00.<\/span><\/p>\n<p style=\"text-align: justify;\"><span style=\"font-size: 14pt; font-family: arial, helvetica, sans-serif;\">Os pr\u00f3ximos compromissos ser\u00e3o Afogados x Petrolina no pr\u00f3ximo domingo (21), \u00e0s 15h no Est\u00e1dio Vian\u00e3o. O Afogados FC joga tamb\u00e9m dentro de casa contra o Pesqueira, no domingo (28), \u00e0s 15h.<\/span><\/p>\n<p style=\"text-align: justify;\"><span style=\"font-size: 14pt; font-family: arial, helvetica, sans-serif;\"><strong>Um coment\u00e1rio do Blog PE Not\u00edcias:<\/strong>\u00a0O estado deplor\u00e1vel do gramado do Corn\u00e9lio de Barros, em Salgueiro, onde o jogo com a bola rolando fica quase que imposs\u00edvel, \u00e9 que podemos observar como \u00e9 tratado do gramado do Est\u00e1dio Vian\u00e3o, que na vit\u00f3ria do Afogados FC sobre o Atl\u00e9tico Mineiro, pela Copa do Brasil, foi elogiado nada mais, nada menos, por Tite, ex-treinador da Sele\u00e7\u00e3o Brasileira, quando disse: \u201cAfogados da Ingazeira est\u00e1 de parab\u00e9ns por ter um Est\u00e1dio de Futebol onde seu gramado parece um tapete\u201d. E pela experi\u00eancia de ter passado por v\u00e1rios est\u00e1dios de futebol do mundo, Tite sabia o que estava dizendo \u00e0 \u00e9poca. Parab\u00e9ns aos que coordenam o Est\u00e1dio Vian\u00e3o e a equipe que cuida do seu gramado.<\/span><\/p>\n","protected":false},"excerpt":{"rendered":"<p>Com informa&ccedil;&otilde;es do blog PE Not&iacute;cias O jogo que marcou o retorno do Salgueiro Atl&eacute;tico Clube ao cen&aacute;rio do futebol pernambucano, terminou com uma derrota diante da sua torcida no Corn&eacute;lio de Barros. Em partida disputada no &uacute;ltimo s&aacute;bado, o Afogados FC trouxe para seus dom&iacute;nios os tr&ecirc;s pontos pela vit&oacute;ria contra Salgueiro Atl&eacute;tico pelo placar de 1 X 0. Leoz&atilde;o marcou o &uacute;nico gol do jogo aos 35 minutos do segundo tempo. A partida foi equilibrada, mas o Afogados FC soube aproveitar melhor as oportunidades criadas e conseguiu balan&ccedil;ar as redes, garantindo os tr&ecirc;s pontos fora de casa. O &#8230; <\/p>\n<p class=\"read-more-container\"><a title=\"Afogados FC vence o Salgueiro, no Corn\u00e9lio de Barros, pelo Pernambucano Sub-20\" class=\"read-more button\" href=\"https:\/\/blogdojuniorcavalcanti.com.br\/index.php\/2025\/09\/15\/afogados-fc-vence-o-salgueiro-no-cornelio-de-barros-pelo-pernambucano-sub-20\/#more-47687\" aria-label=\"More on Afogados FC vence o Salgueiro, no Corn\u00e9lio de Barros, pelo Pernambucano Sub-20\">Leia mais<\/a><\/p>\n","protected":false},"author":2,"featured_media":47688,"comment_status":"open","ping_status":"open","sticky":false,"template":"","format":"standard","meta":{"footnotes":""},"categories":[37],"tags":[],"class_list":["post-47687","post","type-post","status-publish","format-standard","has-post-thumbnail","hentry","category-cidades","resize-featured-image"],"_links":{"self":[{"href":"https:\/\/blogdojuniorcavalcanti.com.br\/index.php\/wp-json\/wp\/v2\/posts\/47687","targetHints":{"allow":["GET"]}}],"collection":[{"href":"https:\/\/blogdojuniorcavalcanti.com.br\/index.php\/wp-json\/wp\/v2\/posts"}],"about":[{"href":"https:\/\/blogdojuniorcavalcanti.com.br\/index.php\/wp-json\/wp\/v2\/types\/post"}],"author":[{"embeddable":true,"href":"https:\/\/blogdojuniorcavalcanti.com.br\/index.php\/wp-json\/wp\/v2\/users\/2"}],"replies":[{"embeddable":true,"href":"https:\/\/blogdojuniorcavalcanti.com.br\/index.php\/wp-json\/wp\/v2\/comments?post=47687"}],"version-history":[{"count":1,"href":"https:\/\/blogdojuniorcavalcanti.com.br\/index.php\/wp-json\/wp\/v2\/posts\/47687\/revisions"}],"predecessor-version":[{"id":47689,"href":"https:\/\/blogdojuniorcavalcanti.com.br\/index.php\/wp-json\/wp\/v2\/posts\/47687\/revisions\/47689"}],"wp:featuredmedia":[{"embeddable":true,"href":"https:\/\/blogdojuniorcavalcanti.com.br\/index.php\/wp-json\/wp\/v2\/media\/47688"}],"wp:attachment":[{"href":"https:\/\/blogdojuniorcavalcanti.com.br\/index.php\/wp-json\/wp\/v2\/media?parent=47687"}],"wp:term":[{"taxonomy":"category","embeddable":true,"href":"https:\/\/blogdojuniorcavalcanti.com.br\/index.php\/wp-json\/wp\/v2\/categories?post=47687"},{"taxonomy":"post_tag","embeddable":true,"href":"https:\/\/blogdojuniorcavalcanti.com.br\/index.php\/wp-json\/wp\/v2\/tags?post=47687"}],"curies":[{"name":"wp","href":"https:\/\/api.w.org\/{rel}","templated":true}]}}