{"id":47802,"date":"2025-09-17T08:04:37","date_gmt":"2025-09-17T11:04:37","guid":{"rendered":"https:\/\/blogdojuniorcavalcanti.com.br\/?p=47802"},"modified":"2025-09-17T08:04:37","modified_gmt":"2025-09-17T11:04:37","slug":"savio-torres-diz-que-nao-trata-de-2028-agora-relacionamento-com-diogenes-e-bom","status":"publish","type":"post","link":"https:\/\/blogdojuniorcavalcanti.com.br\/index.php\/2025\/09\/17\/savio-torres-diz-que-nao-trata-de-2028-agora-relacionamento-com-diogenes-e-bom\/","title":{"rendered":"S\u00e1vio Torres diz que n\u00e3o trata de 2028 agora. \u201cRelacionamento com Di\u00f3genes \u00e9 bom\u201d"},"content":{"rendered":"<p style=\"text-align: justify;\"><span style=\"font-size: 14pt; font-family: arial, helvetica, sans-serif;\">O ex-prefeito de Tuparetama,\u00a0 S\u00e1vio Torres,\u00a0 evitou falar em antecipa\u00e7\u00e3o de uma pr\u00e9-candidatura \u00e0 prefeitura do munic\u00edpio em 2028.<\/span><\/p>\n<p style=\"text-align: justify;\"><span style=\"font-size: 14pt; font-family: arial, helvetica, sans-serif;\">S\u00e1vio afirmou que tem se dedicado \u00e0 miss\u00e3o na Casa Civil,\u00a0 e que Di\u00f3genes Patriota tem feito seu trabalho \u00e0 frente da Prefeitura sem sua interfer\u00eancia.<\/span><\/p>\n<p style=\"text-align: justify;\"><span style=\"font-size: 14pt; font-family: arial, helvetica, sans-serif;\">\u201cO relacionamento \u00e9 bom, como a gente votou no prefeito, ele t\u00e1 trabalhando e a gente deixa que o prefeito cuide\u201d, disse,\u00a0 afirmando que se mant\u00e9m na pol\u00edtica pela contribui\u00e7\u00e3o que ainda pode dar, inclusive na atual fun\u00e7\u00e3o.<\/span><\/p>\n<p style=\"text-align: justify;\"><span style=\"font-size: 14pt; font-family: arial, helvetica, sans-serif;\">\u201c\u00c9 evidente que ele t\u00e1 no primeiro mandato,\u00a0 tem direito \u00e0 reelei\u00e7\u00e3o, e \u00e9 um assunto que vamos conversar com muita sinceridade (no tempo adequado)\u201d, afirmou.<\/span><\/p>\n<p style=\"text-align: justify;\"><span style=\"font-size: 14pt; font-family: arial, helvetica, sans-serif;\">S\u00e1vio disse que a pauta do momento \u00e9 da defesa da governadora Raquel Lyra,\u00a0 dos Deputados do grupo. \u201cN\u00e3o trato da elei\u00e7\u00e3o de 2028, agora, me dou bem com ele\u201d.<\/span><\/p>\n<p style=\"text-align: justify;\"><span style=\"font-size: 14pt; font-family: arial, helvetica, sans-serif;\">Ele deu por exemplo o jantar oferecido a Ricardo Paes Barreto,\u00a0 presidente do TJPE em sua casa, onde recebeu Di\u00f3genes. \u201cN\u00e3o h\u00e1 nenhum problema. Ele t\u00e1 cuidando l\u00e1 e eu t\u00f4 cuidando da assessoria, cuidando da minha vida. T\u00e1 tudo caminhando bem\u201d.<\/span><\/p>\n","protected":false},"excerpt":{"rendered":"<p>O ex-prefeito de Tuparetama,&nbsp; S&aacute;vio Torres,&nbsp; evitou falar em antecipa&ccedil;&atilde;o de uma pr&eacute;-candidatura &agrave; prefeitura do munic&iacute;pio em 2028. S&aacute;vio afirmou que tem se dedicado &agrave; miss&atilde;o na Casa Civil,&nbsp; e que Di&oacute;genes Patriota tem feito seu trabalho &agrave; frente da Prefeitura sem sua interfer&ecirc;ncia. &ldquo;O relacionamento &eacute; bom, como a gente votou no prefeito, ele t&aacute; trabalhando e a gente deixa que o prefeito cuide&rdquo;, disse,&nbsp; afirmando que se mant&eacute;m na pol&iacute;tica pela contribui&ccedil;&atilde;o que ainda pode dar, inclusive na atual fun&ccedil;&atilde;o. &ldquo;&Eacute; evidente que ele t&aacute; no primeiro mandato,&nbsp; tem direito &agrave; reelei&ccedil;&atilde;o, e &eacute; um assunto que &#8230; <\/p>\n<p class=\"read-more-container\"><a title=\"S\u00e1vio Torres diz que n\u00e3o trata de 2028 agora. \u201cRelacionamento com Di\u00f3genes \u00e9 bom\u201d\" class=\"read-more button\" href=\"https:\/\/blogdojuniorcavalcanti.com.br\/index.php\/2025\/09\/17\/savio-torres-diz-que-nao-trata-de-2028-agora-relacionamento-com-diogenes-e-bom\/#more-47802\" aria-label=\"More on S\u00e1vio Torres diz que n\u00e3o trata de 2028 agora. \u201cRelacionamento com Di\u00f3genes \u00e9 bom\u201d\">Leia mais<\/a><\/p>\n","protected":false},"author":2,"featured_media":47803,"comment_status":"open","ping_status":"open","sticky":false,"template":"","format":"standard","meta":{"footnotes":""},"categories":[27],"tags":[],"class_list":["post-47802","post","type-post","status-publish","format-standard","has-post-thumbnail","hentry","category-politica","resize-featured-image"],"_links":{"self":[{"href":"https:\/\/blogdojuniorcavalcanti.com.br\/index.php\/wp-json\/wp\/v2\/posts\/47802","targetHints":{"allow":["GET"]}}],"collection":[{"href":"https:\/\/blogdojuniorcavalcanti.com.br\/index.php\/wp-json\/wp\/v2\/posts"}],"about":[{"href":"https:\/\/blogdojuniorcavalcanti.com.br\/index.php\/wp-json\/wp\/v2\/types\/post"}],"author":[{"embeddable":true,"href":"https:\/\/blogdojuniorcavalcanti.com.br\/index.php\/wp-json\/wp\/v2\/users\/2"}],"replies":[{"embeddable":true,"href":"https:\/\/blogdojuniorcavalcanti.com.br\/index.php\/wp-json\/wp\/v2\/comments?post=47802"}],"version-history":[{"count":1,"href":"https:\/\/blogdojuniorcavalcanti.com.br\/index.php\/wp-json\/wp\/v2\/posts\/47802\/revisions"}],"predecessor-version":[{"id":47804,"href":"https:\/\/blogdojuniorcavalcanti.com.br\/index.php\/wp-json\/wp\/v2\/posts\/47802\/revisions\/47804"}],"wp:featuredmedia":[{"embeddable":true,"href":"https:\/\/blogdojuniorcavalcanti.com.br\/index.php\/wp-json\/wp\/v2\/media\/47803"}],"wp:attachment":[{"href":"https:\/\/blogdojuniorcavalcanti.com.br\/index.php\/wp-json\/wp\/v2\/media?parent=47802"}],"wp:term":[{"taxonomy":"category","embeddable":true,"href":"https:\/\/blogdojuniorcavalcanti.com.br\/index.php\/wp-json\/wp\/v2\/categories?post=47802"},{"taxonomy":"post_tag","embeddable":true,"href":"https:\/\/blogdojuniorcavalcanti.com.br\/index.php\/wp-json\/wp\/v2\/tags?post=47802"}],"curies":[{"name":"wp","href":"https:\/\/api.w.org\/{rel}","templated":true}]}}