{"id":48011,"date":"2025-09-21T10:11:37","date_gmt":"2025-09-21T13:11:37","guid":{"rendered":"https:\/\/blogdojuniorcavalcanti.com.br\/?p=48011"},"modified":"2025-09-21T10:11:37","modified_gmt":"2025-09-21T13:11:37","slug":"no-recife-pms-vao-precisar-manter-identificacao-visivel-em-ato-contra-anistia-e-pec-da-blindagem","status":"publish","type":"post","link":"https:\/\/blogdojuniorcavalcanti.com.br\/index.php\/2025\/09\/21\/no-recife-pms-vao-precisar-manter-identificacao-visivel-em-ato-contra-anistia-e-pec-da-blindagem\/","title":{"rendered":"No Recife, PMs v\u00e3o precisar manter identifica\u00e7\u00e3o vis\u00edvel em ato contra anistia e PEC da Blindagem"},"content":{"rendered":"<p style=\"text-align: justify;\"><span style=\"font-size: 14pt; font-family: arial, helvetica, sans-serif;\">Os policiais militares destacados para atuar na manifesta\u00e7\u00e3o \u201cSem Anistia! PEC da Bandidagem N\u00e3o!\u201d, marcada para acontecer neste domingo (21), no Centro do Recife, v\u00e3o ser obrigados a usar colete \u00e0 prova de balas e a manter a identifica\u00e7\u00e3o vis\u00edvel no uniforme.<\/span><\/p>\n<p style=\"text-align: justify;\"><span style=\"font-size: 14pt; font-family: arial, helvetica, sans-serif;\">As medidas fazem parte de recomenda\u00e7\u00e3o do Minist\u00e9rio P\u00fablico de Pernambuco (MPPE), \u00f3rg\u00e3o respons\u00e1vel pelo controle externo das for\u00e7as policiais, que foram acatadas pelo Comando-Geral da PM de Pernambuco.<\/span><\/p>\n<p style=\"text-align: justify;\"><span style=\"font-size: 14pt; font-family: arial, helvetica, sans-serif;\">\u201cO MPPE orienta o Comando-Geral da PMPE a determinar ao efetivo policial destacado para trabalhar no evento que observe o uso diferenciado da for\u00e7a, com base nos princ\u00edpios da legalidade, necessidade, razoabilidade e proporcionalidade, para evitar o uso inadequado de armas, letais ou n\u00e3o\u201d, diz o \u00f3rg\u00e3o, em nota.<\/span><\/p>\n<p style=\"text-align: justify;\"><span style=\"font-size: 14pt; font-family: arial, helvetica, sans-serif;\">\u201cA iniciativa do MPPE busca compatibilizar a atua\u00e7\u00e3o policial com o respeito ao direito \u00e0 livre manifesta\u00e7\u00e3o de pensamento e de reuni\u00e3o pac\u00edfica, visando proteger a integridade f\u00edsica e a liberdade da popula\u00e7\u00e3o\u201d, afirma o comunicado.<\/span><\/p>\n<p style=\"text-align: justify;\"><span style=\"font-size: 14pt; font-family: arial, helvetica, sans-serif;\">No Recife, o ato \u201cSem Anistia! PEC da Bandidagem N\u00e3o!\u201d est\u00e1 marcado para acontecer na Rua da Aurora, a partir das 14h.<\/span><\/p>\n","protected":false},"excerpt":{"rendered":"<p>Os policiais militares destacados para atuar na manifesta&ccedil;&atilde;o &ldquo;Sem Anistia! PEC da Bandidagem N&atilde;o!&rdquo;, marcada para acontecer neste domingo (21), no Centro do Recife, v&atilde;o ser obrigados a usar colete &agrave; prova de balas e a manter a identifica&ccedil;&atilde;o vis&iacute;vel no uniforme. As medidas fazem parte de recomenda&ccedil;&atilde;o do Minist&eacute;rio P&uacute;blico de Pernambuco (MPPE), &oacute;rg&atilde;o respons&aacute;vel pelo controle externo das for&ccedil;as policiais, que foram acatadas pelo Comando-Geral da PM de Pernambuco. &ldquo;O MPPE orienta o Comando-Geral da PMPE a determinar ao efetivo policial destacado para trabalhar no evento que observe o uso diferenciado da for&ccedil;a, com base nos princ&iacute;pios da &#8230; <\/p>\n<p class=\"read-more-container\"><a title=\"No Recife, PMs v\u00e3o precisar manter identifica\u00e7\u00e3o vis\u00edvel em ato contra anistia e PEC da Blindagem\" class=\"read-more button\" href=\"https:\/\/blogdojuniorcavalcanti.com.br\/index.php\/2025\/09\/21\/no-recife-pms-vao-precisar-manter-identificacao-visivel-em-ato-contra-anistia-e-pec-da-blindagem\/#more-48011\" aria-label=\"More on No Recife, PMs v\u00e3o precisar manter identifica\u00e7\u00e3o vis\u00edvel em ato contra anistia e PEC da Blindagem\">Leia mais<\/a><\/p>\n","protected":false},"author":2,"featured_media":48012,"comment_status":"open","ping_status":"open","sticky":false,"template":"","format":"standard","meta":{"footnotes":""},"categories":[38],"tags":[],"class_list":["post-48011","post","type-post","status-publish","format-standard","has-post-thumbnail","hentry","category-pernambuco","resize-featured-image"],"_links":{"self":[{"href":"https:\/\/blogdojuniorcavalcanti.com.br\/index.php\/wp-json\/wp\/v2\/posts\/48011","targetHints":{"allow":["GET"]}}],"collection":[{"href":"https:\/\/blogdojuniorcavalcanti.com.br\/index.php\/wp-json\/wp\/v2\/posts"}],"about":[{"href":"https:\/\/blogdojuniorcavalcanti.com.br\/index.php\/wp-json\/wp\/v2\/types\/post"}],"author":[{"embeddable":true,"href":"https:\/\/blogdojuniorcavalcanti.com.br\/index.php\/wp-json\/wp\/v2\/users\/2"}],"replies":[{"embeddable":true,"href":"https:\/\/blogdojuniorcavalcanti.com.br\/index.php\/wp-json\/wp\/v2\/comments?post=48011"}],"version-history":[{"count":1,"href":"https:\/\/blogdojuniorcavalcanti.com.br\/index.php\/wp-json\/wp\/v2\/posts\/48011\/revisions"}],"predecessor-version":[{"id":48013,"href":"https:\/\/blogdojuniorcavalcanti.com.br\/index.php\/wp-json\/wp\/v2\/posts\/48011\/revisions\/48013"}],"wp:featuredmedia":[{"embeddable":true,"href":"https:\/\/blogdojuniorcavalcanti.com.br\/index.php\/wp-json\/wp\/v2\/media\/48012"}],"wp:attachment":[{"href":"https:\/\/blogdojuniorcavalcanti.com.br\/index.php\/wp-json\/wp\/v2\/media?parent=48011"}],"wp:term":[{"taxonomy":"category","embeddable":true,"href":"https:\/\/blogdojuniorcavalcanti.com.br\/index.php\/wp-json\/wp\/v2\/categories?post=48011"},{"taxonomy":"post_tag","embeddable":true,"href":"https:\/\/blogdojuniorcavalcanti.com.br\/index.php\/wp-json\/wp\/v2\/tags?post=48011"}],"curies":[{"name":"wp","href":"https:\/\/api.w.org\/{rel}","templated":true}]}}