{"id":48081,"date":"2025-09-22T10:16:39","date_gmt":"2025-09-22T13:16:39","guid":{"rendered":"https:\/\/blogdojuniorcavalcanti.com.br\/?p=48081"},"modified":"2025-09-22T10:16:39","modified_gmt":"2025-09-22T13:16:39","slug":"enquete-mostra-rejeicao-a-fala-de-joao-campos-sobre-pec-da-blindagem","status":"publish","type":"post","link":"https:\/\/blogdojuniorcavalcanti.com.br\/index.php\/2025\/09\/22\/enquete-mostra-rejeicao-a-fala-de-joao-campos-sobre-pec-da-blindagem\/","title":{"rendered":"Enquete mostra rejei\u00e7\u00e3o \u00e0 fala de Jo\u00e3o Campos sobre PEC da Blindagem"},"content":{"rendered":"<p style=\"text-align: justify;\"><span style=\"font-size: 14pt; font-family: arial, helvetica, sans-serif;\">Por Andr\u00e9 Luiz<\/span><\/p>\n<p style=\"text-align: justify;\"><span style=\"font-size: 14pt; font-family: arial, helvetica, sans-serif;\">Uma enquete realizada nesta segunda-feira (22) no programa R\u00e1dio Vivo, da R\u00e1dio Paje\u00fa, revelou a falta de credibilidade da fala do prefeito do Recife e presidente nacional do PSB, Jo\u00e3o Campos, em rela\u00e7\u00e3o \u00e0 PEC da Blindagem.<\/span><\/p>\n<p style=\"text-align: justify;\"><span style=\"font-size: 14pt; font-family: arial, helvetica, sans-serif;\">A consulta perguntou se a declara\u00e7\u00e3o de Jo\u00e3o, de que n\u00e3o apoia a PEC, convenceu a popula\u00e7\u00e3o. Dos 21 ouvintes que participaram, todos foram un\u00e2nimes: n\u00e3o convence.<\/span><\/p>\n<p style=\"text-align: justify;\"><span style=\"font-size: 14pt; font-family: arial, helvetica, sans-serif;\">O resultado exp\u00f5e o desgaste pol\u00edtico enfrentado pelo prefeito e pelo partido, j\u00e1 que, apesar do posicionamento p\u00fablico de Jo\u00e3o, toda a bancada socialista votou favoravelmente \u00e0 proposta \u2013 incluindo seu irm\u00e3o, o deputado federal Pedro Campos.<\/span><\/p>\n<p style=\"text-align: justify;\"><span style=\"font-size: 14pt; font-family: arial, helvetica, sans-serif;\">A contradi\u00e7\u00e3o entre o discurso e a pr\u00e1tica parlamentar foi apontada pelos ouvintes como o principal motivo da descren\u00e7a. A unanimidade do resultado tamb\u00e9m sugere que a tentativa de Jo\u00e3o Campos de se desvincular da pauta n\u00e3o foi suficiente para apagar a percep\u00e7\u00e3o de alinhamento do PSB ao texto.<\/span><\/p>\n<p style=\"text-align: justify;\"><span style=\"font-size: 14pt; font-family: arial, helvetica, sans-serif;\">A PEC da Blindagem, duramente criticada por setores da sociedade civil e alvo de protestos em todo o pa\u00eds, continua repercutindo negativamente no Sert\u00e3o do Paje\u00fa, mostrando que o eleitorado local est\u00e1 atento \u00e0s incoer\u00eancias pol\u00edticas.<\/span><\/p>\n","protected":false},"excerpt":{"rendered":"<p>Por Andr&eacute; Luiz Uma enquete realizada nesta segunda-feira (22) no programa R&aacute;dio Vivo, da R&aacute;dio Paje&uacute;, revelou a falta de credibilidade da fala do prefeito do Recife e presidente nacional do PSB, Jo&atilde;o Campos, em rela&ccedil;&atilde;o &agrave; PEC da Blindagem. A consulta perguntou se a declara&ccedil;&atilde;o de Jo&atilde;o, de que n&atilde;o apoia a PEC, convenceu a popula&ccedil;&atilde;o. Dos 21 ouvintes que participaram, todos foram un&acirc;nimes: n&atilde;o convence. O resultado exp&otilde;e o desgaste pol&iacute;tico enfrentado pelo prefeito e pelo partido, j&aacute; que, apesar do posicionamento p&uacute;blico de Jo&atilde;o, toda a bancada socialista votou favoravelmente &agrave; proposta &ndash; incluindo seu irm&atilde;o, o &#8230; <\/p>\n<p class=\"read-more-container\"><a title=\"Enquete mostra rejei\u00e7\u00e3o \u00e0 fala de Jo\u00e3o Campos sobre PEC da Blindagem\" class=\"read-more button\" href=\"https:\/\/blogdojuniorcavalcanti.com.br\/index.php\/2025\/09\/22\/enquete-mostra-rejeicao-a-fala-de-joao-campos-sobre-pec-da-blindagem\/#more-48081\" aria-label=\"More on Enquete mostra rejei\u00e7\u00e3o \u00e0 fala de Jo\u00e3o Campos sobre PEC da Blindagem\">Leia mais<\/a><\/p>\n","protected":false},"author":2,"featured_media":48082,"comment_status":"open","ping_status":"open","sticky":false,"template":"","format":"standard","meta":{"footnotes":""},"categories":[27],"tags":[],"class_list":["post-48081","post","type-post","status-publish","format-standard","has-post-thumbnail","hentry","category-politica","resize-featured-image"],"_links":{"self":[{"href":"https:\/\/blogdojuniorcavalcanti.com.br\/index.php\/wp-json\/wp\/v2\/posts\/48081","targetHints":{"allow":["GET"]}}],"collection":[{"href":"https:\/\/blogdojuniorcavalcanti.com.br\/index.php\/wp-json\/wp\/v2\/posts"}],"about":[{"href":"https:\/\/blogdojuniorcavalcanti.com.br\/index.php\/wp-json\/wp\/v2\/types\/post"}],"author":[{"embeddable":true,"href":"https:\/\/blogdojuniorcavalcanti.com.br\/index.php\/wp-json\/wp\/v2\/users\/2"}],"replies":[{"embeddable":true,"href":"https:\/\/blogdojuniorcavalcanti.com.br\/index.php\/wp-json\/wp\/v2\/comments?post=48081"}],"version-history":[{"count":1,"href":"https:\/\/blogdojuniorcavalcanti.com.br\/index.php\/wp-json\/wp\/v2\/posts\/48081\/revisions"}],"predecessor-version":[{"id":48083,"href":"https:\/\/blogdojuniorcavalcanti.com.br\/index.php\/wp-json\/wp\/v2\/posts\/48081\/revisions\/48083"}],"wp:featuredmedia":[{"embeddable":true,"href":"https:\/\/blogdojuniorcavalcanti.com.br\/index.php\/wp-json\/wp\/v2\/media\/48082"}],"wp:attachment":[{"href":"https:\/\/blogdojuniorcavalcanti.com.br\/index.php\/wp-json\/wp\/v2\/media?parent=48081"}],"wp:term":[{"taxonomy":"category","embeddable":true,"href":"https:\/\/blogdojuniorcavalcanti.com.br\/index.php\/wp-json\/wp\/v2\/categories?post=48081"},{"taxonomy":"post_tag","embeddable":true,"href":"https:\/\/blogdojuniorcavalcanti.com.br\/index.php\/wp-json\/wp\/v2\/tags?post=48081"}],"curies":[{"name":"wp","href":"https:\/\/api.w.org\/{rel}","templated":true}]}}