{"id":48220,"date":"2025-09-25T05:47:28","date_gmt":"2025-09-25T08:47:28","guid":{"rendered":"https:\/\/blogdojuniorcavalcanti.com.br\/?p=48220"},"modified":"2025-09-25T05:47:28","modified_gmt":"2025-09-25T08:47:28","slug":"governo-de-pernambuco-leva-qualificacao-e-novas-oportunidades-de-emprego-a-fernando-de-noronha","status":"publish","type":"post","link":"https:\/\/blogdojuniorcavalcanti.com.br\/index.php\/2025\/09\/25\/governo-de-pernambuco-leva-qualificacao-e-novas-oportunidades-de-emprego-a-fernando-de-noronha\/","title":{"rendered":"Governo de Pernambuco leva qualifica\u00e7\u00e3o e novas oportunidades de emprego a Fernando de Noronha"},"content":{"rendered":"<div class=\"entry-content\">\n<p style=\"text-align: justify;\"><span style=\"font-size: 14pt; font-family: arial, helvetica, sans-serif;\">O Governo de Pernambuco, atrav\u00e9s da Secretaria de Desenvolvimento Profissional e Empreendedorismo (Sedepe), vai realizar na pr\u00f3xima segunda-feira (29), um evento voltado \u00e0 valoriza\u00e7\u00e3o do trabalho, qualifica\u00e7\u00e3o e empreendedorismo, no arquip\u00e9lago de\u00a0Fernando de Noronha.<\/span><\/p>\n<p style=\"text-align: justify;\"><span style=\"font-size: 14pt; font-family: arial, helvetica, sans-serif;\">A iniciativa vai acontecer no audit\u00f3rio do Instituto Chico Mendes de Conserva\u00e7\u00e3o da Biodiversidade (ICMBIO), \u00e0s 10h. Durante a ocasi\u00e3o, ser\u00e1 entregue certificados do programa Qualifica PE, referente aos 29 alunos\u00a0 que conclu\u00edram o curso de Boas Pr\u00e1ticas de Manipula\u00e7\u00e3o de Alimentos (20h\/a).<\/span><\/p>\n<p style=\"text-align: justify;\"><span style=\"font-size: 14pt; font-family: arial, helvetica, sans-serif;\">Al\u00e9m da certifica\u00e7\u00e3o, todos os participantes foram cadastrados no Sistema Nacional de Emprego (Sine\/PE), com encaminhamento para futuras oportunidades no mercado de trabalho.<\/span><\/p>\n<p style=\"text-align: justify;\"><span style=\"font-size: 14pt; font-family: arial, helvetica, sans-serif;\">No evento tamb\u00e9m haver\u00e1 a assinatura do Protocolo de Inten\u00e7\u00f5es para a implementa\u00e7\u00e3o da Ag\u00eancia de Pequeno Porte (APP) e o an\u00fancio da visita t\u00e9cnica in loco, que ocorrer\u00e1 na segunda-feira (29) e 03 de outubro, para defini\u00e7\u00e3o do espa\u00e7o onde funcionar\u00e1 a APP no arquip\u00e9lago.<\/span><\/p>\n<p style=\"text-align: justify;\"><span style=\"font-size: 14pt; font-family: arial, helvetica, sans-serif;\"><strong>Outras oportunidades\u00a0<\/strong><\/span><\/p>\n<p style=\"text-align: justify;\"><span style=\"font-size: 14pt; font-family: arial, helvetica, sans-serif;\">A iniciativa tamb\u00e9m contempla outras forma\u00e7\u00f5es em andamento e previstas para os pr\u00f3ximos meses. O curso de T\u00e9cnicas de Instala\u00e7\u00f5es El\u00e9tricas Prediais, que re\u00fane 25 inscritos, ser\u00e1 conclu\u00eddo em 3 de outubro.\u00a0 J\u00e1 em outubro, ter\u00e3o in\u00edcio duas turmas voltadas \u00e0 \u00e1rea de Sistemas de Energia Solar Fotovoltaica.<\/span><\/p>\n<div class=\"heateorSssClear\" style=\"text-align: justify;\"><\/div>\n<div class=\"heateor_sss_sharing_container heateor_sss_horizontal_sharing\" style=\"text-align: justify;\" data-heateor-sss-href=\"https:\/\/penoticias.com.br\/blog\/governo-de-pernambuco-leva-qualificacao-e-novas-oportunidades-de-emprego-a-fernando-de-noronha\/\">\n<div class=\"heateor_sss_sharing_title\"><\/div>\n<div class=\"heateor_sss_sharing_ul\"><\/div>\n<div class=\"heateorSssClear\"><\/div>\n<\/div>\n<div class=\"heateorSssClear\" style=\"text-align: justify;\"><\/div>\n<\/div>\n","protected":false},"excerpt":{"rendered":"<p>O Governo de Pernambuco, atrav&eacute;s da Secretaria de Desenvolvimento Profissional e Empreendedorismo (Sedepe), vai realizar na pr&oacute;xima segunda-feira (29), um evento voltado &agrave; valoriza&ccedil;&atilde;o do trabalho, qualifica&ccedil;&atilde;o e empreendedorismo, no arquip&eacute;lago de&nbsp;Fernando de Noronha. A iniciativa vai acontecer no audit&oacute;rio do Instituto Chico Mendes de Conserva&ccedil;&atilde;o da Biodiversidade (ICMBIO), &agrave;s 10h. Durante a ocasi&atilde;o, ser&aacute; entregue certificados do programa Qualifica PE, referente aos 29 alunos&nbsp; que conclu&iacute;ram o curso de Boas Pr&aacute;ticas de Manipula&ccedil;&atilde;o de Alimentos (20h\/a). Al&eacute;m da certifica&ccedil;&atilde;o, todos os participantes foram cadastrados no Sistema Nacional de Emprego (Sine\/PE), com encaminhamento para futuras oportunidades no mercado de trabalho. &#8230; <\/p>\n<p class=\"read-more-container\"><a title=\"Governo de Pernambuco leva qualifica\u00e7\u00e3o e novas oportunidades de emprego a Fernando de Noronha\" class=\"read-more button\" href=\"https:\/\/blogdojuniorcavalcanti.com.br\/index.php\/2025\/09\/25\/governo-de-pernambuco-leva-qualificacao-e-novas-oportunidades-de-emprego-a-fernando-de-noronha\/#more-48220\" aria-label=\"More on Governo de Pernambuco leva qualifica\u00e7\u00e3o e novas oportunidades de emprego a Fernando de Noronha\">Leia mais<\/a><\/p>\n","protected":false},"author":2,"featured_media":48221,"comment_status":"open","ping_status":"open","sticky":false,"template":"","format":"standard","meta":{"footnotes":""},"categories":[38],"tags":[],"class_list":["post-48220","post","type-post","status-publish","format-standard","has-post-thumbnail","hentry","category-pernambuco","resize-featured-image"],"_links":{"self":[{"href":"https:\/\/blogdojuniorcavalcanti.com.br\/index.php\/wp-json\/wp\/v2\/posts\/48220","targetHints":{"allow":["GET"]}}],"collection":[{"href":"https:\/\/blogdojuniorcavalcanti.com.br\/index.php\/wp-json\/wp\/v2\/posts"}],"about":[{"href":"https:\/\/blogdojuniorcavalcanti.com.br\/index.php\/wp-json\/wp\/v2\/types\/post"}],"author":[{"embeddable":true,"href":"https:\/\/blogdojuniorcavalcanti.com.br\/index.php\/wp-json\/wp\/v2\/users\/2"}],"replies":[{"embeddable":true,"href":"https:\/\/blogdojuniorcavalcanti.com.br\/index.php\/wp-json\/wp\/v2\/comments?post=48220"}],"version-history":[{"count":1,"href":"https:\/\/blogdojuniorcavalcanti.com.br\/index.php\/wp-json\/wp\/v2\/posts\/48220\/revisions"}],"predecessor-version":[{"id":48222,"href":"https:\/\/blogdojuniorcavalcanti.com.br\/index.php\/wp-json\/wp\/v2\/posts\/48220\/revisions\/48222"}],"wp:featuredmedia":[{"embeddable":true,"href":"https:\/\/blogdojuniorcavalcanti.com.br\/index.php\/wp-json\/wp\/v2\/media\/48221"}],"wp:attachment":[{"href":"https:\/\/blogdojuniorcavalcanti.com.br\/index.php\/wp-json\/wp\/v2\/media?parent=48220"}],"wp:term":[{"taxonomy":"category","embeddable":true,"href":"https:\/\/blogdojuniorcavalcanti.com.br\/index.php\/wp-json\/wp\/v2\/categories?post=48220"},{"taxonomy":"post_tag","embeddable":true,"href":"https:\/\/blogdojuniorcavalcanti.com.br\/index.php\/wp-json\/wp\/v2\/tags?post=48220"}],"curies":[{"name":"wp","href":"https:\/\/api.w.org\/{rel}","templated":true}]}}