{"id":48378,"date":"2025-09-30T06:00:05","date_gmt":"2025-09-30T09:00:05","guid":{"rendered":"https:\/\/blogdojuniorcavalcanti.com.br\/?p=48378"},"modified":"2025-09-30T06:00:05","modified_gmt":"2025-09-30T09:00:05","slug":"23o-bpm-prende-homem-por-porte-ilegal-de-arma-e-conduz-outros-tres-suspeitos-em-mandado-de-busca-e-apreensao","status":"publish","type":"post","link":"https:\/\/blogdojuniorcavalcanti.com.br\/index.php\/2025\/09\/30\/23o-bpm-prende-homem-por-porte-ilegal-de-arma-e-conduz-outros-tres-suspeitos-em-mandado-de-busca-e-apreensao\/","title":{"rendered":"23\u00ba BPM prende homem por porte ilegal de arma e conduz outros tr\u00eas suspeitos em mandado de busca e apreens\u00e3o"},"content":{"rendered":"<p style=\"text-align: justify;\"><span style=\"font-size: 14pt; font-family: arial, helvetica, sans-serif;\">Na tarde desta segunda-feira (29\/09), o 23\u00ba Batalh\u00e3o da Pol\u00edcia Militar de Pernambuco, em *a\u00e7\u00e3o integrada com as equipes Malhas da Lei, ASI\/23\u00ba BPM e Pol\u00edcia Civil de Pernambuco (PCPE)*, realizou uma expressiva opera\u00e7\u00e3o que culminou no cumprimento de *Mandado de Busca e Apreens\u00e3o Criminal na resid\u00eancia de J. G. M. M., 46 anos*, na Quadra G do bairro Miguel Arraes em Afogados da Ingazeira.<\/span><\/p>\n<p style=\"text-align: justify;\"><span style=\"font-size: 14pt; font-family: arial, helvetica, sans-serif;\">Durante a abordagem, o acusado foi surpreendido portando na cintura *uma pistola calibre .40, modelo 24\/7, n\u00ba 41355, com um carregador e 14 muni\u00e7\u00f5es intactas.*<\/span><\/p>\n<p style=\"text-align: justify;\"><span style=\"font-size: 14pt; font-family: arial, helvetica, sans-serif;\">A checagem de antecedentes revelou v\u00e1rias passagens criminais, incluindo *amea\u00e7a, tr\u00e1fico e homic\u00eddio, refor\u00e7ando a relev\u00e2ncia da pris\u00e3o perpetrada.*<\/span><\/p>\n<p style=\"text-align: justify;\"><span style=\"font-size: 14pt; font-family: arial, helvetica, sans-serif;\">Informa\u00e7\u00f5es apuradas indicavam que o local vinha sendo utilizado para intenso tr\u00e1fico de drogas.<\/span><\/p>\n<p style=\"text-align: justify;\"><span style=\"font-size: 14pt; font-family: arial, helvetica, sans-serif;\">Na revista ao im\u00f3vel, foram ainda apreendidos:<\/span><\/p>\n<p style=\"text-align: justify;\"><span style=\"font-size: 14pt; font-family: arial, helvetica, sans-serif;\"><img decoding=\"async\" class=\"emoji\" role=\"img\" draggable=\"false\" src=\"https:\/\/s.w.org\/images\/core\/emoji\/16.0.1\/svg\/25aa.svg\" alt=\"\u25aa\ufe0f\" \/>\u00a0*R$ 7.922,00 em esp\u00e9cie;*<\/span><br \/>\n<span style=\"font-size: 14pt; font-family: arial, helvetica, sans-serif;\"><img decoding=\"async\" class=\"emoji\" role=\"img\" draggable=\"false\" src=\"https:\/\/s.w.org\/images\/core\/emoji\/16.0.1\/svg\/25aa.svg\" alt=\"\u25aa\ufe0f\" \/>\u00a0*Duas balan\u00e7as de precis\u00e3o;*<\/span><br \/>\n<span style=\"font-size: 14pt; font-family: arial, helvetica, sans-serif;\"><img decoding=\"async\" class=\"emoji\" role=\"img\" draggable=\"false\" src=\"https:\/\/s.w.org\/images\/core\/emoji\/16.0.1\/svg\/25aa.svg\" alt=\"\u25aa\ufe0f\" \/>\u00a0*38g de maconha e 1g de crack;*<\/span><br \/>\n<span style=\"font-size: 14pt; font-family: arial, helvetica, sans-serif;\"><img decoding=\"async\" class=\"emoji\" role=\"img\" draggable=\"false\" src=\"https:\/\/s.w.org\/images\/core\/emoji\/16.0.1\/svg\/25aa.svg\" alt=\"\u25aa\ufe0f\" \/>\u00a0*Uma muni\u00e7\u00e3o calibre .38;*<\/span><br \/>\n<span style=\"font-size: 14pt; font-family: arial, helvetica, sans-serif;\"><img decoding=\"async\" class=\"emoji\" role=\"img\" draggable=\"false\" src=\"https:\/\/s.w.org\/images\/core\/emoji\/16.0.1\/svg\/25aa.svg\" alt=\"\u25aa\ufe0f\" \/>\u00a0*10 aparelhos celulares, sendo 5 da marca Samsung (um deles com queixa de roubo\/furto \u2013 IMEI 350341124902556), al\u00e9m de aparelhos das marcas Alcatel, Sony Ericsson, Acer e Motorola;*<\/span><br \/>\n<span style=\"font-size: 14pt; font-family: arial, helvetica, sans-serif;\"><img decoding=\"async\" class=\"emoji\" role=\"img\" draggable=\"false\" src=\"https:\/\/s.w.org\/images\/core\/emoji\/16.0.1\/svg\/25aa.svg\" alt=\"\u25aa\ufe0f\" \/>\u00a0*Dois pen drives, cart\u00f5es de cr\u00e9dito (Will, Magazine Luiza e Ourocard Banco do Brasil);*<\/span><br \/>\n<span style=\"font-size: 14pt; font-family: arial, helvetica, sans-serif;\"><img decoding=\"async\" class=\"emoji\" role=\"img\" draggable=\"false\" src=\"https:\/\/s.w.org\/images\/core\/emoji\/16.0.1\/svg\/25aa.svg\" alt=\"\u25aa\ufe0f\" \/>\u00a0*Um rel\u00f3gio Cassio Edifice, uma carteira com anota\u00e7\u00f5es e uma bainha de couro.*<\/span><\/p>\n<p style=\"text-align: justify;\"><span style=\"font-size: 14pt; font-family: arial, helvetica, sans-serif;\">No momento da opera\u00e7\u00e3o, o investigado foi flagrado consumindo entorpecentes junto aos imputados *A. J. P. S., de 23 anos, F. F. R., de 20 anos, e C. E. L. S., de 18 anos*. Todos possuem passagem por *envolvimento com drogas*.<\/span><\/p>\n<p style=\"text-align: justify;\"><span style=\"font-size: 14pt; font-family: arial, helvetica, sans-serif;\">O suspeito *C. E. L. S., 18 anos, possui diversas passagens criminais, entre elas por amea\u00e7a, viol\u00eancia dom\u00e9stica e posse e uso de entorpecentes*. Os outros dois envolvidos tamb\u00e9m apresentam antecedentes relacionados \u00e0 posse de entorpecentes.<\/span><\/p>\n<p style=\"text-align: justify;\"><span style=\"font-size: 14pt; font-family: arial, helvetica, sans-serif;\">Diante dos fatos, todos os envolvidos e o material apreendido foram conduzidos *\u00e0 Delegacia de Pol\u00edcia Civil* para ado\u00e7\u00e3o das provid\u00eancias legais cab\u00edveis.<\/span><\/p>\n<p style=\"text-align: justify;\"><span style=\"font-size: 14pt; font-family: arial, helvetica, sans-serif;\">*TEN CEL ARIST\u00d3TELES*<\/span><br \/>\n<span style=\"font-size: 14pt; font-family: arial, helvetica, sans-serif;\">Comandante do 23\u00ba BPM<\/span><\/p>\n<p style=\"text-align: justify;\"><span style=\"font-size: 14pt; font-family: arial, helvetica, sans-serif;\">*POL\u00cdCIA MILITAR DE PERNAMBUCO \u2013 NOSSA PRESEN\u00c7A, SUA SEGURAN\u00c7A!*<\/span><\/p>\n","protected":false},"excerpt":{"rendered":"<p>Na tarde desta segunda-feira (29\/09), o 23&ordm; Batalh&atilde;o da Pol&iacute;cia Militar de Pernambuco, em *a&ccedil;&atilde;o integrada com as equipes Malhas da Lei, ASI\/23&ordm; BPM e Pol&iacute;cia Civil de Pernambuco (PCPE)*, realizou uma expressiva opera&ccedil;&atilde;o que culminou no cumprimento de *Mandado de Busca e Apreens&atilde;o Criminal na resid&ecirc;ncia de J. G. M. M., 46 anos*, na Quadra G do bairro Miguel Arraes em Afogados da Ingazeira. Durante a abordagem, o acusado foi surpreendido portando na cintura *uma pistola calibre .40, modelo 24\/7, n&ordm; 41355, com um carregador e 14 muni&ccedil;&otilde;es intactas.* A checagem de antecedentes revelou v&aacute;rias passagens criminais, incluindo *amea&ccedil;a, &#8230; <\/p>\n<p class=\"read-more-container\"><a title=\"23\u00ba BPM prende homem por porte ilegal de arma e conduz outros tr\u00eas suspeitos em mandado de busca e apreens\u00e3o\" class=\"read-more button\" href=\"https:\/\/blogdojuniorcavalcanti.com.br\/index.php\/2025\/09\/30\/23o-bpm-prende-homem-por-porte-ilegal-de-arma-e-conduz-outros-tres-suspeitos-em-mandado-de-busca-e-apreensao\/#more-48378\" aria-label=\"More on 23\u00ba BPM prende homem por porte ilegal de arma e conduz outros tr\u00eas suspeitos em mandado de busca e apreens\u00e3o\">Leia mais<\/a><\/p>\n","protected":false},"author":2,"featured_media":48379,"comment_status":"open","ping_status":"open","sticky":false,"template":"","format":"standard","meta":{"footnotes":""},"categories":[29],"tags":[],"class_list":["post-48378","post","type-post","status-publish","format-standard","has-post-thumbnail","hentry","category-policial","resize-featured-image"],"_links":{"self":[{"href":"https:\/\/blogdojuniorcavalcanti.com.br\/index.php\/wp-json\/wp\/v2\/posts\/48378","targetHints":{"allow":["GET"]}}],"collection":[{"href":"https:\/\/blogdojuniorcavalcanti.com.br\/index.php\/wp-json\/wp\/v2\/posts"}],"about":[{"href":"https:\/\/blogdojuniorcavalcanti.com.br\/index.php\/wp-json\/wp\/v2\/types\/post"}],"author":[{"embeddable":true,"href":"https:\/\/blogdojuniorcavalcanti.com.br\/index.php\/wp-json\/wp\/v2\/users\/2"}],"replies":[{"embeddable":true,"href":"https:\/\/blogdojuniorcavalcanti.com.br\/index.php\/wp-json\/wp\/v2\/comments?post=48378"}],"version-history":[{"count":1,"href":"https:\/\/blogdojuniorcavalcanti.com.br\/index.php\/wp-json\/wp\/v2\/posts\/48378\/revisions"}],"predecessor-version":[{"id":48380,"href":"https:\/\/blogdojuniorcavalcanti.com.br\/index.php\/wp-json\/wp\/v2\/posts\/48378\/revisions\/48380"}],"wp:featuredmedia":[{"embeddable":true,"href":"https:\/\/blogdojuniorcavalcanti.com.br\/index.php\/wp-json\/wp\/v2\/media\/48379"}],"wp:attachment":[{"href":"https:\/\/blogdojuniorcavalcanti.com.br\/index.php\/wp-json\/wp\/v2\/media?parent=48378"}],"wp:term":[{"taxonomy":"category","embeddable":true,"href":"https:\/\/blogdojuniorcavalcanti.com.br\/index.php\/wp-json\/wp\/v2\/categories?post=48378"},{"taxonomy":"post_tag","embeddable":true,"href":"https:\/\/blogdojuniorcavalcanti.com.br\/index.php\/wp-json\/wp\/v2\/tags?post=48378"}],"curies":[{"name":"wp","href":"https:\/\/api.w.org\/{rel}","templated":true}]}}