{"id":4841,"date":"2019-07-05T09:15:55","date_gmt":"2019-07-05T12:15:55","guid":{"rendered":"http:\/\/blogdojuniorcavalcanti.com.br\/?p=4841"},"modified":"2019-07-05T09:15:55","modified_gmt":"2019-07-05T12:15:55","slug":"comissao-conclui-aprovacao-da-previdencia-e-texto-vai-a-plenario-na-camara","status":"publish","type":"post","link":"https:\/\/blogdojuniorcavalcanti.com.br\/index.php\/2019\/07\/05\/comissao-conclui-aprovacao-da-previdencia-e-texto-vai-a-plenario-na-camara\/","title":{"rendered":"Comiss\u00e3o conclui aprova\u00e7\u00e3o da Previd\u00eancia e texto vai a plen\u00e1rio na C\u00e2mara"},"content":{"rendered":"<div class=\"col m6 l6 s12 medium-matler\">\n<figure><span style=\"font-size: 14pt;\"><img decoding=\"async\" class=\"aligncenter\" src=\"https:\/\/www.folhape.com.br\/obj\/7\/332896,475,80,0,0,475,365,0,0,0,0.jpg\" alt=\"36 deputados aprovaram o texto da reforma, 13 votaram contra\" \/><\/span><\/p>\n<div class=\"caption\" style=\"text-align: justify;\"><span style=\"font-size: 14pt; font-family: arial, helvetica, sans-serif;\">\u00a0 \u00a0 \u00a0 \u00a0 \u00a0 \u00a0 \u00a0 \u00a0 \u00a0 \u00a0 \u00a0 \u00a0 \u00a0 \u00a0 \u00a0 \u00a0 \u00a0\u00a0<em>Foto: Fabio Rodrigues Pozzebom\/Ag\u00eancia Brasil<\/em><\/span><\/div>\n<\/figure>\n<\/div>\n<p style=\"text-align: justify;\"><span style=\"font-size: 14pt; font-family: arial, helvetica, sans-serif;\">Ap\u00f3s mais de 16 horas de reuni\u00e3o, a comiss\u00e3o especial da C\u00e2mara concluiu na madrugada desta sexta-feira (5) a vota\u00e7\u00e3o do relat\u00f3rio da\u00a0<a class=\"contentLink\" title=\"veja tamb\u00e9m: Essa reforma n\u00e3o \u00e9 para o governo, diz relator da reestrutura\u00e7\u00e3o da Previd\u00eancia\" href=\"https:\/\/www.folhape.com.br\/economia\/economia\/previdencia\/2019\/07\/04\/NWS,109674,10,927,ECONOMIA,2373-ESSA-REFORMA-NAO-PARA-GOVERNO-DIZ-RELATOR-REESTRUTURACAO-PREVIDENCIA.aspx\" target=\"_blank\" rel=\"noopener\"><strong>reforma da Previd\u00eancia<\/strong><\/a>. A proposta segue para an\u00e1lise no plen\u00e1rio, onde ainda pode sofrer altera\u00e7\u00f5es. O texto-base das mudan\u00e7as nas regras de aposentadoria foi aprovado no in\u00edcio da tarde de quinta-feira (4) por 36 votos a 13. Depois, os deputados seguiram com a vota\u00e7\u00e3o de destaques \u2013pedidos de partidos e deputados para que uma parte espec\u00edfica da proposta seja analisada separadamente.<\/span><\/p>\n<p><span style=\"font-size: 14pt; font-family: arial, helvetica, sans-serif;\">Ao todo, a comiss\u00e3o especial analisou 17 destaques. O mais pol\u00eamico deles afrouxava as regras de aposentadoria para carreiras da seguran\u00e7a p\u00fablica. O presidente Jair Bolsonaro (PSL) atuou em defesa dos policiais e pressionou deputados at\u00e9 horas antes da vota\u00e7\u00e3o na comiss\u00e3o. Entretanto, a articula\u00e7\u00e3o fracassou.<\/span><\/p>\n<p><span style=\"font-size: 14pt; font-family: arial, helvetica, sans-serif;\">Com ajuda do PSL, partido do presidente, os deputados rejeitaram a proposta. O rev\u00e9s aconteceu a despeito do apelo p\u00fablico de Bolsonaro nesta quinta-feira (4) por regras mais brandas para policiais federais e policiais rodovi\u00e1rios federais.<\/span><br \/>\n<span style=\"font-size: 14pt; font-family: arial, helvetica, sans-serif;\">Ao ser anunciado o resultado, policiais que estavam na comiss\u00e3o gritavam: &#8220;PSL traiu a pol\u00edcia do Brasil&#8221;. E tamb\u00e9m contra o presidente: &#8220;Bolsonaro traidor!&#8221;<\/span><\/p>\n<p><span style=\"font-size: 14pt; font-family: arial, helvetica, sans-serif;\">Horas antes da vota\u00e7\u00e3o na C\u00e2mara, em discurso \u00e0 bancada ruralista, Bolsonaro disse que errou ao n\u00e3o ter inclu\u00eddo regras mais amenas para policiais federais e rodovi\u00e1rios na reforma e defendeu mudan\u00e7a no texto da proposta.<\/span><\/p>\n<p><span style=\"font-size: 14pt; font-family: arial, helvetica, sans-serif;\">&#8220;Tem um equ\u00edvoco que n\u00f3s, governo, erramos e d\u00e1 para resolver essa quest\u00e3o atrav\u00e9s do bom senso dos senhores. Eu pe\u00e7o, por favor. O discurso de alguns, como se quis\u00e9ssemos privilegiar tamb\u00e9m pol\u00edcia federal e pol\u00edcia rodovi\u00e1ria federal, n\u00e3o procede. S\u00e3o aliados nossos e nunca tiveram privil\u00e9gio no Brasil&#8221;.<\/span><\/p>\n<p><span style=\"font-size: 14pt; font-family: arial, helvetica, sans-serif;\">O secret\u00e1rio especial de Previd\u00eancia, Rog\u00e9rio Marinho, que participou das negocia\u00e7\u00f5es, adotou tom conciliador e disse que Bolsonaro tem ajudado na tramita\u00e7\u00e3o da reforma.&#8221;\u00c9 evidente que ele tem direito de ter sua opini\u00e3o, o Parlamento tamb\u00e9m, a sociedade tamb\u00e9m. Agora, o mais importante \u00e9 o resultado, que est\u00e1 se manifestando de forma muito clara atrav\u00e9s do voto dos parlamentares&#8221;.<\/span><\/p>\n<p><span style=\"font-size: 14pt; font-family: arial, helvetica, sans-serif;\">A comiss\u00e3o especial tamb\u00e9m derrubou outro pleito dos profissionais da seguran\u00e7a p\u00fablica ao tirar policiais militares e bombeiros das mesmas regras das For\u00e7as Armadas. Um artigo do texto previa que essas duas categorias seguiriam as mesmas normas de transfer\u00eancia para inatividade e pens\u00e3o por morte que os integrantes das For\u00e7as.<\/span><\/p>\n<p><span style=\"font-size: 14pt; font-family: arial, helvetica, sans-serif;\">O \u00faltimo destaque apreciado pelo colegiado foi articulado pelos deputados ruralistas. A comiss\u00e3o restabeleceu a isen\u00e7\u00e3o tribut\u00e1ria sobre produ\u00e7\u00e3o agr\u00edcola exportada.<\/span><br \/>\n<span style=\"font-size: 14pt; font-family: arial, helvetica, sans-serif;\">Atualmente, a exporta\u00e7\u00e3o da produ\u00e7\u00e3o rural \u00e9 isenta de contribui\u00e7\u00f5es. A reforma da Previd\u00eancia eliminaria esse benef\u00edcio da Constitui\u00e7\u00e3o.<\/span><\/p>\n<p><span style=\"font-size: 14pt; font-family: arial, helvetica, sans-serif;\">Com a medida, o governo esperava incrementar a arrecada\u00e7\u00e3o em R$ 80 bilh\u00f5es nos pr\u00f3ximos dez anos, cobrindo parte do rombo da Previd\u00eancia. Os deputados rejeitaram ainda a possibilidade de cria\u00e7\u00e3o de um gatilho para aumentar a idade m\u00ednima de aposentadoria em caso de eleva\u00e7\u00e3o da expectativa de sobrevida da popula\u00e7\u00e3o e a possibilidade de poupar os professores do endurecimento de regras de aposentadoria.<\/span><\/p>\n<p><span style=\"font-size: 14pt; font-family: arial, helvetica, sans-serif;\">O presidente da C\u00e2mara, Rodrigo Maia (DEM-RJ), afirmou que iniciar\u00e1 a discuss\u00e3o da reforma no plen\u00e1rio da C\u00e2mara na ter\u00e7a-feira (9) para que a proposta seja votada pelos deputados at\u00e9 o final da pr\u00f3xima semana. &#8220;Essa foi a nossa primeira vit\u00f3ria e, a partir da pr\u00f3xima semana, vamos trabalhar para aprovar o texto em Plen\u00e1rio, com muito di\u00e1logo, ouvindo todos os nossos deputados, construindo maioria&#8221;, disse Maia.<\/span><\/p>\n<p><span style=\"font-size: 14pt; font-family: arial, helvetica, sans-serif;\">Para ser enviada ao Senado, a proposta precisa passar por dois turnos de vota\u00e7\u00e3o no plen\u00e1rio da C\u00e2mara, com exig\u00eancia m\u00ednima de 308 votos favor\u00e1veis em cada uma.<\/span><\/p>\n","protected":false},"excerpt":{"rendered":"<p>&nbsp; &nbsp; &nbsp; &nbsp; &nbsp; &nbsp; &nbsp; &nbsp; &nbsp; &nbsp; &nbsp; &nbsp; &nbsp; &nbsp; &nbsp; &nbsp; &nbsp;&nbsp;Foto: Fabio Rodrigues Pozzebom\/Ag&ecirc;ncia Brasil Ap&oacute;s mais de 16 horas de reuni&atilde;o, a comiss&atilde;o especial da C&acirc;mara concluiu na madrugada desta sexta-feira (5) a vota&ccedil;&atilde;o do relat&oacute;rio da&nbsp;reforma da Previd&ecirc;ncia. A proposta segue para an&aacute;lise no plen&aacute;rio, onde ainda pode sofrer altera&ccedil;&otilde;es. O texto-base das mudan&ccedil;as nas regras de aposentadoria foi aprovado no in&iacute;cio da tarde de quinta-feira (4) por 36 votos a 13. Depois, os deputados seguiram com a vota&ccedil;&atilde;o de destaques &ndash;pedidos de partidos e deputados para que uma parte espec&iacute;fica da &#8230; <\/p>\n<p class=\"read-more-container\"><a title=\"Comiss\u00e3o conclui aprova\u00e7\u00e3o da Previd\u00eancia e texto vai a plen\u00e1rio na C\u00e2mara\" class=\"read-more button\" href=\"https:\/\/blogdojuniorcavalcanti.com.br\/index.php\/2019\/07\/05\/comissao-conclui-aprovacao-da-previdencia-e-texto-vai-a-plenario-na-camara\/#more-4841\" aria-label=\"More on Comiss\u00e3o conclui aprova\u00e7\u00e3o da Previd\u00eancia e texto vai a plen\u00e1rio na C\u00e2mara\">Leia mais<\/a><\/p>\n","protected":false},"author":2,"featured_media":0,"comment_status":"open","ping_status":"open","sticky":false,"template":"","format":"standard","meta":{"footnotes":""},"categories":[1],"tags":[],"class_list":["post-4841","post","type-post","status-publish","format-standard","hentry","category-sem-categoria"],"_links":{"self":[{"href":"https:\/\/blogdojuniorcavalcanti.com.br\/index.php\/wp-json\/wp\/v2\/posts\/4841","targetHints":{"allow":["GET"]}}],"collection":[{"href":"https:\/\/blogdojuniorcavalcanti.com.br\/index.php\/wp-json\/wp\/v2\/posts"}],"about":[{"href":"https:\/\/blogdojuniorcavalcanti.com.br\/index.php\/wp-json\/wp\/v2\/types\/post"}],"author":[{"embeddable":true,"href":"https:\/\/blogdojuniorcavalcanti.com.br\/index.php\/wp-json\/wp\/v2\/users\/2"}],"replies":[{"embeddable":true,"href":"https:\/\/blogdojuniorcavalcanti.com.br\/index.php\/wp-json\/wp\/v2\/comments?post=4841"}],"version-history":[{"count":1,"href":"https:\/\/blogdojuniorcavalcanti.com.br\/index.php\/wp-json\/wp\/v2\/posts\/4841\/revisions"}],"predecessor-version":[{"id":4842,"href":"https:\/\/blogdojuniorcavalcanti.com.br\/index.php\/wp-json\/wp\/v2\/posts\/4841\/revisions\/4842"}],"wp:attachment":[{"href":"https:\/\/blogdojuniorcavalcanti.com.br\/index.php\/wp-json\/wp\/v2\/media?parent=4841"}],"wp:term":[{"taxonomy":"category","embeddable":true,"href":"https:\/\/blogdojuniorcavalcanti.com.br\/index.php\/wp-json\/wp\/v2\/categories?post=4841"},{"taxonomy":"post_tag","embeddable":true,"href":"https:\/\/blogdojuniorcavalcanti.com.br\/index.php\/wp-json\/wp\/v2\/tags?post=4841"}],"curies":[{"name":"wp","href":"https:\/\/api.w.org\/{rel}","templated":true}]}}