{"id":48532,"date":"2025-10-03T05:12:19","date_gmt":"2025-10-03T08:12:19","guid":{"rendered":"https:\/\/blogdojuniorcavalcanti.com.br\/?p=48532"},"modified":"2025-10-03T05:12:19","modified_gmt":"2025-10-03T08:12:19","slug":"prefeitura-de-iguaracy-homologa-parcialmente-resultado-do-concurso-publico-e-anuncia-novo-edital-para-candidatos-com-provas-anuladas","status":"publish","type":"post","link":"https:\/\/blogdojuniorcavalcanti.com.br\/index.php\/2025\/10\/03\/prefeitura-de-iguaracy-homologa-parcialmente-resultado-do-concurso-publico-e-anuncia-novo-edital-para-candidatos-com-provas-anuladas\/","title":{"rendered":"Prefeitura de Iguaracy homologa parcialmente resultado do concurso p\u00fablico e anuncia novo edital para candidatos com provas anuladas"},"content":{"rendered":"<p style=\"text-align: justify;\"><span style=\"font-size: 14pt; font-family: arial, helvetica, sans-serif;\">A Prefeitura de Iguaracy publicou, nesta quinta (2 de outubro), o Decreto Municipal n\u00ba 031\/2025, homologando parcialmente o resultado final do Concurso P\u00fablico n\u00ba 001\/2024. O certame, realizado no dia 15 de dezembro de 2024, destinou-se ao preenchimento de cargos de n\u00edvel fundamental e superior na administra\u00e7\u00e3o p\u00fablica municipal.<\/span><\/p>\n<p style=\"text-align: justify;\"><span style=\"font-size: 14pt; font-family: arial, helvetica, sans-serif;\">A homologa\u00e7\u00e3o parcial considera os resultados apresentados pela empresa ADM&amp;TEC \u2013 Instituto de Administra\u00e7\u00e3o e Tecnologia, respons\u00e1vel pela execu\u00e7\u00e3o do concurso, e segue recomenda\u00e7\u00e3o do Minist\u00e9rio P\u00fablico do Estado de Pernambuco, conforme o Procedimento Administrativo n\u00ba 02251.000.460\/2024.<\/span><\/p>\n<p style=\"text-align: justify;\"><span style=\"font-size: 14pt; font-family: arial, helvetica, sans-serif;\">O concurso ter\u00e1 validade de dois anos, a partir da data da publica\u00e7\u00e3o do decreto, podendo ser prorrogado por igual per\u00edodo.<\/span><\/p>\n<p style=\"text-align: justify;\"><span style=\"font-size: 14pt; font-family: arial, helvetica, sans-serif;\">A Prefeitura de Iguaracy tamb\u00e9m anunciou que, em breve, ser\u00e1 publicado um novo edital, direcionado exclusivamente para os candidatos que tiveram as provas anuladas ou que pagaram a taxa de inscri\u00e7\u00e3o e n\u00e3o compareceram ao exame anterior. A nova oportunidade ser\u00e1 sem nenhum custo adicional para os participantes.<\/span><\/p>\n<p style=\"text-align: justify;\"><span style=\"font-size: 14pt; font-family: arial, helvetica, sans-serif;\">A medida visa assegurar justi\u00e7a, transpar\u00eancia e isonomia no processo seletivo, refor\u00e7ando o compromisso da gest\u00e3o do prefeito Dr. Pedro Alves de Oliveira Neto com a legalidade, o respeito ao cidad\u00e3o e o fortalecimento do quadro funcional da administra\u00e7\u00e3o p\u00fablica municipal.<\/span><\/p>\n","protected":false},"excerpt":{"rendered":"<p>A Prefeitura de Iguaracy publicou, nesta quinta (2 de outubro), o Decreto Municipal n&ordm; 031\/2025, homologando parcialmente o resultado final do Concurso P&uacute;blico n&ordm; 001\/2024. O certame, realizado no dia 15 de dezembro de 2024, destinou-se ao preenchimento de cargos de n&iacute;vel fundamental e superior na administra&ccedil;&atilde;o p&uacute;blica municipal. A homologa&ccedil;&atilde;o parcial considera os resultados apresentados pela empresa ADM&amp;TEC &ndash; Instituto de Administra&ccedil;&atilde;o e Tecnologia, respons&aacute;vel pela execu&ccedil;&atilde;o do concurso, e segue recomenda&ccedil;&atilde;o do Minist&eacute;rio P&uacute;blico do Estado de Pernambuco, conforme o Procedimento Administrativo n&ordm; 02251.000.460\/2024. O concurso ter&aacute; validade de dois anos, a partir da data da publica&ccedil;&atilde;o do &#8230; <\/p>\n<p class=\"read-more-container\"><a title=\"Prefeitura de Iguaracy homologa parcialmente resultado do concurso p\u00fablico e anuncia novo edital para candidatos com provas anuladas\" class=\"read-more button\" href=\"https:\/\/blogdojuniorcavalcanti.com.br\/index.php\/2025\/10\/03\/prefeitura-de-iguaracy-homologa-parcialmente-resultado-do-concurso-publico-e-anuncia-novo-edital-para-candidatos-com-provas-anuladas\/#more-48532\" aria-label=\"More on Prefeitura de Iguaracy homologa parcialmente resultado do concurso p\u00fablico e anuncia novo edital para candidatos com provas anuladas\">Leia mais<\/a><\/p>\n","protected":false},"author":2,"featured_media":48533,"comment_status":"open","ping_status":"open","sticky":false,"template":"","format":"standard","meta":{"footnotes":""},"categories":[25],"tags":[],"class_list":["post-48532","post","type-post","status-publish","format-standard","has-post-thumbnail","hentry","category-destaque","resize-featured-image"],"_links":{"self":[{"href":"https:\/\/blogdojuniorcavalcanti.com.br\/index.php\/wp-json\/wp\/v2\/posts\/48532","targetHints":{"allow":["GET"]}}],"collection":[{"href":"https:\/\/blogdojuniorcavalcanti.com.br\/index.php\/wp-json\/wp\/v2\/posts"}],"about":[{"href":"https:\/\/blogdojuniorcavalcanti.com.br\/index.php\/wp-json\/wp\/v2\/types\/post"}],"author":[{"embeddable":true,"href":"https:\/\/blogdojuniorcavalcanti.com.br\/index.php\/wp-json\/wp\/v2\/users\/2"}],"replies":[{"embeddable":true,"href":"https:\/\/blogdojuniorcavalcanti.com.br\/index.php\/wp-json\/wp\/v2\/comments?post=48532"}],"version-history":[{"count":1,"href":"https:\/\/blogdojuniorcavalcanti.com.br\/index.php\/wp-json\/wp\/v2\/posts\/48532\/revisions"}],"predecessor-version":[{"id":48534,"href":"https:\/\/blogdojuniorcavalcanti.com.br\/index.php\/wp-json\/wp\/v2\/posts\/48532\/revisions\/48534"}],"wp:featuredmedia":[{"embeddable":true,"href":"https:\/\/blogdojuniorcavalcanti.com.br\/index.php\/wp-json\/wp\/v2\/media\/48533"}],"wp:attachment":[{"href":"https:\/\/blogdojuniorcavalcanti.com.br\/index.php\/wp-json\/wp\/v2\/media?parent=48532"}],"wp:term":[{"taxonomy":"category","embeddable":true,"href":"https:\/\/blogdojuniorcavalcanti.com.br\/index.php\/wp-json\/wp\/v2\/categories?post=48532"},{"taxonomy":"post_tag","embeddable":true,"href":"https:\/\/blogdojuniorcavalcanti.com.br\/index.php\/wp-json\/wp\/v2\/tags?post=48532"}],"curies":[{"name":"wp","href":"https:\/\/api.w.org\/{rel}","templated":true}]}}