{"id":48675,"date":"2025-10-07T05:17:29","date_gmt":"2025-10-07T08:17:29","guid":{"rendered":"https:\/\/blogdojuniorcavalcanti.com.br\/?p=48675"},"modified":"2025-10-07T05:17:29","modified_gmt":"2025-10-07T08:17:29","slug":"raquel-lyra-participa-de-aula-inaugural-dos-novos-servidores-da-policia-cientifica-de-pernambuco","status":"publish","type":"post","link":"https:\/\/blogdojuniorcavalcanti.com.br\/index.php\/2025\/10\/07\/raquel-lyra-participa-de-aula-inaugural-dos-novos-servidores-da-policia-cientifica-de-pernambuco\/","title":{"rendered":"Raquel Lyra participa de aula inaugural dos novos servidores da Pol\u00edcia Cient\u00edfica de Pernambuco"},"content":{"rendered":"<p style=\"text-align: justify;\"><span style=\"font-size: 14pt; font-family: arial, helvetica, sans-serif;\">A governadora de Pernambuco, Raquel Lyra, participou nesta segunda-feira (6) da aula inaugural do Curso de Forma\u00e7\u00e3o Profissional (CFP) da Pol\u00edcia Cient\u00edfica. O grupo \u00e9 composto por 229 aprovados no \u00faltimo concurso p\u00fablico, que est\u00e3o na etapa final antes da nomea\u00e7\u00e3o. O curso tem como foco a capacita\u00e7\u00e3o t\u00e9cnica para atua\u00e7\u00e3o na elucida\u00e7\u00e3o de crimes e produ\u00e7\u00e3o de provas periciais.<\/span><\/p>\n<p style=\"text-align: justify;\"><span style=\"font-size: 14pt; font-family: arial, helvetica, sans-serif;\">Segundo a governadora, o refor\u00e7o da Pol\u00edcia Cient\u00edfica integra o programa Juntos pela Seguran\u00e7a, que prev\u00ea investimentos de R$ 2,3 bilh\u00f5es em a\u00e7\u00f5es de moderniza\u00e7\u00e3o e amplia\u00e7\u00e3o das for\u00e7as de seguran\u00e7a. \u201cEstamos ampliando o efetivo, investindo em tecnologia, novos equipamentos e na constru\u00e7\u00e3o de complexos policiais. Queremos garantir que a investiga\u00e7\u00e3o aconte\u00e7a no tempo certo e que o atendimento \u00e0 popula\u00e7\u00e3o seja mais pr\u00f3ximo em todas as regi\u00f5es do Estado\u201d, afirmou Raquel Lyra.<\/span><\/p>\n<p style=\"text-align: justify;\"><span style=\"font-size: 14pt; font-family: arial, helvetica, sans-serif;\">A turma \u00e9 composta por 82 peritos criminais, 68 m\u00e9dicos legistas e 79 agentes de medicina legal. A forma\u00e7\u00e3o ser\u00e1 em tempo integral, com carga hor\u00e1ria que varia entre 642 e 768 horas-aula, dependendo da fun\u00e7\u00e3o.<\/span><\/p>\n<p style=\"text-align: justify;\"><span style=\"font-size: 14pt; font-family: arial, helvetica, sans-serif;\">O secret\u00e1rio de Defesa Social, Alessandro Carvalho, destacou que os novos profissionais se somam aos mais de 7 mil servidores das for\u00e7as de seguran\u00e7a que devem ser incorporados at\u00e9 2026. \u201cO Governo segue cumprindo a meta do Juntos pela Seguran\u00e7a de recompor e fortalecer as pol\u00edcias e o Corpo de Bombeiros, ampliando a capacidade de enfrentamento \u00e0 viol\u00eancia\u201d, declarou.<\/span><\/p>\n<p style=\"text-align: justify;\"><span style=\"font-size: 14pt; font-family: arial, helvetica, sans-serif;\">Al\u00e9m da convoca\u00e7\u00e3o, o Governo do Estado anunciou investimentos de cerca de R$ 49 milh\u00f5es na constru\u00e7\u00e3o e retomada dos Complexos de Pol\u00edcia Cient\u00edfica (CPCs) em nove munic\u00edpios do Interior, incluindo Arcoverde, Floresta, Garanhuns, Ouricuri, Petrolina, Serra Talhada e Vit\u00f3ria de Santo Ant\u00e3o. As unidades de Caruaru e Salgueiro est\u00e3o com licita\u00e7\u00e3o em andamento.<\/span><\/p>\n<p style=\"text-align: justify;\"><span style=\"font-size: 14pt; font-family: arial, helvetica, sans-serif;\">O gerente-geral de Pol\u00edcia Cient\u00edfica, Wagner Bezerra, afirmou que o refor\u00e7o de pessoal e as novas unidades v\u00e3o melhorar a presta\u00e7\u00e3o do servi\u00e7o. \u201cA expans\u00e3o da estrutura e o ingresso de novos servidores v\u00e3o reduzir o tempo de deslocamento das fam\u00edlias e oferecer mais agilidade e qualidade no atendimento \u00e0 sociedade\u201d, disse.<\/span><\/p>\n<p style=\"text-align: justify;\"><span style=\"font-size: 14pt; font-family: arial, helvetica, sans-serif;\">A forma\u00e7\u00e3o, com dura\u00e7\u00e3o de quatro meses, \u00e9 coordenada pela Escola Superior de Pol\u00edcia Civil (ESPC), pela Academia Integrada de Defesa Social (ACIDES) e pela Coordena\u00e7\u00e3o de Ensino, Pesquisa e Gest\u00e3o da Qualidade (CEPGQ).<\/span><\/p>\n<p style=\"text-align: justify;\"><span style=\"font-size: 14pt; font-family: arial, helvetica, sans-serif;\">Juliana Ferreira, uma das alunas do curso, falou sobre a import\u00e2ncia do novo ciclo profissional. \u201cQuero contribuir para que Pernambuco seja mais seguro e acolhedor com as v\u00edtimas de viol\u00eancia. A per\u00edcia \u00e9 a \u00faltima voz da v\u00edtima, e quero garantir que essa voz seja ouvida\u201d, afirmou.<\/span><\/p>\n<p style=\"text-align: justify;\"><span style=\"font-size: 14pt; font-family: arial, helvetica, sans-serif;\">Tamb\u00e9m participaram da solenidade a secret\u00e1ria de Administra\u00e7\u00e3o, Ana Mara\u00edza; o vice-prefeito de Olinda, Chiquinho; os comandantes da Pol\u00edcia Militar e do Corpo de Bombeiros, coronel Ivanildo Torres e Francisco Cantarelli; e representantes do Minist\u00e9rio da Justi\u00e7a e do Minist\u00e9rio P\u00fablico de Pernambuco.<\/span><\/p>\n","protected":false},"excerpt":{"rendered":"<p>A governadora de Pernambuco, Raquel Lyra, participou nesta segunda-feira (6) da aula inaugural do Curso de Forma&ccedil;&atilde;o Profissional (CFP) da Pol&iacute;cia Cient&iacute;fica. O grupo &eacute; composto por 229 aprovados no &uacute;ltimo concurso p&uacute;blico, que est&atilde;o na etapa final antes da nomea&ccedil;&atilde;o. O curso tem como foco a capacita&ccedil;&atilde;o t&eacute;cnica para atua&ccedil;&atilde;o na elucida&ccedil;&atilde;o de crimes e produ&ccedil;&atilde;o de provas periciais. Segundo a governadora, o refor&ccedil;o da Pol&iacute;cia Cient&iacute;fica integra o programa Juntos pela Seguran&ccedil;a, que prev&ecirc; investimentos de R$ 2,3 bilh&otilde;es em a&ccedil;&otilde;es de moderniza&ccedil;&atilde;o e amplia&ccedil;&atilde;o das for&ccedil;as de seguran&ccedil;a. &ldquo;Estamos ampliando o efetivo, investindo em tecnologia, novos equipamentos &#8230; <\/p>\n<p class=\"read-more-container\"><a title=\"Raquel Lyra participa de aula inaugural dos novos servidores da Pol\u00edcia Cient\u00edfica de Pernambuco\" class=\"read-more button\" href=\"https:\/\/blogdojuniorcavalcanti.com.br\/index.php\/2025\/10\/07\/raquel-lyra-participa-de-aula-inaugural-dos-novos-servidores-da-policia-cientifica-de-pernambuco\/#more-48675\" aria-label=\"More on Raquel Lyra participa de aula inaugural dos novos servidores da Pol\u00edcia Cient\u00edfica de Pernambuco\">Leia mais<\/a><\/p>\n","protected":false},"author":2,"featured_media":48676,"comment_status":"open","ping_status":"open","sticky":false,"template":"","format":"standard","meta":{"footnotes":""},"categories":[25],"tags":[],"class_list":["post-48675","post","type-post","status-publish","format-standard","has-post-thumbnail","hentry","category-destaque","resize-featured-image"],"_links":{"self":[{"href":"https:\/\/blogdojuniorcavalcanti.com.br\/index.php\/wp-json\/wp\/v2\/posts\/48675","targetHints":{"allow":["GET"]}}],"collection":[{"href":"https:\/\/blogdojuniorcavalcanti.com.br\/index.php\/wp-json\/wp\/v2\/posts"}],"about":[{"href":"https:\/\/blogdojuniorcavalcanti.com.br\/index.php\/wp-json\/wp\/v2\/types\/post"}],"author":[{"embeddable":true,"href":"https:\/\/blogdojuniorcavalcanti.com.br\/index.php\/wp-json\/wp\/v2\/users\/2"}],"replies":[{"embeddable":true,"href":"https:\/\/blogdojuniorcavalcanti.com.br\/index.php\/wp-json\/wp\/v2\/comments?post=48675"}],"version-history":[{"count":1,"href":"https:\/\/blogdojuniorcavalcanti.com.br\/index.php\/wp-json\/wp\/v2\/posts\/48675\/revisions"}],"predecessor-version":[{"id":48677,"href":"https:\/\/blogdojuniorcavalcanti.com.br\/index.php\/wp-json\/wp\/v2\/posts\/48675\/revisions\/48677"}],"wp:featuredmedia":[{"embeddable":true,"href":"https:\/\/blogdojuniorcavalcanti.com.br\/index.php\/wp-json\/wp\/v2\/media\/48676"}],"wp:attachment":[{"href":"https:\/\/blogdojuniorcavalcanti.com.br\/index.php\/wp-json\/wp\/v2\/media?parent=48675"}],"wp:term":[{"taxonomy":"category","embeddable":true,"href":"https:\/\/blogdojuniorcavalcanti.com.br\/index.php\/wp-json\/wp\/v2\/categories?post=48675"},{"taxonomy":"post_tag","embeddable":true,"href":"https:\/\/blogdojuniorcavalcanti.com.br\/index.php\/wp-json\/wp\/v2\/tags?post=48675"}],"curies":[{"name":"wp","href":"https:\/\/api.w.org\/{rel}","templated":true}]}}