{"id":48722,"date":"2025-10-08T05:10:17","date_gmt":"2025-10-08T08:10:17","guid":{"rendered":"https:\/\/blogdojuniorcavalcanti.com.br\/?p=48722"},"modified":"2025-10-08T05:10:17","modified_gmt":"2025-10-08T08:10:17","slug":"zeca-cavalcanti-anuncia-mais-7-cozinhas-solidarias-para-arcoverde-em-parceria-com-o-governo-do-estado","status":"publish","type":"post","link":"https:\/\/blogdojuniorcavalcanti.com.br\/index.php\/2025\/10\/08\/zeca-cavalcanti-anuncia-mais-7-cozinhas-solidarias-para-arcoverde-em-parceria-com-o-governo-do-estado\/","title":{"rendered":"Zeca Cavalcanti anuncia mais 7 Cozinhas Solid\u00e1rias para Arcoverde em parceria com o Governo do Estado"},"content":{"rendered":"<p style=\"text-align: justify;\"><span style=\"font-size: 14pt; font-family: arial, helvetica, sans-serif;\">A Prefeitura de Arcoverde, em articula\u00e7\u00e3o direta do prefeito Zeca Cavalcanti junto ao Governo de Pernambuco, anunciou a aprova\u00e7\u00e3o de sete unidades do programa Cozinhas Solid\u00e1rias para o munic\u00edpio. A expans\u00e3o amplia o atendimento a fam\u00edlias em situa\u00e7\u00e3o de vulnerabilidade e fortalece as a\u00e7\u00f5es de seguran\u00e7a alimentar em diversas comunidades.<\/span><\/p>\n<p style=\"text-align: justify;\"><span style=\"font-size: 14pt; font-family: arial, helvetica, sans-serif;\">Com a nova amplia\u00e7\u00e3o, Arcoverde passar\u00e1 a ofertar mais de 1.000 refei\u00e7\u00f5es di\u00e1rias, somando-se \u00e0s 1.600 j\u00e1 distribu\u00eddas por meio das unidades em funcionamento. O refor\u00e7o permitir\u00e1 alcan\u00e7ar a marca de cerca de 22 mil refei\u00e7\u00f5es por m\u00eas, consolidando o munic\u00edpio como refer\u00eancia regional em pol\u00edticas de combate \u00e0 fome e inclus\u00e3o social.<\/span><\/p>\n<p style=\"text-align: justify;\"><span style=\"font-size: 14pt; font-family: arial, helvetica, sans-serif;\"><img fetchpriority=\"high\" decoding=\"async\" class=\"alignleft wp-image-301173 entered litespeed-loaded\" src=\"http:\/\/blogdofinfa.com.br\/wp-content\/uploads\/2025\/10\/WhatsApp-Image-2025-10-07-at-19.15.23-504x600.jpeg\" sizes=\"(max-width: 353px) 100vw, 353px\" srcset=\"https:\/\/blogdofinfa.com.br\/wp-content\/uploads\/2025\/10\/WhatsApp-Image-2025-10-07-at-19.15.23-504x600.jpeg 504w, https:\/\/blogdofinfa.com.br\/wp-content\/uploads\/2025\/10\/WhatsApp-Image-2025-10-07-at-19.15.23.jpeg 1290w\" alt=\"\" width=\"353\" height=\"420\" data-lazyloaded=\"1\" data-placeholder-resp=\"353x420\" data-src=\"http:\/\/blogdofinfa.com.br\/wp-content\/uploads\/2025\/10\/WhatsApp-Image-2025-10-07-at-19.15.23-504x600.jpeg\" data-srcset=\"https:\/\/blogdofinfa.com.br\/wp-content\/uploads\/2025\/10\/WhatsApp-Image-2025-10-07-at-19.15.23-504x600.jpeg 504w, https:\/\/blogdofinfa.com.br\/wp-content\/uploads\/2025\/10\/WhatsApp-Image-2025-10-07-at-19.15.23.jpeg 1290w\" data-sizes=\"(max-width: 353px) 100vw, 353px\" data-ll-status=\"loaded\" \/>O prefeito Zeca Cavalcanti destacou a parceria com o Governo do Estado e a relev\u00e2ncia do programa para a popula\u00e7\u00e3o. \u201cMais uma grande not\u00edcia para Arcoverde! Conseguimos aprovar junto ao Governo do Estado mais sete novas Cozinhas Solid\u00e1rias para nossa cidade. Atrav\u00e9s da governadora Raquel Lyra, vamos mudar ainda mais a vida do povo de Arcoverde. Ser\u00e3o mais de mil refei\u00e7\u00f5es por dia, 22 mil por m\u00eas, destinadas \u00e0s fam\u00edlias em situa\u00e7\u00e3o de inseguran\u00e7a alimentar em diversas comunidades\u201d, afirmou o gestor.<\/span><\/p>\n<p style=\"text-align: justify;\"><span style=\"font-size: 14pt; font-family: arial, helvetica, sans-serif;\">A iniciativa refor\u00e7a o compromisso da gest\u00e3o do Prefeito Zeca Cavalcanti em garantir pol\u00edticas p\u00fablicas eficientes e ampliar o cuidado com as pessoas, reafirmando o prop\u00f3sito de fazer de Arcoverde uma cidade forte novamente.<\/span><\/p>\n","protected":false},"excerpt":{"rendered":"<p>A Prefeitura de Arcoverde, em articula&ccedil;&atilde;o direta do prefeito Zeca Cavalcanti junto ao Governo de Pernambuco, anunciou a aprova&ccedil;&atilde;o de sete unidades do programa Cozinhas Solid&aacute;rias para o munic&iacute;pio. A expans&atilde;o amplia o atendimento a fam&iacute;lias em situa&ccedil;&atilde;o de vulnerabilidade e fortalece as a&ccedil;&otilde;es de seguran&ccedil;a alimentar em diversas comunidades. Com a nova amplia&ccedil;&atilde;o, Arcoverde passar&aacute; a ofertar mais de 1.000 refei&ccedil;&otilde;es di&aacute;rias, somando-se &agrave;s 1.600 j&aacute; distribu&iacute;das por meio das unidades em funcionamento. O refor&ccedil;o permitir&aacute; alcan&ccedil;ar a marca de cerca de 22 mil refei&ccedil;&otilde;es por m&ecirc;s, consolidando o munic&iacute;pio como refer&ecirc;ncia regional em pol&iacute;ticas de combate &agrave; fome &#8230; <\/p>\n<p class=\"read-more-container\"><a title=\"Zeca Cavalcanti anuncia mais 7 Cozinhas Solid\u00e1rias para Arcoverde em parceria com o Governo do Estado\" class=\"read-more button\" href=\"https:\/\/blogdojuniorcavalcanti.com.br\/index.php\/2025\/10\/08\/zeca-cavalcanti-anuncia-mais-7-cozinhas-solidarias-para-arcoverde-em-parceria-com-o-governo-do-estado\/#more-48722\" aria-label=\"More on Zeca Cavalcanti anuncia mais 7 Cozinhas Solid\u00e1rias para Arcoverde em parceria com o Governo do Estado\">Leia mais<\/a><\/p>\n","protected":false},"author":2,"featured_media":48723,"comment_status":"open","ping_status":"open","sticky":false,"template":"","format":"standard","meta":{"footnotes":""},"categories":[25],"tags":[],"class_list":["post-48722","post","type-post","status-publish","format-standard","has-post-thumbnail","hentry","category-destaque","resize-featured-image"],"_links":{"self":[{"href":"https:\/\/blogdojuniorcavalcanti.com.br\/index.php\/wp-json\/wp\/v2\/posts\/48722","targetHints":{"allow":["GET"]}}],"collection":[{"href":"https:\/\/blogdojuniorcavalcanti.com.br\/index.php\/wp-json\/wp\/v2\/posts"}],"about":[{"href":"https:\/\/blogdojuniorcavalcanti.com.br\/index.php\/wp-json\/wp\/v2\/types\/post"}],"author":[{"embeddable":true,"href":"https:\/\/blogdojuniorcavalcanti.com.br\/index.php\/wp-json\/wp\/v2\/users\/2"}],"replies":[{"embeddable":true,"href":"https:\/\/blogdojuniorcavalcanti.com.br\/index.php\/wp-json\/wp\/v2\/comments?post=48722"}],"version-history":[{"count":1,"href":"https:\/\/blogdojuniorcavalcanti.com.br\/index.php\/wp-json\/wp\/v2\/posts\/48722\/revisions"}],"predecessor-version":[{"id":48724,"href":"https:\/\/blogdojuniorcavalcanti.com.br\/index.php\/wp-json\/wp\/v2\/posts\/48722\/revisions\/48724"}],"wp:featuredmedia":[{"embeddable":true,"href":"https:\/\/blogdojuniorcavalcanti.com.br\/index.php\/wp-json\/wp\/v2\/media\/48723"}],"wp:attachment":[{"href":"https:\/\/blogdojuniorcavalcanti.com.br\/index.php\/wp-json\/wp\/v2\/media?parent=48722"}],"wp:term":[{"taxonomy":"category","embeddable":true,"href":"https:\/\/blogdojuniorcavalcanti.com.br\/index.php\/wp-json\/wp\/v2\/categories?post=48722"},{"taxonomy":"post_tag","embeddable":true,"href":"https:\/\/blogdojuniorcavalcanti.com.br\/index.php\/wp-json\/wp\/v2\/tags?post=48722"}],"curies":[{"name":"wp","href":"https:\/\/api.w.org\/{rel}","templated":true}]}}