{"id":48933,"date":"2025-10-13T18:33:46","date_gmt":"2025-10-13T21:33:46","guid":{"rendered":"https:\/\/blogdojuniorcavalcanti.com.br\/?p=48933"},"modified":"2025-10-13T18:33:46","modified_gmt":"2025-10-13T21:33:46","slug":"mario-nao-tem-relevancia-politica-diz-edson-henrique","status":"publish","type":"post","link":"https:\/\/blogdojuniorcavalcanti.com.br\/index.php\/2025\/10\/13\/mario-nao-tem-relevancia-politica-diz-edson-henrique\/","title":{"rendered":"\u201cM\u00e1rio n\u00e3o tem relev\u00e2ncia pol\u00edtica\u201d, diz Edson Henrique"},"content":{"rendered":"<p style=\"text-align: justify;\"><span style=\"font-size: 14pt; font-family: arial, helvetica, sans-serif;\">Durante entrevista ao\u00a0<b>Debate das Dez<\/b>, da\u00a0<b>R\u00e1dio Paje\u00fa<\/b>, nesta segunda-feira (13), o ex-candidato a vice-prefeito de Afogados da Ingazeira, Edson Henrique, criticou a falta de afogadenses em cargos de comando regional no Governo do Estado e minimizou a influ\u00eancia pol\u00edtica de M\u00e1rio Viana, atual representante do governo na regi\u00e3o.<\/span><\/p>\n<p style=\"text-align: justify;\"><span style=\"font-size: 14pt; font-family: arial, helvetica, sans-serif;\">\u201cEu n\u00e3o vejo o M\u00e1rio com relev\u00e2ncia, nem pol\u00edtica e nem de estrutura perante o governo do estado\u201d, afirmou Edson, ao comentar a rela\u00e7\u00e3o entre o grupo de oposi\u00e7\u00e3o que disputou a elei\u00e7\u00e3o municipal e o Pal\u00e1cio do Campo das Princesas.<\/span><\/p>\n<p style=\"text-align: justify;\"><span style=\"font-size: 14pt; font-family: arial, helvetica, sans-serif;\">Segundo ele, h\u00e1 uma aus\u00eancia de \u201ctimbre pol\u00edtico\u201d por parte da gest\u00e3o estadual e de seus assessores diretos. \u201cAfogados da Ingazeira tem a import\u00e2ncia que tem, mas n\u00e3o h\u00e1 nenhum filho afogadense ocupando um cargo de primeiro escal\u00e3o nos \u00f3rg\u00e3os regionais. Em toda a hist\u00f3ria do munic\u00edpio, sempre houve afogadenses nesses espa\u00e7os, independentemente do governo\u201d, disse.<\/span><\/p>\n<p style=\"text-align: justify;\"><span style=\"font-size: 14pt; font-family: arial, helvetica, sans-serif;\">O ex-candidato ainda apontou que essa falta de representatividade repercute negativamente em outras inst\u00e2ncias. \u201cA maioria das pessoas que ocupam cargos nos \u00f3rg\u00e3os regionais de Afogados da Ingazeira n\u00e3o \u00e9 da cidade. Ent\u00e3o por que esses \u00f3rg\u00e3os est\u00e3o aqui?\u201d, questionou.<\/span><\/p>\n","protected":false},"excerpt":{"rendered":"<p>Durante entrevista ao&nbsp;Debate das Dez, da&nbsp;R&aacute;dio Paje&uacute;, nesta segunda-feira (13), o ex-candidato a vice-prefeito de Afogados da Ingazeira, Edson Henrique, criticou a falta de afogadenses em cargos de comando regional no Governo do Estado e minimizou a influ&ecirc;ncia pol&iacute;tica de M&aacute;rio Viana, atual representante do governo na regi&atilde;o. &ldquo;Eu n&atilde;o vejo o M&aacute;rio com relev&acirc;ncia, nem pol&iacute;tica e nem de estrutura perante o governo do estado&rdquo;, afirmou Edson, ao comentar a rela&ccedil;&atilde;o entre o grupo de oposi&ccedil;&atilde;o que disputou a elei&ccedil;&atilde;o municipal e o Pal&aacute;cio do Campo das Princesas. Segundo ele, h&aacute; uma aus&ecirc;ncia de &ldquo;timbre pol&iacute;tico&rdquo; por parte da &#8230; <\/p>\n<p class=\"read-more-container\"><a title=\"\u201cM\u00e1rio n\u00e3o tem relev\u00e2ncia pol\u00edtica\u201d, diz Edson Henrique\" class=\"read-more button\" href=\"https:\/\/blogdojuniorcavalcanti.com.br\/index.php\/2025\/10\/13\/mario-nao-tem-relevancia-politica-diz-edson-henrique\/#more-48933\" aria-label=\"More on \u201cM\u00e1rio n\u00e3o tem relev\u00e2ncia pol\u00edtica\u201d, diz Edson Henrique\">Leia mais<\/a><\/p>\n","protected":false},"author":2,"featured_media":48934,"comment_status":"open","ping_status":"open","sticky":false,"template":"","format":"standard","meta":{"footnotes":""},"categories":[27],"tags":[],"class_list":["post-48933","post","type-post","status-publish","format-standard","has-post-thumbnail","hentry","category-politica","resize-featured-image"],"_links":{"self":[{"href":"https:\/\/blogdojuniorcavalcanti.com.br\/index.php\/wp-json\/wp\/v2\/posts\/48933","targetHints":{"allow":["GET"]}}],"collection":[{"href":"https:\/\/blogdojuniorcavalcanti.com.br\/index.php\/wp-json\/wp\/v2\/posts"}],"about":[{"href":"https:\/\/blogdojuniorcavalcanti.com.br\/index.php\/wp-json\/wp\/v2\/types\/post"}],"author":[{"embeddable":true,"href":"https:\/\/blogdojuniorcavalcanti.com.br\/index.php\/wp-json\/wp\/v2\/users\/2"}],"replies":[{"embeddable":true,"href":"https:\/\/blogdojuniorcavalcanti.com.br\/index.php\/wp-json\/wp\/v2\/comments?post=48933"}],"version-history":[{"count":1,"href":"https:\/\/blogdojuniorcavalcanti.com.br\/index.php\/wp-json\/wp\/v2\/posts\/48933\/revisions"}],"predecessor-version":[{"id":48935,"href":"https:\/\/blogdojuniorcavalcanti.com.br\/index.php\/wp-json\/wp\/v2\/posts\/48933\/revisions\/48935"}],"wp:featuredmedia":[{"embeddable":true,"href":"https:\/\/blogdojuniorcavalcanti.com.br\/index.php\/wp-json\/wp\/v2\/media\/48934"}],"wp:attachment":[{"href":"https:\/\/blogdojuniorcavalcanti.com.br\/index.php\/wp-json\/wp\/v2\/media?parent=48933"}],"wp:term":[{"taxonomy":"category","embeddable":true,"href":"https:\/\/blogdojuniorcavalcanti.com.br\/index.php\/wp-json\/wp\/v2\/categories?post=48933"},{"taxonomy":"post_tag","embeddable":true,"href":"https:\/\/blogdojuniorcavalcanti.com.br\/index.php\/wp-json\/wp\/v2\/tags?post=48933"}],"curies":[{"name":"wp","href":"https:\/\/api.w.org\/{rel}","templated":true}]}}