{"id":48975,"date":"2025-10-14T10:52:49","date_gmt":"2025-10-14T13:52:49","guid":{"rendered":"https:\/\/blogdojuniorcavalcanti.com.br\/?p=48975"},"modified":"2025-10-14T10:52:49","modified_gmt":"2025-10-14T13:52:49","slug":"prefeitura-de-itapetim-apresenta-projeto-da-1a-exposicao-de-ovinos-e-caprinos-no-municipio","status":"publish","type":"post","link":"https:\/\/blogdojuniorcavalcanti.com.br\/index.php\/2025\/10\/14\/prefeitura-de-itapetim-apresenta-projeto-da-1a-exposicao-de-ovinos-e-caprinos-no-municipio\/","title":{"rendered":"Prefeitura de Itapetim apresenta projeto da 1\u00aa Exposi\u00e7\u00e3o de Ovinos e Caprinos no munic\u00edpio"},"content":{"rendered":"<p style=\"text-align: justify;\"><span style=\"font-size: 14pt; font-family: arial, helvetica, sans-serif;\">O Governo Municipal, por meio da Diretoria de Juventude e Empreendedorismo, realizou uma importante reuni\u00e3o para apresenta\u00e7\u00e3o do projeto da 1\u00aa Exposi\u00e7\u00e3o de Ovinos e Caprinos de Itapetim.<\/span><\/p>\n<p style=\"text-align: justify;\"><span style=\"font-size: 14pt; font-family: arial, helvetica, sans-serif;\">Durante o encontro, foi discutida a participa\u00e7\u00e3o dos criadores no evento. Todos os produtores de ovinos e caprinos est\u00e3o convidados a levar seus animais para exposi\u00e7\u00e3o, torneios, comercializa\u00e7\u00e3o e visita\u00e7\u00e3o. Os interessados podem procurar os presidentes de associa\u00e7\u00f5es Allan Costa (APLCOI), Ronaldo Gomes (ACOI).<\/span><\/p>\n<p style=\"text-align: justify;\"><span style=\"font-size: 14pt; font-family: arial, helvetica, sans-serif;\">Na reuni\u00e3o foi apresentado tamb\u00e9m o apoio que a Prefeitura Municipal oferecer\u00e1 aos produtores e criadores, incluindo consultoria t\u00e9cnica at\u00e9 o dia da exposi\u00e7\u00e3o, realiza\u00e7\u00e3o de palestras, disponibiliza\u00e7\u00e3o de baias e outros tipos de suporte.<\/span><\/p>\n<p style=\"text-align: justify;\"><span style=\"font-size: 14pt; font-family: arial, helvetica, sans-serif;\">Outro ponto debatido foi a premia\u00e7\u00e3o e a forma de divis\u00e3o dos pr\u00eamios entre os participantes, refor\u00e7ando o compromisso do Governo Municipal em valorizar e incentivar a atividade agropecu\u00e1ria local.<\/span><\/p>\n","protected":false},"excerpt":{"rendered":"<p>O Governo Municipal, por meio da Diretoria de Juventude e Empreendedorismo, realizou uma importante reuni&atilde;o para apresenta&ccedil;&atilde;o do projeto da 1&ordf; Exposi&ccedil;&atilde;o de Ovinos e Caprinos de Itapetim. Durante o encontro, foi discutida a participa&ccedil;&atilde;o dos criadores no evento. Todos os produtores de ovinos e caprinos est&atilde;o convidados a levar seus animais para exposi&ccedil;&atilde;o, torneios, comercializa&ccedil;&atilde;o e visita&ccedil;&atilde;o. Os interessados podem procurar os presidentes de associa&ccedil;&otilde;es Allan Costa (APLCOI), Ronaldo Gomes (ACOI). Na reuni&atilde;o foi apresentado tamb&eacute;m o apoio que a Prefeitura Municipal oferecer&aacute; aos produtores e criadores, incluindo consultoria t&eacute;cnica at&eacute; o dia da exposi&ccedil;&atilde;o, realiza&ccedil;&atilde;o de palestras, disponibiliza&ccedil;&atilde;o &#8230; <\/p>\n<p class=\"read-more-container\"><a title=\"Prefeitura de Itapetim apresenta projeto da 1\u00aa Exposi\u00e7\u00e3o de Ovinos e Caprinos no munic\u00edpio\" class=\"read-more button\" href=\"https:\/\/blogdojuniorcavalcanti.com.br\/index.php\/2025\/10\/14\/prefeitura-de-itapetim-apresenta-projeto-da-1a-exposicao-de-ovinos-e-caprinos-no-municipio\/#more-48975\" aria-label=\"More on Prefeitura de Itapetim apresenta projeto da 1\u00aa Exposi\u00e7\u00e3o de Ovinos e Caprinos no munic\u00edpio\">Leia mais<\/a><\/p>\n","protected":false},"author":2,"featured_media":48976,"comment_status":"open","ping_status":"open","sticky":false,"template":"","format":"standard","meta":{"footnotes":""},"categories":[37],"tags":[],"class_list":["post-48975","post","type-post","status-publish","format-standard","has-post-thumbnail","hentry","category-cidades","resize-featured-image"],"_links":{"self":[{"href":"https:\/\/blogdojuniorcavalcanti.com.br\/index.php\/wp-json\/wp\/v2\/posts\/48975","targetHints":{"allow":["GET"]}}],"collection":[{"href":"https:\/\/blogdojuniorcavalcanti.com.br\/index.php\/wp-json\/wp\/v2\/posts"}],"about":[{"href":"https:\/\/blogdojuniorcavalcanti.com.br\/index.php\/wp-json\/wp\/v2\/types\/post"}],"author":[{"embeddable":true,"href":"https:\/\/blogdojuniorcavalcanti.com.br\/index.php\/wp-json\/wp\/v2\/users\/2"}],"replies":[{"embeddable":true,"href":"https:\/\/blogdojuniorcavalcanti.com.br\/index.php\/wp-json\/wp\/v2\/comments?post=48975"}],"version-history":[{"count":1,"href":"https:\/\/blogdojuniorcavalcanti.com.br\/index.php\/wp-json\/wp\/v2\/posts\/48975\/revisions"}],"predecessor-version":[{"id":48977,"href":"https:\/\/blogdojuniorcavalcanti.com.br\/index.php\/wp-json\/wp\/v2\/posts\/48975\/revisions\/48977"}],"wp:featuredmedia":[{"embeddable":true,"href":"https:\/\/blogdojuniorcavalcanti.com.br\/index.php\/wp-json\/wp\/v2\/media\/48976"}],"wp:attachment":[{"href":"https:\/\/blogdojuniorcavalcanti.com.br\/index.php\/wp-json\/wp\/v2\/media?parent=48975"}],"wp:term":[{"taxonomy":"category","embeddable":true,"href":"https:\/\/blogdojuniorcavalcanti.com.br\/index.php\/wp-json\/wp\/v2\/categories?post=48975"},{"taxonomy":"post_tag","embeddable":true,"href":"https:\/\/blogdojuniorcavalcanti.com.br\/index.php\/wp-json\/wp\/v2\/tags?post=48975"}],"curies":[{"name":"wp","href":"https:\/\/api.w.org\/{rel}","templated":true}]}}