{"id":49072,"date":"2025-10-17T10:08:56","date_gmt":"2025-10-17T13:08:56","guid":{"rendered":"https:\/\/blogdojuniorcavalcanti.com.br\/?p=49072"},"modified":"2025-10-17T10:08:56","modified_gmt":"2025-10-17T13:08:56","slug":"prefeitura-de-afogados-da-ingazeira-promove-campanha-de-atualizacao-vacinal","status":"publish","type":"post","link":"https:\/\/blogdojuniorcavalcanti.com.br\/index.php\/2025\/10\/17\/prefeitura-de-afogados-da-ingazeira-promove-campanha-de-atualizacao-vacinal\/","title":{"rendered":"Prefeitura de Afogados da Ingazeira promove campanha de atualiza\u00e7\u00e3o vacinal"},"content":{"rendered":"<p style=\"text-align: justify;\"><span style=\"font-size: 14pt; font-family: arial, helvetica, sans-serif;\"><em>Ascom<\/em><\/span><\/p>\n<p style=\"text-align: justify;\"><span style=\"font-size: 14pt; font-family: arial, helvetica, sans-serif;\">A Prefeitura de Afogados da Ingazeira promove at\u00e9 o dia 31 de outubro a campanha de atualiza\u00e7\u00e3o vacinal. A a\u00e7\u00e3o, coordenada pela Secretaria Municipal de Sa\u00fade, integra a Campanha Nacional de Multivacina\u00e7\u00e3o 2025. O dia \u201cD\u201d da Campanha ser\u00e1 no s\u00e1bado, dia 25.<\/span><\/p>\n<p style=\"text-align: justify;\"><span style=\"font-size: 14pt; font-family: arial, helvetica, sans-serif;\">Todas as vacinas do calend\u00e1rio b\u00e1sico de vacina\u00e7\u00e3o estar\u00e3o dispon\u00edveis, inclusive a de HPV, que \u00e9 dose \u00fanica, e deve ser tomada at\u00e9 os 19 anos. Aten\u00e7\u00e3o especial aos pais e\/ou respons\u00e1veis que devem levar suas crian\u00e7as e adolescentes para atualizarem a caderneta de vacina\u00e7\u00e3o.<\/span><\/p>\n<p style=\"text-align: justify;\"><span style=\"font-size: 14pt; font-family: arial, helvetica, sans-serif;\">A campanha segue at\u00e9 o pr\u00f3ximo dia 31 de outubro. Basta procurar a Unidade B\u00e1sica de Sa\u00fade (UBS), a qual voc\u00ea est\u00e1 referenciado e atualizar a caderneta tomando as vacinas que faltam.<\/span><\/p>\n<p style=\"text-align: justify;\"><span style=\"font-size: 14pt; font-family: arial, helvetica, sans-serif;\">\u201cN\u00e3o perca essa oportunidade de cuidar de sua sa\u00fade e a de quem voc\u00ea ama! Vacinar \u00e9 um ato de prote\u00e7\u00e3o e amor\u201d, refor\u00e7ou o secret\u00e1rio Municipal de Sa\u00fade, Artur Amorim.<\/span><\/p>\n","protected":false},"excerpt":{"rendered":"<p>Ascom A Prefeitura de Afogados da Ingazeira promove at&eacute; o dia 31 de outubro a campanha de atualiza&ccedil;&atilde;o vacinal. A a&ccedil;&atilde;o, coordenada pela Secretaria Municipal de Sa&uacute;de, integra a Campanha Nacional de Multivacina&ccedil;&atilde;o 2025. O dia &ldquo;D&rdquo; da Campanha ser&aacute; no s&aacute;bado, dia 25. Todas as vacinas do calend&aacute;rio b&aacute;sico de vacina&ccedil;&atilde;o estar&atilde;o dispon&iacute;veis, inclusive a de HPV, que &eacute; dose &uacute;nica, e deve ser tomada at&eacute; os 19 anos. Aten&ccedil;&atilde;o especial aos pais e\/ou respons&aacute;veis que devem levar suas crian&ccedil;as e adolescentes para atualizarem a caderneta de vacina&ccedil;&atilde;o. A campanha segue at&eacute; o pr&oacute;ximo dia 31 de outubro. Basta &#8230; <\/p>\n<p class=\"read-more-container\"><a title=\"Prefeitura de Afogados da Ingazeira promove campanha de atualiza\u00e7\u00e3o vacinal\" class=\"read-more button\" href=\"https:\/\/blogdojuniorcavalcanti.com.br\/index.php\/2025\/10\/17\/prefeitura-de-afogados-da-ingazeira-promove-campanha-de-atualizacao-vacinal\/#more-49072\" aria-label=\"More on Prefeitura de Afogados da Ingazeira promove campanha de atualiza\u00e7\u00e3o vacinal\">Leia mais<\/a><\/p>\n","protected":false},"author":2,"featured_media":49073,"comment_status":"open","ping_status":"open","sticky":false,"template":"","format":"standard","meta":{"footnotes":""},"categories":[38],"tags":[],"class_list":["post-49072","post","type-post","status-publish","format-standard","has-post-thumbnail","hentry","category-pernambuco","resize-featured-image"],"_links":{"self":[{"href":"https:\/\/blogdojuniorcavalcanti.com.br\/index.php\/wp-json\/wp\/v2\/posts\/49072","targetHints":{"allow":["GET"]}}],"collection":[{"href":"https:\/\/blogdojuniorcavalcanti.com.br\/index.php\/wp-json\/wp\/v2\/posts"}],"about":[{"href":"https:\/\/blogdojuniorcavalcanti.com.br\/index.php\/wp-json\/wp\/v2\/types\/post"}],"author":[{"embeddable":true,"href":"https:\/\/blogdojuniorcavalcanti.com.br\/index.php\/wp-json\/wp\/v2\/users\/2"}],"replies":[{"embeddable":true,"href":"https:\/\/blogdojuniorcavalcanti.com.br\/index.php\/wp-json\/wp\/v2\/comments?post=49072"}],"version-history":[{"count":1,"href":"https:\/\/blogdojuniorcavalcanti.com.br\/index.php\/wp-json\/wp\/v2\/posts\/49072\/revisions"}],"predecessor-version":[{"id":49074,"href":"https:\/\/blogdojuniorcavalcanti.com.br\/index.php\/wp-json\/wp\/v2\/posts\/49072\/revisions\/49074"}],"wp:featuredmedia":[{"embeddable":true,"href":"https:\/\/blogdojuniorcavalcanti.com.br\/index.php\/wp-json\/wp\/v2\/media\/49073"}],"wp:attachment":[{"href":"https:\/\/blogdojuniorcavalcanti.com.br\/index.php\/wp-json\/wp\/v2\/media?parent=49072"}],"wp:term":[{"taxonomy":"category","embeddable":true,"href":"https:\/\/blogdojuniorcavalcanti.com.br\/index.php\/wp-json\/wp\/v2\/categories?post=49072"},{"taxonomy":"post_tag","embeddable":true,"href":"https:\/\/blogdojuniorcavalcanti.com.br\/index.php\/wp-json\/wp\/v2\/tags?post=49072"}],"curies":[{"name":"wp","href":"https:\/\/api.w.org\/{rel}","templated":true}]}}