{"id":49207,"date":"2025-10-21T08:13:04","date_gmt":"2025-10-21T11:13:04","guid":{"rendered":"https:\/\/blogdojuniorcavalcanti.com.br\/?p=49207"},"modified":"2025-10-21T08:13:04","modified_gmt":"2025-10-21T11:13:04","slug":"aprovacao-de-flavio-marques-faz-oposicao-cair-em-campo-diz-junior-alves","status":"publish","type":"post","link":"https:\/\/blogdojuniorcavalcanti.com.br\/index.php\/2025\/10\/21\/aprovacao-de-flavio-marques-faz-oposicao-cair-em-campo-diz-junior-alves\/","title":{"rendered":"Aprova\u00e7\u00e3o de Fl\u00e1vio Marques faz oposi\u00e7\u00e3o cair em campo, diz J\u00fanior Alves"},"content":{"rendered":"<p style=\"text-align: justify;\"><span style=\"font-size: 14pt; font-family: arial, helvetica, sans-serif;\"><strong>Por J\u00fanior Alves\u00a0<\/strong><\/span><\/p>\n<p style=\"text-align: justify;\"><span style=\"font-size: 14pt; font-family: arial, helvetica, sans-serif;\">As duas \u00faltimas enquetes que foram divulgadas por ve\u00edculos de comunica\u00e7\u00e3o, avaliando o governo do prefeito Fl\u00e1vio Marques, parece que acenderam o sinal de alerta na bancada de vereadores da oposi\u00e7\u00e3o em Tabira.<\/span><\/p>\n<p style=\"text-align: justify;\"><span style=\"font-size: 14pt; font-family: arial, helvetica, sans-serif;\">O Blog Cariri em A\u00e7\u00e3o noticiou que, em seu levantamento, 80% dos leitores aprovam a gest\u00e3o de Fl\u00e1vio at\u00e9 agora. Na pesquisa da p\u00e1gina Pol\u00edtica Tabira no Instagram, os n\u00fameros foram ainda melhores para o governo com 87% de aprova\u00e7\u00e3o.<\/span><\/p>\n<p style=\"text-align: justify;\"><span style=\"font-size: 14pt; font-family: arial, helvetica, sans-serif;\">Mas essa alta aprova\u00e7\u00e3o parece que ligou o sinal de alerta dos vereadores da oposi\u00e7\u00e3o e, nesta segunda-feira, os quatro parlamentares ca\u00edram em campo e publicaram v\u00eddeos que apontam falhas da gest\u00e3o.<\/span><\/p>\n<p style=\"text-align: justify;\"><span style=\"font-size: 14pt; font-family: arial, helvetica, sans-serif;\">As vereadoras Est\u00e9fany de J\u00fanior e Maria Helena estiveram na Escola Ant\u00f4nio Gomes da Silva e reclamaram que os pneus apresentam desgaste. Maria Helena reivindicou tamb\u00e9m que a secretaria de Educa\u00e7\u00e3o mude o \u00f4nibus da rota e coloque um amarelinho no lugar do que l\u00e1 est\u00e1.<\/span><\/p>\n<p style=\"text-align: justify;\"><span style=\"font-size: 14pt; font-family: arial, helvetica, sans-serif;\">O Vereador Marcos de Judite foi at\u00e9 a garagem da prefeitura reclamar que um trator adquirido pelo munic\u00edpio est\u00e1 parado. Ele disse que houve uma devolu\u00e7\u00e3o da C\u00e2mara para compra de implementos, mas o trator ainda n\u00e3o est\u00e1 servindo \u00e0 popula\u00e7\u00e3o.<\/span><\/p>\n<p style=\"text-align: justify;\"><span style=\"font-size: 14pt; font-family: arial, helvetica, sans-serif;\">E a vereadora Maria Nelly esteve no local onde funcionava a esta\u00e7\u00e3o de transbordo e disse que est\u00e1 abandonada e toda a estrutura que l\u00e1 existia n\u00e3o existe mais.<\/span><\/p>\n","protected":false},"excerpt":{"rendered":"<p>Por J&uacute;nior Alves&nbsp; As duas &uacute;ltimas enquetes que foram divulgadas por ve&iacute;culos de comunica&ccedil;&atilde;o, avaliando o governo do prefeito Fl&aacute;vio Marques, parece que acenderam o sinal de alerta na bancada de vereadores da oposi&ccedil;&atilde;o em Tabira. O Blog Cariri em A&ccedil;&atilde;o noticiou que, em seu levantamento, 80% dos leitores aprovam a gest&atilde;o de Fl&aacute;vio at&eacute; agora. Na pesquisa da p&aacute;gina Pol&iacute;tica Tabira no Instagram, os n&uacute;meros foram ainda melhores para o governo com 87% de aprova&ccedil;&atilde;o. Mas essa alta aprova&ccedil;&atilde;o parece que ligou o sinal de alerta dos vereadores da oposi&ccedil;&atilde;o e, nesta segunda-feira, os quatro parlamentares ca&iacute;ram em campo &#8230; <\/p>\n<p class=\"read-more-container\"><a title=\"Aprova\u00e7\u00e3o de Fl\u00e1vio Marques faz oposi\u00e7\u00e3o cair em campo, diz J\u00fanior Alves\" class=\"read-more button\" href=\"https:\/\/blogdojuniorcavalcanti.com.br\/index.php\/2025\/10\/21\/aprovacao-de-flavio-marques-faz-oposicao-cair-em-campo-diz-junior-alves\/#more-49207\" aria-label=\"More on Aprova\u00e7\u00e3o de Fl\u00e1vio Marques faz oposi\u00e7\u00e3o cair em campo, diz J\u00fanior Alves\">Leia mais<\/a><\/p>\n","protected":false},"author":2,"featured_media":49208,"comment_status":"open","ping_status":"open","sticky":false,"template":"","format":"standard","meta":{"footnotes":""},"categories":[37],"tags":[],"class_list":["post-49207","post","type-post","status-publish","format-standard","has-post-thumbnail","hentry","category-cidades","resize-featured-image"],"_links":{"self":[{"href":"https:\/\/blogdojuniorcavalcanti.com.br\/index.php\/wp-json\/wp\/v2\/posts\/49207","targetHints":{"allow":["GET"]}}],"collection":[{"href":"https:\/\/blogdojuniorcavalcanti.com.br\/index.php\/wp-json\/wp\/v2\/posts"}],"about":[{"href":"https:\/\/blogdojuniorcavalcanti.com.br\/index.php\/wp-json\/wp\/v2\/types\/post"}],"author":[{"embeddable":true,"href":"https:\/\/blogdojuniorcavalcanti.com.br\/index.php\/wp-json\/wp\/v2\/users\/2"}],"replies":[{"embeddable":true,"href":"https:\/\/blogdojuniorcavalcanti.com.br\/index.php\/wp-json\/wp\/v2\/comments?post=49207"}],"version-history":[{"count":1,"href":"https:\/\/blogdojuniorcavalcanti.com.br\/index.php\/wp-json\/wp\/v2\/posts\/49207\/revisions"}],"predecessor-version":[{"id":49209,"href":"https:\/\/blogdojuniorcavalcanti.com.br\/index.php\/wp-json\/wp\/v2\/posts\/49207\/revisions\/49209"}],"wp:featuredmedia":[{"embeddable":true,"href":"https:\/\/blogdojuniorcavalcanti.com.br\/index.php\/wp-json\/wp\/v2\/media\/49208"}],"wp:attachment":[{"href":"https:\/\/blogdojuniorcavalcanti.com.br\/index.php\/wp-json\/wp\/v2\/media?parent=49207"}],"wp:term":[{"taxonomy":"category","embeddable":true,"href":"https:\/\/blogdojuniorcavalcanti.com.br\/index.php\/wp-json\/wp\/v2\/categories?post=49207"},{"taxonomy":"post_tag","embeddable":true,"href":"https:\/\/blogdojuniorcavalcanti.com.br\/index.php\/wp-json\/wp\/v2\/tags?post=49207"}],"curies":[{"name":"wp","href":"https:\/\/api.w.org\/{rel}","templated":true}]}}