{"id":49727,"date":"2025-11-04T06:03:06","date_gmt":"2025-11-04T09:03:06","guid":{"rendered":"https:\/\/blogdojuniorcavalcanti.com.br\/?p=49727"},"modified":"2025-11-04T06:03:06","modified_gmt":"2025-11-04T09:03:06","slug":"castro-e-moraes-reuniram-se-em-centro-de-comando-para-debater-operacao","status":"publish","type":"post","link":"https:\/\/blogdojuniorcavalcanti.com.br\/index.php\/2025\/11\/04\/castro-e-moraes-reuniram-se-em-centro-de-comando-para-debater-operacao\/","title":{"rendered":"Castro e Moraes reuniram-se em Centro de Comando para debater opera\u00e7\u00e3o"},"content":{"rendered":"<p style=\"text-align: justify;\"><span style=\"font-size: 14pt; font-family: arial, helvetica, sans-serif;\"><a id=\"imgPrincipalNoticia\" title=\"Governador do Rio de Janeiro, Cl\u00e1udio Castro (centro), apresenta dados da Opera\u00e7\u00e3o Conten\u00e7\u00e3o ao ministro do STF Alexandre de Moraes  - Foto: Foto: AFP \/Governo do Rio de Janeiro\/Divuga\u00e7\u00e3o\" href=\"https:\/\/cdn.folhape.com.br\/img\/pc\/450\/450\/dn_arquivo\/2025\/11\/1762208345.jpg\" rel=\"gallery\"><small class=\"legendaFoto\">Governador do Rio de Janeiro, Cl\u00e1udio Castro (centro), apresenta dados da Opera\u00e7\u00e3o Conten\u00e7\u00e3o ao ministro do STF Alexandre de Moraes\u00a0&#8211;\u00a0<em>Foto: AFP \/Governo do Rio de Janeiro\/Divuga\u00e7\u00e3o<\/em><\/small><\/a><\/span><\/p>\n<p style=\"text-align: justify;\"><span style=\"font-size: 14pt; font-family: arial, helvetica, sans-serif;\">O governador do Rio de Janeiro, Cl\u00e1udio Castro, reuniu-se nesta segunda-feira (3), com o ministro do Supremo Tribunal Federal (STF) Alexandre de Moraes no Centro Integrado de Comando e Controle (CICC), na Cidade Nova.\u00a0<\/span><\/p>\n<p style=\"text-align: justify;\"><span style=\"font-size: 14pt; font-family: arial, helvetica, sans-serif;\">No encontro, o governador apresentou ao ministro dados sobre o planejamento e a execu\u00e7\u00e3o da\u00a0Opera\u00e7\u00e3o Conten\u00e7\u00e3o, realizada na semana passada no complexos da Penha e do Alem\u00e3o, que deixou 121 mortos. Em uma tentativa de conter a expans\u00e3o territorial da fac\u00e7\u00e3o Comando Vermelho, essa foi\u00a0a incurs\u00e3o policial mais letal da hist\u00f3ria do estado.<\/span><\/p>\n<p style=\"text-align: justify;\" data-intext-processed=\"true\"><span style=\"font-size: 14pt; font-family: arial, helvetica, sans-serif;\">A\u00a0ida de Moraes ao Rio\u00a0teve como objetivo colher informa\u00e7\u00f5es sobre a opera\u00e7\u00e3o, uma vez que o ministro \u00e9 o relator tempor\u00e1rio da Argui\u00e7\u00e3o de Descumprimento de Preceito Fundamental (ADPF) 635, mais conhecida como\u00a0ADPF das Favelas. A a\u00e7\u00e3o estabelece regras para diminuir a letalidade policial no Rio de Janeiro.<\/span><\/p>\n","protected":false},"excerpt":{"rendered":"<p>Governador do Rio de Janeiro, Cl&aacute;udio Castro (centro), apresenta dados da Opera&ccedil;&atilde;o Conten&ccedil;&atilde;o ao ministro do STF Alexandre de Moraes&nbsp;&ndash;&nbsp;Foto: AFP \/Governo do Rio de Janeiro\/Divuga&ccedil;&atilde;o O governador do Rio de Janeiro, Cl&aacute;udio Castro, reuniu-se nesta segunda-feira (3), com o ministro do Supremo Tribunal Federal (STF) Alexandre de Moraes no Centro Integrado de Comando e Controle (CICC), na Cidade Nova.&nbsp; No encontro, o governador apresentou ao ministro dados sobre o planejamento e a execu&ccedil;&atilde;o da&nbsp;Opera&ccedil;&atilde;o Conten&ccedil;&atilde;o, realizada na semana passada no complexos da Penha e do Alem&atilde;o, que deixou 121 mortos. Em uma tentativa de conter a expans&atilde;o territorial da &#8230; <\/p>\n<p class=\"read-more-container\"><a title=\"Castro e Moraes reuniram-se em Centro de Comando para debater opera\u00e7\u00e3o\" class=\"read-more button\" href=\"https:\/\/blogdojuniorcavalcanti.com.br\/index.php\/2025\/11\/04\/castro-e-moraes-reuniram-se-em-centro-de-comando-para-debater-operacao\/#more-49727\" aria-label=\"More on Castro e Moraes reuniram-se em Centro de Comando para debater opera\u00e7\u00e3o\">Leia mais<\/a><\/p>\n","protected":false},"author":2,"featured_media":49728,"comment_status":"open","ping_status":"open","sticky":false,"template":"","format":"standard","meta":{"footnotes":""},"categories":[33],"tags":[],"class_list":["post-49727","post","type-post","status-publish","format-standard","has-post-thumbnail","hentry","category-brasil","resize-featured-image"],"_links":{"self":[{"href":"https:\/\/blogdojuniorcavalcanti.com.br\/index.php\/wp-json\/wp\/v2\/posts\/49727","targetHints":{"allow":["GET"]}}],"collection":[{"href":"https:\/\/blogdojuniorcavalcanti.com.br\/index.php\/wp-json\/wp\/v2\/posts"}],"about":[{"href":"https:\/\/blogdojuniorcavalcanti.com.br\/index.php\/wp-json\/wp\/v2\/types\/post"}],"author":[{"embeddable":true,"href":"https:\/\/blogdojuniorcavalcanti.com.br\/index.php\/wp-json\/wp\/v2\/users\/2"}],"replies":[{"embeddable":true,"href":"https:\/\/blogdojuniorcavalcanti.com.br\/index.php\/wp-json\/wp\/v2\/comments?post=49727"}],"version-history":[{"count":1,"href":"https:\/\/blogdojuniorcavalcanti.com.br\/index.php\/wp-json\/wp\/v2\/posts\/49727\/revisions"}],"predecessor-version":[{"id":49729,"href":"https:\/\/blogdojuniorcavalcanti.com.br\/index.php\/wp-json\/wp\/v2\/posts\/49727\/revisions\/49729"}],"wp:featuredmedia":[{"embeddable":true,"href":"https:\/\/blogdojuniorcavalcanti.com.br\/index.php\/wp-json\/wp\/v2\/media\/49728"}],"wp:attachment":[{"href":"https:\/\/blogdojuniorcavalcanti.com.br\/index.php\/wp-json\/wp\/v2\/media?parent=49727"}],"wp:term":[{"taxonomy":"category","embeddable":true,"href":"https:\/\/blogdojuniorcavalcanti.com.br\/index.php\/wp-json\/wp\/v2\/categories?post=49727"},{"taxonomy":"post_tag","embeddable":true,"href":"https:\/\/blogdojuniorcavalcanti.com.br\/index.php\/wp-json\/wp\/v2\/tags?post=49727"}],"curies":[{"name":"wp","href":"https:\/\/api.w.org\/{rel}","templated":true}]}}