{"id":49796,"date":"2025-11-06T05:22:38","date_gmt":"2025-11-06T08:22:38","guid":{"rendered":"https:\/\/blogdojuniorcavalcanti.com.br\/?p=49796"},"modified":"2025-11-06T05:22:38","modified_gmt":"2025-11-06T08:22:38","slug":"prefeitura-de-sertania-e-governo-do-estado-dao-inicio-a-obra-do-sistema-de-abastecimento-de-agua-da-comunidade-quilombola-serrote-branco","status":"publish","type":"post","link":"https:\/\/blogdojuniorcavalcanti.com.br\/index.php\/2025\/11\/06\/prefeitura-de-sertania-e-governo-do-estado-dao-inicio-a-obra-do-sistema-de-abastecimento-de-agua-da-comunidade-quilombola-serrote-branco\/","title":{"rendered":"Prefeitura de Sert\u00e2nia e Governo do Estado d\u00e3o in\u00edcio \u00e0 obra do sistema de abastecimento de \u00e1gua da comunidade quilombola Serrote Branco"},"content":{"rendered":"<p style=\"text-align: justify;\"><span style=\"font-size: 14pt; font-family: arial, helvetica, sans-serif;\">Em parceria com o Governo do Estado, a Prefeitura de Sert\u00e2nia deu in\u00edcio, nesta segunda-feira, \u00e0 constru\u00e7\u00e3o do sistema de abastecimento de \u00e1gua da comunidade quilombola Serrote Branco, no distrito do Severo.<\/span><\/p>\n<p style=\"text-align: justify;\"><span style=\"font-size: 14pt; font-family: arial, helvetica, sans-serif;\">A iniciativa marca um momento hist\u00f3rico para os moradores da localidade, que h\u00e1 anos sonham em ver a \u00e1gua chegar \u00e0s torneiras. Esse sonho come\u00e7a a se tornar realidade gra\u00e7as ao compromisso da prefeita Pollyana e da governadora Raquel Lyra, que uniram esfor\u00e7os para garantir dignidade e qualidade de vida \u00e0 popula\u00e7\u00e3o quilombola.<\/span><\/p>\n<p style=\"text-align: justify;\"><span style=\"font-size: 14pt; font-family: arial, helvetica, sans-serif;\">Apesar de os po\u00e7os terem sido perfurados h\u00e1 mais de quatro anos, o sistema nunca foi conclu\u00eddo, e a comunidade continuava enfrentando dificuldades no acesso \u00e0 \u00e1gua pot\u00e1vel. Agora, a nova obra contempla a implanta\u00e7\u00e3o de uma adutora moderna e dessalinizador, tecnologia que vai permitir o aproveitamento sustent\u00e1vel da \u00e1gua e o abastecimento regular das fam\u00edlias locais.<\/span><\/p>\n<p style=\"text-align: justify;\"><span style=\"font-size: 14pt; font-family: arial, helvetica, sans-serif;\">O projeto representa mais um avan\u00e7o nas pol\u00edticas de inclus\u00e3o e desenvolvimento das comunidades quilombolas, reafirmando o compromisso da gest\u00e3o municipal e estadual com a melhoria das condi\u00e7\u00f5es de vida no campo e a garantia de direitos b\u00e1sicos a todos os sertanienses.<\/span><\/p>\n","protected":false},"excerpt":{"rendered":"<p>Em parceria com o Governo do Estado, a Prefeitura de Sert&acirc;nia deu in&iacute;cio, nesta segunda-feira, &agrave; constru&ccedil;&atilde;o do sistema de abastecimento de &aacute;gua da comunidade quilombola Serrote Branco, no distrito do Severo. A iniciativa marca um momento hist&oacute;rico para os moradores da localidade, que h&aacute; anos sonham em ver a &aacute;gua chegar &agrave;s torneiras. Esse sonho come&ccedil;a a se tornar realidade gra&ccedil;as ao compromisso da prefeita Pollyana e da governadora Raquel Lyra, que uniram esfor&ccedil;os para garantir dignidade e qualidade de vida &agrave; popula&ccedil;&atilde;o quilombola. Apesar de os po&ccedil;os terem sido perfurados h&aacute; mais de quatro anos, o sistema nunca &#8230; <\/p>\n<p class=\"read-more-container\"><a title=\"Prefeitura de Sert\u00e2nia e Governo do Estado d\u00e3o in\u00edcio \u00e0 obra do sistema de abastecimento de \u00e1gua da comunidade quilombola Serrote Branco\" class=\"read-more button\" href=\"https:\/\/blogdojuniorcavalcanti.com.br\/index.php\/2025\/11\/06\/prefeitura-de-sertania-e-governo-do-estado-dao-inicio-a-obra-do-sistema-de-abastecimento-de-agua-da-comunidade-quilombola-serrote-branco\/#more-49796\" aria-label=\"More on Prefeitura de Sert\u00e2nia e Governo do Estado d\u00e3o in\u00edcio \u00e0 obra do sistema de abastecimento de \u00e1gua da comunidade quilombola Serrote Branco\">Leia mais<\/a><\/p>\n","protected":false},"author":2,"featured_media":49797,"comment_status":"open","ping_status":"open","sticky":false,"template":"","format":"standard","meta":{"footnotes":""},"categories":[37],"tags":[],"class_list":["post-49796","post","type-post","status-publish","format-standard","has-post-thumbnail","hentry","category-cidades","resize-featured-image"],"_links":{"self":[{"href":"https:\/\/blogdojuniorcavalcanti.com.br\/index.php\/wp-json\/wp\/v2\/posts\/49796","targetHints":{"allow":["GET"]}}],"collection":[{"href":"https:\/\/blogdojuniorcavalcanti.com.br\/index.php\/wp-json\/wp\/v2\/posts"}],"about":[{"href":"https:\/\/blogdojuniorcavalcanti.com.br\/index.php\/wp-json\/wp\/v2\/types\/post"}],"author":[{"embeddable":true,"href":"https:\/\/blogdojuniorcavalcanti.com.br\/index.php\/wp-json\/wp\/v2\/users\/2"}],"replies":[{"embeddable":true,"href":"https:\/\/blogdojuniorcavalcanti.com.br\/index.php\/wp-json\/wp\/v2\/comments?post=49796"}],"version-history":[{"count":1,"href":"https:\/\/blogdojuniorcavalcanti.com.br\/index.php\/wp-json\/wp\/v2\/posts\/49796\/revisions"}],"predecessor-version":[{"id":49798,"href":"https:\/\/blogdojuniorcavalcanti.com.br\/index.php\/wp-json\/wp\/v2\/posts\/49796\/revisions\/49798"}],"wp:featuredmedia":[{"embeddable":true,"href":"https:\/\/blogdojuniorcavalcanti.com.br\/index.php\/wp-json\/wp\/v2\/media\/49797"}],"wp:attachment":[{"href":"https:\/\/blogdojuniorcavalcanti.com.br\/index.php\/wp-json\/wp\/v2\/media?parent=49796"}],"wp:term":[{"taxonomy":"category","embeddable":true,"href":"https:\/\/blogdojuniorcavalcanti.com.br\/index.php\/wp-json\/wp\/v2\/categories?post=49796"},{"taxonomy":"post_tag","embeddable":true,"href":"https:\/\/blogdojuniorcavalcanti.com.br\/index.php\/wp-json\/wp\/v2\/tags?post=49796"}],"curies":[{"name":"wp","href":"https:\/\/api.w.org\/{rel}","templated":true}]}}