{"id":49817,"date":"2025-11-07T05:10:06","date_gmt":"2025-11-07T08:10:06","guid":{"rendered":"https:\/\/blogdojuniorcavalcanti.com.br\/?p=49817"},"modified":"2025-11-07T05:10:06","modified_gmt":"2025-11-07T08:10:06","slug":"prefeitura-de-afogados-da-ingazeira-vai-criar-abrigo-publico-para-idosos-apos-acordo-com-o-mppe","status":"publish","type":"post","link":"https:\/\/blogdojuniorcavalcanti.com.br\/index.php\/2025\/11\/07\/prefeitura-de-afogados-da-ingazeira-vai-criar-abrigo-publico-para-idosos-apos-acordo-com-o-mppe\/","title":{"rendered":"Prefeitura de Afogados da Ingazeira vai criar abrigo p\u00fablico para idosos ap\u00f3s acordo com o MPPE"},"content":{"rendered":"<p style=\"text-align: justify;\"><span style=\"font-size: 14pt; font-family: arial, helvetica, sans-serif;\">O Minist\u00e9rio P\u00fablico de Pernambuco (MPPE) e a Prefeitura de Afogados da Ingazeira assinaram um acordo para que o munic\u00edpio crie um abrigo p\u00fablico para idosos, chamado oficialmente de Institui\u00e7\u00e3o de Longa Perman\u00eancia para Idosos (ILPI).<\/span><\/p>\n<p style=\"text-align: justify;\"><span style=\"font-size: 14pt; font-family: arial, helvetica, sans-serif;\">Esse abrigo vai substituir o que era administrado pela Associa\u00e7\u00e3o de Sa\u00fade Vale do Paje\u00fa (ASAVAP), que estava passando por problemas graves de administra\u00e7\u00e3o e estrutura. Por causa disso, a Justi\u00e7a colocou a Prefeitura como respons\u00e1vel tempor\u00e1ria pelo local, at\u00e9 que a situa\u00e7\u00e3o fosse resolvida.<\/span><\/p>\n<p style=\"text-align: justify;\"><span style=\"font-size: 14pt; font-family: arial, helvetica, sans-serif;\"><b>Pelo acordo, a Prefeitura precisa:<\/b><\/span><\/p>\n<p style=\"text-align: justify;\"><span style=\"font-size: 14pt; font-family: arial, helvetica, sans-serif;\">Iniciar em at\u00e9 30 dias o processo para desapropriar o im\u00f3vel onde hoje funciona o abrigo (ou seja, torn\u00e1-lo oficialmente da Prefeitura);<\/span><\/p>\n<p style=\"text-align: justify;\"><span style=\"font-size: 14pt; font-family: arial, helvetica, sans-serif;\">Concluir essa desapropria\u00e7\u00e3o em at\u00e9 90 dias;<\/span><\/p>\n<p style=\"text-align: justify;\"><span style=\"font-size: 14pt; font-family: arial, helvetica, sans-serif;\">E, depois disso, criar e colocar para funcionar o novo abrigo p\u00fablico em at\u00e9 180 dias (seis meses).<\/span><\/p>\n<p style=\"text-align: justify;\"><span style=\"font-size: 14pt; font-family: arial, helvetica, sans-serif;\">Enquanto o novo abrigo n\u00e3o fica pronto, o munic\u00edpio deve continuar cuidando normalmente dos idosos, garantindo alimenta\u00e7\u00e3o, higiene, rem\u00e9dios e acompanhamento psicol\u00f3gico, sem interromper o servi\u00e7o.<\/span><\/p>\n<p style=\"text-align: justify;\"><span style=\"font-size: 14pt; font-family: arial, helvetica, sans-serif;\">O Minist\u00e9rio P\u00fablico vai acompanhar de perto o cumprimento do acordo e pode at\u00e9 acionar a Justi\u00e7a se a Prefeitura n\u00e3o cumprir o que prometeu.<\/span><\/p>\n<p style=\"text-align: justify;\"><span style=\"font-size: 14pt; font-family: arial, helvetica, sans-serif;\">O promotor de Justi\u00e7a Thiago Barbosa Bernardo e o prefeito Alessandro Palmeira assinaram o documento nesta quarta-feira (6). O acordo foi publicado no Di\u00e1rio Oficial do MPPE desta sexta-feira (7).<\/span><\/p>\n","protected":false},"excerpt":{"rendered":"<p>O Minist&eacute;rio P&uacute;blico de Pernambuco (MPPE) e a Prefeitura de Afogados da Ingazeira assinaram um acordo para que o munic&iacute;pio crie um abrigo p&uacute;blico para idosos, chamado oficialmente de Institui&ccedil;&atilde;o de Longa Perman&ecirc;ncia para Idosos (ILPI). Esse abrigo vai substituir o que era administrado pela Associa&ccedil;&atilde;o de Sa&uacute;de Vale do Paje&uacute; (ASAVAP), que estava passando por problemas graves de administra&ccedil;&atilde;o e estrutura. Por causa disso, a Justi&ccedil;a colocou a Prefeitura como respons&aacute;vel tempor&aacute;ria pelo local, at&eacute; que a situa&ccedil;&atilde;o fosse resolvida. Pelo acordo, a Prefeitura precisa: Iniciar em at&eacute; 30 dias o processo para desapropriar o im&oacute;vel onde hoje funciona &#8230; <\/p>\n<p class=\"read-more-container\"><a title=\"Prefeitura de Afogados da Ingazeira vai criar abrigo p\u00fablico para idosos ap\u00f3s acordo com o MPPE\" class=\"read-more button\" href=\"https:\/\/blogdojuniorcavalcanti.com.br\/index.php\/2025\/11\/07\/prefeitura-de-afogados-da-ingazeira-vai-criar-abrigo-publico-para-idosos-apos-acordo-com-o-mppe\/#more-49817\" aria-label=\"More on Prefeitura de Afogados da Ingazeira vai criar abrigo p\u00fablico para idosos ap\u00f3s acordo com o MPPE\">Leia mais<\/a><\/p>\n","protected":false},"author":2,"featured_media":49818,"comment_status":"open","ping_status":"open","sticky":false,"template":"","format":"standard","meta":{"footnotes":""},"categories":[25],"tags":[],"class_list":["post-49817","post","type-post","status-publish","format-standard","has-post-thumbnail","hentry","category-destaque","resize-featured-image"],"_links":{"self":[{"href":"https:\/\/blogdojuniorcavalcanti.com.br\/index.php\/wp-json\/wp\/v2\/posts\/49817","targetHints":{"allow":["GET"]}}],"collection":[{"href":"https:\/\/blogdojuniorcavalcanti.com.br\/index.php\/wp-json\/wp\/v2\/posts"}],"about":[{"href":"https:\/\/blogdojuniorcavalcanti.com.br\/index.php\/wp-json\/wp\/v2\/types\/post"}],"author":[{"embeddable":true,"href":"https:\/\/blogdojuniorcavalcanti.com.br\/index.php\/wp-json\/wp\/v2\/users\/2"}],"replies":[{"embeddable":true,"href":"https:\/\/blogdojuniorcavalcanti.com.br\/index.php\/wp-json\/wp\/v2\/comments?post=49817"}],"version-history":[{"count":1,"href":"https:\/\/blogdojuniorcavalcanti.com.br\/index.php\/wp-json\/wp\/v2\/posts\/49817\/revisions"}],"predecessor-version":[{"id":49819,"href":"https:\/\/blogdojuniorcavalcanti.com.br\/index.php\/wp-json\/wp\/v2\/posts\/49817\/revisions\/49819"}],"wp:featuredmedia":[{"embeddable":true,"href":"https:\/\/blogdojuniorcavalcanti.com.br\/index.php\/wp-json\/wp\/v2\/media\/49818"}],"wp:attachment":[{"href":"https:\/\/blogdojuniorcavalcanti.com.br\/index.php\/wp-json\/wp\/v2\/media?parent=49817"}],"wp:term":[{"taxonomy":"category","embeddable":true,"href":"https:\/\/blogdojuniorcavalcanti.com.br\/index.php\/wp-json\/wp\/v2\/categories?post=49817"},{"taxonomy":"post_tag","embeddable":true,"href":"https:\/\/blogdojuniorcavalcanti.com.br\/index.php\/wp-json\/wp\/v2\/tags?post=49817"}],"curies":[{"name":"wp","href":"https:\/\/api.w.org\/{rel}","templated":true}]}}