{"id":49836,"date":"2025-11-07T05:35:01","date_gmt":"2025-11-07T08:35:01","guid":{"rendered":"https:\/\/blogdojuniorcavalcanti.com.br\/?p=49836"},"modified":"2025-11-07T05:35:01","modified_gmt":"2025-11-07T08:35:01","slug":"luciano-pacheco-empossa-novos-servidores-efetivos-da-camara-de-arcoverde","status":"publish","type":"post","link":"https:\/\/blogdojuniorcavalcanti.com.br\/index.php\/2025\/11\/07\/luciano-pacheco-empossa-novos-servidores-efetivos-da-camara-de-arcoverde\/","title":{"rendered":"Luciano Pacheco empossa novos servidores efetivos da C\u00e2mara de Arcoverde"},"content":{"rendered":"<p style=\"text-align: justify;\"><span style=\"font-size: 14pt; font-family: arial, helvetica, sans-serif;\">O presidente da C\u00e2mara de Vereadores de Arcoverde, Luciano Pacheco, deu posse nesta quinta-feira (6) aos novos servidores efetivos que passam a integrar o quadro administrativo da Casa James Pacheco. A cerim\u00f4nia marcou mais uma etapa do processo de fortalecimento institucional do Legislativo Municipal.<\/span><\/p>\n<p style=\"text-align: justify;\"><span style=\"font-size: 14pt; font-family: arial, helvetica, sans-serif;\">Tamb\u00e9m participou do ato o vereador Jo\u00e3o Taxista, que parabenizou os novos servidores e destacou a import\u00e2ncia da valoriza\u00e7\u00e3o do funcionalismo p\u00fablico.<\/span><\/p>\n<p style=\"text-align: justify;\"><span style=\"font-size: 14pt; font-family: arial, helvetica, sans-serif;\">Durante a solenidade, Luciano Pacheco ressaltou que as nomea\u00e7\u00f5es resultam de um processo baseado na legalidade e no m\u00e9rito.<\/span><\/p>\n<p style=\"text-align: justify;\"><span style=\"font-size: 14pt; font-family: arial, helvetica, sans-serif;\">\u201cEsse \u00e9 um passo importante para o fortalecimento institucional da Casa. Estamos garantindo que o Legislativo tenha um corpo t\u00e9cnico preparado e comprometido com a popula\u00e7\u00e3o de Arcoverde\u201d, afirmou o presidente.<\/span><\/p>\n<p style=\"text-align: justify;\"><span style=\"font-size: 14pt; font-family: arial, helvetica, sans-serif;\">Com a posse dos novos efetivos, a C\u00e2mara refor\u00e7a sua pol\u00edtica de moderniza\u00e7\u00e3o administrativa e de valoriza\u00e7\u00e3o do concurso p\u00fablico como instrumento de transpar\u00eancia e acesso justo ao servi\u00e7o p\u00fablico. A medida, segundo Pacheco, reflete o compromisso da atual gest\u00e3o com a \u00e9tica, a efici\u00eancia e o desenvolvimento do munic\u00edpio.<\/span><\/p>\n","protected":false},"excerpt":{"rendered":"<p>O presidente da C&acirc;mara de Vereadores de Arcoverde, Luciano Pacheco, deu posse nesta quinta-feira (6) aos novos servidores efetivos que passam a integrar o quadro administrativo da Casa James Pacheco. A cerim&ocirc;nia marcou mais uma etapa do processo de fortalecimento institucional do Legislativo Municipal. Tamb&eacute;m participou do ato o vereador Jo&atilde;o Taxista, que parabenizou os novos servidores e destacou a import&acirc;ncia da valoriza&ccedil;&atilde;o do funcionalismo p&uacute;blico. Durante a solenidade, Luciano Pacheco ressaltou que as nomea&ccedil;&otilde;es resultam de um processo baseado na legalidade e no m&eacute;rito. &ldquo;Esse &eacute; um passo importante para o fortalecimento institucional da Casa. Estamos garantindo que o &#8230; <\/p>\n<p class=\"read-more-container\"><a title=\"Luciano Pacheco empossa novos servidores efetivos da C\u00e2mara de Arcoverde\" class=\"read-more button\" href=\"https:\/\/blogdojuniorcavalcanti.com.br\/index.php\/2025\/11\/07\/luciano-pacheco-empossa-novos-servidores-efetivos-da-camara-de-arcoverde\/#more-49836\" aria-label=\"More on Luciano Pacheco empossa novos servidores efetivos da C\u00e2mara de Arcoverde\">Leia mais<\/a><\/p>\n","protected":false},"author":2,"featured_media":49837,"comment_status":"open","ping_status":"open","sticky":false,"template":"","format":"standard","meta":{"footnotes":""},"categories":[37],"tags":[],"class_list":["post-49836","post","type-post","status-publish","format-standard","has-post-thumbnail","hentry","category-cidades","resize-featured-image"],"_links":{"self":[{"href":"https:\/\/blogdojuniorcavalcanti.com.br\/index.php\/wp-json\/wp\/v2\/posts\/49836","targetHints":{"allow":["GET"]}}],"collection":[{"href":"https:\/\/blogdojuniorcavalcanti.com.br\/index.php\/wp-json\/wp\/v2\/posts"}],"about":[{"href":"https:\/\/blogdojuniorcavalcanti.com.br\/index.php\/wp-json\/wp\/v2\/types\/post"}],"author":[{"embeddable":true,"href":"https:\/\/blogdojuniorcavalcanti.com.br\/index.php\/wp-json\/wp\/v2\/users\/2"}],"replies":[{"embeddable":true,"href":"https:\/\/blogdojuniorcavalcanti.com.br\/index.php\/wp-json\/wp\/v2\/comments?post=49836"}],"version-history":[{"count":1,"href":"https:\/\/blogdojuniorcavalcanti.com.br\/index.php\/wp-json\/wp\/v2\/posts\/49836\/revisions"}],"predecessor-version":[{"id":49838,"href":"https:\/\/blogdojuniorcavalcanti.com.br\/index.php\/wp-json\/wp\/v2\/posts\/49836\/revisions\/49838"}],"wp:featuredmedia":[{"embeddable":true,"href":"https:\/\/blogdojuniorcavalcanti.com.br\/index.php\/wp-json\/wp\/v2\/media\/49837"}],"wp:attachment":[{"href":"https:\/\/blogdojuniorcavalcanti.com.br\/index.php\/wp-json\/wp\/v2\/media?parent=49836"}],"wp:term":[{"taxonomy":"category","embeddable":true,"href":"https:\/\/blogdojuniorcavalcanti.com.br\/index.php\/wp-json\/wp\/v2\/categories?post=49836"},{"taxonomy":"post_tag","embeddable":true,"href":"https:\/\/blogdojuniorcavalcanti.com.br\/index.php\/wp-json\/wp\/v2\/tags?post=49836"}],"curies":[{"name":"wp","href":"https:\/\/api.w.org\/{rel}","templated":true}]}}