{"id":50595,"date":"2025-11-29T09:28:18","date_gmt":"2025-11-29T12:28:18","guid":{"rendered":"https:\/\/blogdojuniorcavalcanti.com.br\/?p=50595"},"modified":"2025-11-29T09:28:18","modified_gmt":"2025-11-29T12:28:18","slug":"presidios-de-pernambuco-tem-quase-sete-vezes-mais-presos-do-que-a-sua-capacidade-diz-cnj","status":"publish","type":"post","link":"https:\/\/blogdojuniorcavalcanti.com.br\/index.php\/2025\/11\/29\/presidios-de-pernambuco-tem-quase-sete-vezes-mais-presos-do-que-a-sua-capacidade-diz-cnj\/","title":{"rendered":"Pres\u00eddios de Pernambuco t\u00eam quase sete vezes mais presos do que a sua capacidade, diz CNJ"},"content":{"rendered":"<p><span style=\"font-size: 10pt;\"><strong><em>Foto: Teresa Maia\/DP\/D.A.Press<\/em><\/strong><\/span><\/p>\n<p class=\"descricaoNot font-normal text-[14px] md:text-[14px] tracking-[-3%] my-5\" style=\"text-align: justify;\">Portal Geopres\u00eddios aponta que sete unidades prisionais pernambucanas chegam a ter quase sete vezes mais presos do que sua capacidade, com o excedente totalizando mais de 18 mil pessoas<\/p>\n<p class=\"texto\" style=\"text-align: justify;\">Sete unidades prisionais de Pernambuco registram uma sobretaxa de at\u00e9 681% al\u00e9m da capacidade total planejada, \u00e9 o que mostra o portal <strong><a href=\"https:\/\/geopresidios.cnj.jus.br\/\" target=\"_blank\" rel=\"noopener noreferrer\">Geopres\u00eddios<\/a><\/strong>, do Conselho Nacional de Justi\u00e7a (CNJ). Segundo a plataforma, enquanto o Brasil tem uma taxa de ocupa\u00e7\u00e3o de 150,3%, as unidades pernambucanas listadas chegam a ter quase sete vezes mais presos do que sua capacidade, com o excedente totalizando mais de 18 mil pessoas nestes sete pres\u00eddios.<\/p>\n<p class=\"texto\" style=\"text-align: justify;\">A situa\u00e7\u00e3o que mais chama a aten\u00e7\u00e3o \u00e9 observada no Centro de Observa\u00e7\u00e3o e Triagem Everardo Luna (Cotel), em Abreu e Lima, na Regi\u00e3o Metropolitana do Recife, que registra uma taxa de ocupa\u00e7\u00e3o de 681%. Com uma capacidade para 950 pessoas, a unidade abriga 6.469, um excedente de 5.519 detentos.<\/p>\n<p class=\"texto\" style=\"text-align: justify;\">O Pres\u00eddio de Salgueiro, no Sert\u00e3o do Estado, apresenta o segundo maior \u00edndice, segundo o CNJ. Com uma taxa de ocupa\u00e7\u00e3o de 671%, o pres\u00eddio possui 1.154 detentos a mais do que comporta.<\/p>\n<p class=\"texto\" style=\"text-align: justify;\">O Pres\u00eddio de Igarassu, na RMR, que possui capacidade para comportar 1.226 detentos, excede em 4.621, com taxa de 477%, segundo o CNJ.<\/p>\n<p class=\"texto\" style=\"text-align: justify;\">As demais cinco unidades tamb\u00e9m demonstram um cen\u00e1rio de superlota\u00e7\u00e3o com excedente superior a mil presos. O Pres\u00eddio Advogado Brito Alves, em Arcoverde, tamb\u00e9m no Sert\u00e3o, opera com 524% de ocupa\u00e7\u00e3o, registrando 1.908 detentos acima da capacidade.<\/p>\n<p class=\"texto\" style=\"text-align: justify;\">J\u00e1 a Penitenci\u00e1ria Agroindustrial S\u00e3o Jo\u00e3o, em Itapissuma, no Grande Recife, opera com um excedente de 2.284 presos (369% de ocupa\u00e7\u00e3o). Por fim, a Penitenci\u00e1ria Juiz Pl\u00e1cido de Souza, em Caruaru, e a Penitenci\u00e1ria Dr. \u00canio Pessoa Guerra, em Limoeiro, ambas no Agreste, possuem excedentes de 1.858+ (339% de ocupa\u00e7\u00e3o) e de 1.173 (262%), respectivamente.<\/p>\n<p class=\"texto\" style=\"text-align: justify;\"><strong>Opera\u00e7\u00f5es<\/strong><\/p>\n<p class=\"texto\" style=\"text-align: justify;\">Em 2025, unidades prisionais pernambucanas foram palco de esquemas de corrup\u00e7\u00e3o e tr\u00e1fico de drogas. O sistema prisional enfrenta problemas internos, como a atua\u00e7\u00e3o dos &#8220;chaveiros&#8221; e &#8220;cantineiros&#8221; e sobre a circula\u00e7\u00e3o de bens e privil\u00e9gios dentro das penitenci\u00e1rias. Al\u00e9m disso, a pasta sofre press\u00e3o de sindicatos e associa\u00e7\u00f5es que pedem pela convoca\u00e7\u00e3o de mais agentes penais.<\/p>\n<p class=\"texto\" style=\"text-align: justify;\">Na quinta-feira (27), por exemplo, a Pol\u00edcia Civil de Pernambuco deflagrou a <strong>Opera\u00e7\u00e3o Efeito Helic\u00f3ptero II<\/strong>, que cumpriu mandados de pris\u00e3o em unidades prisionais do estado. Segundo a corpora\u00e7\u00e3o, 13 presidi\u00e1rios s\u00e3o suspeitos de liderar uma organiza\u00e7\u00e3o criminosa de tr\u00e1fico de drogas e lavagem de dinheiro que movimentou, nos \u00faltimos dois anos, mais de R$ 27 milh\u00f5es. Um dos<\/p>\n<p class=\"texto\" style=\"text-align: justify;\">Em entrevista ao <strong>Diario de Pernambuco, em outubro deste ano<\/strong>, o secret\u00e1rio de Administra\u00e7\u00e3o Penitenci\u00e1ria e Ressocializa\u00e7\u00e3o (SEAP-PE), declarou que novas unidades prisionais devem ser entregues no pr\u00f3ximo ano. \u201cCom isso, praticamente fechamos o complexo de Ara\u00e7oiaba. Ainda faltam duas unidades para serem conclu\u00eddas, e j\u00e1 foi iniciada a obra de tr\u00eas unidades em Itaquitinga, previstas para 2026\u201d, disse.<\/p>\n<p class=\"texto\" style=\"text-align: justify;\">Na ocasi\u00e3o, o secret\u00e1rio afirmou tamb\u00e9m que mudou 65% dos gestores penitenci\u00e1rios por \u201cuma quest\u00e3o de alinhamento com a vis\u00e3o da pasta\u201d, negando que as mudan\u00e7as tenham motiva\u00e7\u00e3o punitiva.<\/p>\n<p class=\"texto\" style=\"text-align: justify;\">O <strong>Diario<\/strong> entrou em contato com a SEAP-PE, mas at\u00e9 a publica\u00e7\u00e3o desta mat\u00e9ria n\u00e3o obteve resposta.<\/p>\n<p class=\"texto\" style=\"text-align: justify;\"><strong>Geopres\u00eddios<\/strong><\/p>\n<p class=\"texto\" style=\"text-align: justify;\">O Conselho Nacional de Justi\u00e7a (CNJ) disponibilizou, nesta quinta-feira (27), a nova vers\u00e3o do Geopres\u00eddios, plataforma que re\u00fane informa\u00e7\u00f5es atualizadas sobre inspe\u00e7\u00f5es no sistema prisional brasileiro e outras unidades de priva\u00e7\u00e3o de liberdade.<\/p>\n<p class=\"texto\" style=\"text-align: justify;\">Lan\u00e7ado originalmente em 2011, o Geopres\u00eddios \u00e9 alimentado pelo Cadastro Nacional de Inspe\u00e7\u00f5es em Estabelecimentos Penais (Cniep), sistema interno do CNJ que unifica o registro das inspe\u00e7\u00f5es judiciais realizadas em locais como penitenci\u00e1rias, delegacias, cadeias p\u00fablicas e hospitais de cust\u00f3dia. A plataforma tamb\u00e9m traz dados agregados atualizados sobre tipo de regime, forma de cust\u00f3dia, distribui\u00e7\u00e3o por sexo e grupos espec\u00edficos, assim como consulta a relat\u00f3rios de inspe\u00e7\u00e3o mensais e an\u00e1lise de dados de forma georreferenciada.<\/p>\n<p class=\"assinaturaNot font-bold text-[14px] md:text-[14px] tracking-[-5%] text-[var(--var-primary--color)]\" style=\"text-align: justify;\"><span style=\"font-size: 10pt;\"><strong><em>Por Mareu Ara\u00fajo<\/em><\/strong><\/span><\/p>\n","protected":false},"excerpt":{"rendered":"<p>Foto: Teresa Maia\/DP\/D.A.Press Portal Geopres&iacute;dios aponta que sete unidades prisionais pernambucanas chegam a ter quase sete vezes mais presos do que sua capacidade, com o excedente totalizando mais de 18 mil pessoas Sete unidades prisionais de Pernambuco registram uma sobretaxa de at&eacute; 681% al&eacute;m da capacidade total planejada, &eacute; o que mostra o portal Geopres&iacute;dios, do Conselho Nacional de Justi&ccedil;a (CNJ). Segundo a plataforma, enquanto o Brasil tem uma taxa de ocupa&ccedil;&atilde;o de 150,3%, as unidades pernambucanas listadas chegam a ter quase sete vezes mais presos do que sua capacidade, com o excedente totalizando mais de 18 mil pessoas nestes &#8230; <\/p>\n<p class=\"read-more-container\"><a title=\"Pres\u00eddios de Pernambuco t\u00eam quase sete vezes mais presos do que a sua capacidade, diz CNJ\" class=\"read-more button\" href=\"https:\/\/blogdojuniorcavalcanti.com.br\/index.php\/2025\/11\/29\/presidios-de-pernambuco-tem-quase-sete-vezes-mais-presos-do-que-a-sua-capacidade-diz-cnj\/#more-50595\" aria-label=\"More on Pres\u00eddios de Pernambuco t\u00eam quase sete vezes mais presos do que a sua capacidade, diz CNJ\">Leia mais<\/a><\/p>\n","protected":false},"author":1,"featured_media":50596,"comment_status":"open","ping_status":"open","sticky":false,"template":"","format":"standard","meta":{"footnotes":""},"categories":[38],"tags":[],"class_list":["post-50595","post","type-post","status-publish","format-standard","has-post-thumbnail","hentry","category-pernambuco","resize-featured-image"],"_links":{"self":[{"href":"https:\/\/blogdojuniorcavalcanti.com.br\/index.php\/wp-json\/wp\/v2\/posts\/50595","targetHints":{"allow":["GET"]}}],"collection":[{"href":"https:\/\/blogdojuniorcavalcanti.com.br\/index.php\/wp-json\/wp\/v2\/posts"}],"about":[{"href":"https:\/\/blogdojuniorcavalcanti.com.br\/index.php\/wp-json\/wp\/v2\/types\/post"}],"author":[{"embeddable":true,"href":"https:\/\/blogdojuniorcavalcanti.com.br\/index.php\/wp-json\/wp\/v2\/users\/1"}],"replies":[{"embeddable":true,"href":"https:\/\/blogdojuniorcavalcanti.com.br\/index.php\/wp-json\/wp\/v2\/comments?post=50595"}],"version-history":[{"count":1,"href":"https:\/\/blogdojuniorcavalcanti.com.br\/index.php\/wp-json\/wp\/v2\/posts\/50595\/revisions"}],"predecessor-version":[{"id":50597,"href":"https:\/\/blogdojuniorcavalcanti.com.br\/index.php\/wp-json\/wp\/v2\/posts\/50595\/revisions\/50597"}],"wp:featuredmedia":[{"embeddable":true,"href":"https:\/\/blogdojuniorcavalcanti.com.br\/index.php\/wp-json\/wp\/v2\/media\/50596"}],"wp:attachment":[{"href":"https:\/\/blogdojuniorcavalcanti.com.br\/index.php\/wp-json\/wp\/v2\/media?parent=50595"}],"wp:term":[{"taxonomy":"category","embeddable":true,"href":"https:\/\/blogdojuniorcavalcanti.com.br\/index.php\/wp-json\/wp\/v2\/categories?post=50595"},{"taxonomy":"post_tag","embeddable":true,"href":"https:\/\/blogdojuniorcavalcanti.com.br\/index.php\/wp-json\/wp\/v2\/tags?post=50595"}],"curies":[{"name":"wp","href":"https:\/\/api.w.org\/{rel}","templated":true}]}}