{"id":50803,"date":"2025-12-05T15:25:26","date_gmt":"2025-12-05T18:25:26","guid":{"rendered":"https:\/\/blogdojuniorcavalcanti.com.br\/?p=50803"},"modified":"2025-12-05T15:25:26","modified_gmt":"2025-12-05T18:25:26","slug":"bolsonaro-sinaliza-escolha-de-flavio-como-candidato-ao-planalto-em-2026","status":"publish","type":"post","link":"https:\/\/blogdojuniorcavalcanti.com.br\/index.php\/2025\/12\/05\/bolsonaro-sinaliza-escolha-de-flavio-como-candidato-ao-planalto-em-2026\/","title":{"rendered":"Bolsonaro sinaliza escolha de Fl\u00e1vio como candidato ao Planalto em 2026"},"content":{"rendered":"<div tabindex=\"2\">\n<p class=\"text-lg font-normal group-[.isActiveSource]:text-xl\" data-single-excerpt=\"true\">Informa\u00e7\u00e3o foi confirmada \u00e0 CNN pelo presidente do PL, Valdemar Costa Neto; escolha, por\u00e9m, enfrenta resist\u00eancias na direita e at\u00e9 na fam\u00edlia do ex-presidente<\/p>\n<p class=\"my-5 break-words group-[.isActiveSource]:text-xl\">O ex-presidente Jair Bolsonaro (PL) sinalizou que escolheu o filho mais velho, o senador Fl\u00e1vio Bolsonaro (PL-RJ), para ser candidato ao Pal\u00e1cio do Planalto nas elei\u00e7\u00f5es de 2026.<\/p>\n<p class=\"my-5 break-words group-[.isActiveSource]:text-xl\">A informa\u00e7\u00e3o foi confirmada \u00e0 <strong class=\"group-[.isActiveSource]:text-xl group-[.isActiveSource]:font-bold\">CNN<\/strong> pelo presidente do PL, Valdemar Costa Neto.<\/p>\n<p class=\"my-5 break-words group-[.isActiveSource]:text-xl\">A escolha de Bolsonaro, por\u00e9m, enfrenta resist\u00eancias na direita e at\u00e9 na fam\u00edlia do ex-presidente.<\/p>\n<p><span style=\"font-size: 10pt;\"><strong>CNN<\/strong><\/span><\/p>\n<\/div>\n","protected":false},"excerpt":{"rendered":"<p>Informa&ccedil;&atilde;o foi confirmada &agrave; CNN pelo presidente do PL, Valdemar Costa Neto; escolha, por&eacute;m, enfrenta resist&ecirc;ncias na direita e at&eacute; na fam&iacute;lia do ex-presidente O ex-presidente Jair Bolsonaro (PL) sinalizou que escolheu o filho mais velho, o senador Fl&aacute;vio Bolsonaro (PL-RJ), para ser candidato ao Pal&aacute;cio do Planalto nas elei&ccedil;&otilde;es de 2026. A informa&ccedil;&atilde;o foi confirmada &agrave; CNN pelo presidente do PL, Valdemar Costa Neto. A escolha de Bolsonaro, por&eacute;m, enfrenta resist&ecirc;ncias na direita e at&eacute; na fam&iacute;lia do ex-presidente. CNN<\/p>\n","protected":false},"author":1,"featured_media":50804,"comment_status":"open","ping_status":"open","sticky":false,"template":"","format":"standard","meta":{"footnotes":""},"categories":[27],"tags":[],"class_list":["post-50803","post","type-post","status-publish","format-standard","has-post-thumbnail","hentry","category-politica","resize-featured-image"],"_links":{"self":[{"href":"https:\/\/blogdojuniorcavalcanti.com.br\/index.php\/wp-json\/wp\/v2\/posts\/50803","targetHints":{"allow":["GET"]}}],"collection":[{"href":"https:\/\/blogdojuniorcavalcanti.com.br\/index.php\/wp-json\/wp\/v2\/posts"}],"about":[{"href":"https:\/\/blogdojuniorcavalcanti.com.br\/index.php\/wp-json\/wp\/v2\/types\/post"}],"author":[{"embeddable":true,"href":"https:\/\/blogdojuniorcavalcanti.com.br\/index.php\/wp-json\/wp\/v2\/users\/1"}],"replies":[{"embeddable":true,"href":"https:\/\/blogdojuniorcavalcanti.com.br\/index.php\/wp-json\/wp\/v2\/comments?post=50803"}],"version-history":[{"count":1,"href":"https:\/\/blogdojuniorcavalcanti.com.br\/index.php\/wp-json\/wp\/v2\/posts\/50803\/revisions"}],"predecessor-version":[{"id":50805,"href":"https:\/\/blogdojuniorcavalcanti.com.br\/index.php\/wp-json\/wp\/v2\/posts\/50803\/revisions\/50805"}],"wp:featuredmedia":[{"embeddable":true,"href":"https:\/\/blogdojuniorcavalcanti.com.br\/index.php\/wp-json\/wp\/v2\/media\/50804"}],"wp:attachment":[{"href":"https:\/\/blogdojuniorcavalcanti.com.br\/index.php\/wp-json\/wp\/v2\/media?parent=50803"}],"wp:term":[{"taxonomy":"category","embeddable":true,"href":"https:\/\/blogdojuniorcavalcanti.com.br\/index.php\/wp-json\/wp\/v2\/categories?post=50803"},{"taxonomy":"post_tag","embeddable":true,"href":"https:\/\/blogdojuniorcavalcanti.com.br\/index.php\/wp-json\/wp\/v2\/tags?post=50803"}],"curies":[{"name":"wp","href":"https:\/\/api.w.org\/{rel}","templated":true}]}}