{"id":51120,"date":"2025-12-12T08:19:47","date_gmt":"2025-12-12T11:19:47","guid":{"rendered":"https:\/\/blogdojuniorcavalcanti.com.br\/?p=51120"},"modified":"2025-12-12T08:19:47","modified_gmt":"2025-12-12T11:19:47","slug":"sertania-recebe-veiculo-para-fortalecer-a-secretaria-municipal-da-mulher","status":"publish","type":"post","link":"https:\/\/blogdojuniorcavalcanti.com.br\/index.php\/2025\/12\/12\/sertania-recebe-veiculo-para-fortalecer-a-secretaria-municipal-da-mulher\/","title":{"rendered":"Sert\u00e2nia recebe ve\u00edculo para fortalecer a Secretaria Municipal da Mulher"},"content":{"rendered":"<p style=\"text-align: justify;\"><span style=\"font-size: 14pt; font-family: arial, helvetica, sans-serif;\">Na manh\u00e3 desta quarta-feira (10), no Pal\u00e1cio do Campo das Princesas, no Recife, a prefeita Pollyanna Abreu, acompanhada da secret\u00e1ria da Mulher, Galba Siqueira, receberam do Governo do Estado, por meio da governadora Raquel Lyra, um ve\u00edculo destinado \u00e0 Secretaria Municipal da Mulher. A entrega refor\u00e7a o compromisso estadual e municipal em ampliar as a\u00e7\u00f5es de enfrentamento \u00e0 viol\u00eancia e garantir mais agilidade no atendimento \u00e0s mulheres sertanienses.<\/span><\/p>\n<p style=\"text-align: justify;\"><span style=\"font-size: 14pt; font-family: arial, helvetica, sans-serif;\">De acordo com a prefeita Pollyanna Abreu, o equipamento chega em um momento de grande necessidade para a pasta. \u201cEsse ve\u00edculo representa mais uma conquista para Sert\u00e2nia e fortalece o trabalho que estamos desenvolvendo. Nossa gest\u00e3o vem, ao longo de 11 meses, atuando firmemente para combater toda e qualquer forma de viol\u00eancia contra as mulheres\u201d, destacou.<\/span><\/p>\n<p style=\"text-align: justify;\"><span style=\"font-size: 14pt; font-family: arial, helvetica, sans-serif;\">A aquisi\u00e7\u00e3o do ve\u00edculo integra a estrat\u00e9gia de fortalecimento das pol\u00edticas p\u00fablicas para as mulheres no munic\u00edpio, ampliando a capacidade de resposta e a atua\u00e7\u00e3o da equipe t\u00e9cnica da secretaria.<\/span><\/p>\n","protected":false},"excerpt":{"rendered":"<p>Na manh&atilde; desta quarta-feira (10), no Pal&aacute;cio do Campo das Princesas, no Recife, a prefeita Pollyanna Abreu, acompanhada da secret&aacute;ria da Mulher, Galba Siqueira, receberam do Governo do Estado, por meio da governadora Raquel Lyra, um ve&iacute;culo destinado &agrave; Secretaria Municipal da Mulher. A entrega refor&ccedil;a o compromisso estadual e municipal em ampliar as a&ccedil;&otilde;es de enfrentamento &agrave; viol&ecirc;ncia e garantir mais agilidade no atendimento &agrave;s mulheres sertanienses. De acordo com a prefeita Pollyanna Abreu, o equipamento chega em um momento de grande necessidade para a pasta. &ldquo;Esse ve&iacute;culo representa mais uma conquista para Sert&acirc;nia e fortalece o trabalho que &#8230; <\/p>\n<p class=\"read-more-container\"><a title=\"Sert\u00e2nia recebe ve\u00edculo para fortalecer a Secretaria Municipal da Mulher\" class=\"read-more button\" href=\"https:\/\/blogdojuniorcavalcanti.com.br\/index.php\/2025\/12\/12\/sertania-recebe-veiculo-para-fortalecer-a-secretaria-municipal-da-mulher\/#more-51120\" aria-label=\"More on Sert\u00e2nia recebe ve\u00edculo para fortalecer a Secretaria Municipal da Mulher\">Leia mais<\/a><\/p>\n","protected":false},"author":2,"featured_media":51121,"comment_status":"open","ping_status":"open","sticky":false,"template":"","format":"standard","meta":{"footnotes":""},"categories":[38],"tags":[],"class_list":["post-51120","post","type-post","status-publish","format-standard","has-post-thumbnail","hentry","category-pernambuco","resize-featured-image"],"_links":{"self":[{"href":"https:\/\/blogdojuniorcavalcanti.com.br\/index.php\/wp-json\/wp\/v2\/posts\/51120","targetHints":{"allow":["GET"]}}],"collection":[{"href":"https:\/\/blogdojuniorcavalcanti.com.br\/index.php\/wp-json\/wp\/v2\/posts"}],"about":[{"href":"https:\/\/blogdojuniorcavalcanti.com.br\/index.php\/wp-json\/wp\/v2\/types\/post"}],"author":[{"embeddable":true,"href":"https:\/\/blogdojuniorcavalcanti.com.br\/index.php\/wp-json\/wp\/v2\/users\/2"}],"replies":[{"embeddable":true,"href":"https:\/\/blogdojuniorcavalcanti.com.br\/index.php\/wp-json\/wp\/v2\/comments?post=51120"}],"version-history":[{"count":1,"href":"https:\/\/blogdojuniorcavalcanti.com.br\/index.php\/wp-json\/wp\/v2\/posts\/51120\/revisions"}],"predecessor-version":[{"id":51122,"href":"https:\/\/blogdojuniorcavalcanti.com.br\/index.php\/wp-json\/wp\/v2\/posts\/51120\/revisions\/51122"}],"wp:featuredmedia":[{"embeddable":true,"href":"https:\/\/blogdojuniorcavalcanti.com.br\/index.php\/wp-json\/wp\/v2\/media\/51121"}],"wp:attachment":[{"href":"https:\/\/blogdojuniorcavalcanti.com.br\/index.php\/wp-json\/wp\/v2\/media?parent=51120"}],"wp:term":[{"taxonomy":"category","embeddable":true,"href":"https:\/\/blogdojuniorcavalcanti.com.br\/index.php\/wp-json\/wp\/v2\/categories?post=51120"},{"taxonomy":"post_tag","embeddable":true,"href":"https:\/\/blogdojuniorcavalcanti.com.br\/index.php\/wp-json\/wp\/v2\/tags?post=51120"}],"curies":[{"name":"wp","href":"https:\/\/api.w.org\/{rel}","templated":true}]}}