{"id":51397,"date":"2025-12-19T07:44:27","date_gmt":"2025-12-19T10:44:27","guid":{"rendered":"https:\/\/blogdojuniorcavalcanti.com.br\/?p=51397"},"modified":"2025-12-19T07:44:27","modified_gmt":"2025-12-19T10:44:27","slug":"fabrizio-ferraz-se-alinha-a-joao-campos","status":"publish","type":"post","link":"https:\/\/blogdojuniorcavalcanti.com.br\/index.php\/2025\/12\/19\/fabrizio-ferraz-se-alinha-a-joao-campos\/","title":{"rendered":"Fabr\u00edzio Ferraz se alinha a Jo\u00e3o Campos"},"content":{"rendered":"<p style=\"text-align: justify;\"><span style=\"font-size: 14pt; font-family: arial, helvetica, sans-serif;\">O prefeito do Recife e pr\u00e9-candidato ao governo de Pernambuco, Jo\u00e3o Campos (PSB), anunciou alinhamento pol\u00edtico com o deputado estadual Fabr\u00edzio Ferraz (SD).\u00a0O parlamentar tem base no munic\u00edpio de Floresta e atua principalmente no Sert\u00e3o pernambucano e seu partido \u00e9 comandado no Estado por Mar\u00edlia Arraes.<\/span><\/p>\n<p style=\"text-align: justify;\"><span style=\"font-size: 14pt; font-family: arial, helvetica, sans-serif;\">\u201cJo\u00e3o Campos tem feito uma gest\u00e3o inovadora no Recife. A gente percebe isso na cidade. As obras s\u00e3o prometidas e entregues, e \u00e9 disso que Pernambuco est\u00e1 precisando. \u00c9 por acreditar nessa pol\u00edtica com prop\u00f3sito e com entregas, j\u00e1 testada diversas vezes nas urnas e amplamente aprovada pelo povo, que acredito que o nome dele \u00e9 o melhor para se colocar \u00e0 disposi\u00e7\u00e3o dos pernambucanos no ano que vem e para conduzir os rumos do nosso estado\u201d, justificou Fabr\u00edzio Ferraz em nota enviada \u00e0 imprensa.<\/span><\/p>\n<p class=\"p1\" style=\"text-align: justify;\"><span class=\"s1\" style=\"font-size: 14pt; font-family: arial, helvetica, sans-serif;\">Nas redes sociais, o prefeito do Recife destacou a import\u00e2ncia de receber o apoio de Ferraz.<\/span><\/p>\n<blockquote>\n<p class=\"p1\"><span style=\"font-size: 14pt; font-family: arial, helvetica, sans-serif;\"><span class=\"s2\">\u201cSeguindo juntando for\u00e7as para avan\u00e7armos nas entregas \u00e0 popula\u00e7\u00e3o e para a constru\u00e7\u00e3o de futuro com mais esperan\u00e7a e oportunidades. O nosso time compreende o tamanho dos desafios e enfrenta com entusiasmo e muita disposi\u00e7\u00e3o cada um deles\u201d,\u00a0<\/span><span class=\"s1\">ressaltou Jo\u00e3o Campos.<\/span><\/span><\/p>\n<\/blockquote>\n<p class=\"p1\" style=\"text-align: justify;\"><span class=\"s1\" style=\"font-size: 14pt; font-family: arial, helvetica, sans-serif;\">A ades\u00e3o do deputado se soma a um conjunto de apoios reunidos por Jo\u00e3o Campos nos \u00faltimos meses. A lista inclui os prefeitos Thiago de Miel (PSD), de Xex\u00e9u, Evil\u00e1sio Mateus (PDT), de Araripina, Eduardo Lira (Uni\u00e3o Brasil), de Cupira, Rivanda Freire (PSD), de Jupi, e Alex Robevan (PV), de Santa Maria do Cambuc\u00e1, al\u00e9m dos ex-prefeitos Chico Siqueira, de Ipubi, Ant\u00f4nio Cassiano, de Condado, Eliane Soares, de Santa Cruz, e Ricardo Ramos, de Ouricuri.<\/span><\/p>\n","protected":false},"excerpt":{"rendered":"<p>O prefeito do Recife e pr&eacute;-candidato ao governo de Pernambuco, Jo&atilde;o Campos (PSB), anunciou alinhamento pol&iacute;tico com o deputado estadual Fabr&iacute;zio Ferraz (SD).&nbsp;O parlamentar tem base no munic&iacute;pio de Floresta e atua principalmente no Sert&atilde;o pernambucano e seu partido &eacute; comandado no Estado por Mar&iacute;lia Arraes. &ldquo;Jo&atilde;o Campos tem feito uma gest&atilde;o inovadora no Recife. A gente percebe isso na cidade. As obras s&atilde;o prometidas e entregues, e &eacute; disso que Pernambuco est&aacute; precisando. &Eacute; por acreditar nessa pol&iacute;tica com prop&oacute;sito e com entregas, j&aacute; testada diversas vezes nas urnas e amplamente aprovada pelo povo, que acredito que o nome &#8230; <\/p>\n<p class=\"read-more-container\"><a title=\"Fabr\u00edzio Ferraz se alinha a Jo\u00e3o Campos\" class=\"read-more button\" href=\"https:\/\/blogdojuniorcavalcanti.com.br\/index.php\/2025\/12\/19\/fabrizio-ferraz-se-alinha-a-joao-campos\/#more-51397\" aria-label=\"More on Fabr\u00edzio Ferraz se alinha a Jo\u00e3o Campos\">Leia mais<\/a><\/p>\n","protected":false},"author":2,"featured_media":51398,"comment_status":"open","ping_status":"open","sticky":false,"template":"","format":"standard","meta":{"footnotes":""},"categories":[27],"tags":[],"class_list":["post-51397","post","type-post","status-publish","format-standard","has-post-thumbnail","hentry","category-politica","resize-featured-image"],"_links":{"self":[{"href":"https:\/\/blogdojuniorcavalcanti.com.br\/index.php\/wp-json\/wp\/v2\/posts\/51397","targetHints":{"allow":["GET"]}}],"collection":[{"href":"https:\/\/blogdojuniorcavalcanti.com.br\/index.php\/wp-json\/wp\/v2\/posts"}],"about":[{"href":"https:\/\/blogdojuniorcavalcanti.com.br\/index.php\/wp-json\/wp\/v2\/types\/post"}],"author":[{"embeddable":true,"href":"https:\/\/blogdojuniorcavalcanti.com.br\/index.php\/wp-json\/wp\/v2\/users\/2"}],"replies":[{"embeddable":true,"href":"https:\/\/blogdojuniorcavalcanti.com.br\/index.php\/wp-json\/wp\/v2\/comments?post=51397"}],"version-history":[{"count":1,"href":"https:\/\/blogdojuniorcavalcanti.com.br\/index.php\/wp-json\/wp\/v2\/posts\/51397\/revisions"}],"predecessor-version":[{"id":51399,"href":"https:\/\/blogdojuniorcavalcanti.com.br\/index.php\/wp-json\/wp\/v2\/posts\/51397\/revisions\/51399"}],"wp:featuredmedia":[{"embeddable":true,"href":"https:\/\/blogdojuniorcavalcanti.com.br\/index.php\/wp-json\/wp\/v2\/media\/51398"}],"wp:attachment":[{"href":"https:\/\/blogdojuniorcavalcanti.com.br\/index.php\/wp-json\/wp\/v2\/media?parent=51397"}],"wp:term":[{"taxonomy":"category","embeddable":true,"href":"https:\/\/blogdojuniorcavalcanti.com.br\/index.php\/wp-json\/wp\/v2\/categories?post=51397"},{"taxonomy":"post_tag","embeddable":true,"href":"https:\/\/blogdojuniorcavalcanti.com.br\/index.php\/wp-json\/wp\/v2\/tags?post=51397"}],"curies":[{"name":"wp","href":"https:\/\/api.w.org\/{rel}","templated":true}]}}