{"id":51409,"date":"2025-12-19T07:49:43","date_gmt":"2025-12-19T10:49:43","guid":{"rendered":"https:\/\/blogdojuniorcavalcanti.com.br\/?p=51409"},"modified":"2025-12-19T07:49:43","modified_gmt":"2025-12-19T10:49:43","slug":"se-tiver-filho-meu-metido-sera-investigado-diz-lula-sobre-fraudes-no-inss","status":"publish","type":"post","link":"https:\/\/blogdojuniorcavalcanti.com.br\/index.php\/2025\/12\/19\/se-tiver-filho-meu-metido-sera-investigado-diz-lula-sobre-fraudes-no-inss\/","title":{"rendered":"\u201cSe tiver filho meu metido, ser\u00e1 investigado\u201d, diz Lula sobre fraudes no INSS"},"content":{"rendered":"<figure class=\"wp-caption aligncenter\" style=\"text-align: justify;\"><figcaption class=\"wp-caption-text\"><span style=\"font-size: 14pt; font-family: arial, helvetica, sans-serif;\">Lula faz balan\u00e7o do terceiro ano de governo para a imprensa em Bras\u00edlia. (Reprodu\u00e7\u00e3o de V\u00eddeo\/Canal Gov)<\/span><\/figcaption><\/figure>\n<p class=\"descricaoNot font-normal text-[14px] md:text-[14px] tracking-[-3%] my-5\" style=\"text-align: justify;\"><span style=\"font-size: 14pt; font-family: arial, helvetica, sans-serif;\"><strong><em>O petista foi questionado sobre a suposta liga\u00e7\u00e3o de F\u00e1bio Lu\u00eds Lula da Silva com Ant\u00f4nio Carlos Camilo Antunes, conhecido como \u2018Careca do INSS\u2019<\/em><\/strong><\/span><\/p>\n<p class=\"texto\" style=\"text-align: justify;\"><span style=\"font-size: 14pt; font-family: arial, helvetica, sans-serif;\">Em coletiva de imprensa no Pal\u00e1cio do Planalto, em Bras\u00edlia, nesta quinta-feira (18), o presidente Luiz In\u00e1cio Lula da Silva\u00a0afirmou que se tiver um filho\u00a0seu envolvido nas fraudes do\u00a0Instituto Nacional do Seguro Social (INSS), ser\u00e1 investigado. O petista foi questionado sobre a suposta liga\u00e7\u00e3o de\u00a0<strong><a href=\"https:\/\/www.diariodepernambuco.com.br\/politica\/2025\/12\/11702135-lulinha-filho-do-presidente-lula-recebeu-mesada-do-careca-do-inss-diz-testemunha.html\">F\u00e1bio Lu\u00eds Lula da Silva<\/a>\u00a0<\/strong>\u00a0com Ant\u00f4nio Carlos Camilo Antunes, conhecido como \u2018Careca do INSS\u2019.<\/span><\/p>\n<p class=\"texto\" style=\"text-align: justify;\"><span style=\"font-size: 14pt; font-family: arial, helvetica, sans-serif;\">\u201cNingu\u00e9m ficar\u00e1 livre. Se tiver filho meu metido nisso, ele ser\u00e1 investigado. N\u00e3o \u00e9 poss\u00edvel admitir, em um pa\u00eds onde milh\u00f5es de aposentados recebem um sal\u00e1rio m\u00ednimo, que algu\u00e9m tente se apropriar do dinheiro do aposentado com promessas falsas\u201d, afirmou.<\/span><\/p>\n<p class=\"texto\" style=\"text-align: justify;\"><span style=\"font-size: 14pt; font-family: arial, helvetica, sans-serif;\">Al\u00e9m disso, o petista afirmou que o governo devolveu aproximadamente R$ 2,7 bilh\u00f5es para cerca de 4 milh\u00f5es de aposentados e pensionistas.<\/span><\/p>\n<p class=\"texto\" style=\"text-align: justify;\"><span style=\"font-size: 14pt; font-family: arial, helvetica, sans-serif;\">Durante o depoimento, ainda foi dito que Lulinha recebia uma mesada de Ant\u00f4nio no valor de R$ 300 mil por m\u00eas. Al\u00e9m dos pagamentos, Lulinha teria feito viagens com o \u2018Careca do INSS\u2019, de acordo com as informa\u00e7\u00f5es que j\u00e1 est\u00e3o na CPMI do INSS.<\/span><\/p>\n<p class=\"texto\" style=\"text-align: justify;\"><span style=\"font-size: 14pt; font-family: arial, helvetica, sans-serif;\"><strong>Detalhes do esquema<\/strong><\/span><\/p>\n<p class=\"texto\" style=\"text-align: justify;\"><span style=\"font-size: 14pt; font-family: arial, helvetica, sans-serif;\">Os descontos indevidos, embora tenham sido iniciados no governo anterior, em 2019, dispararam no governo atual. O presidente da Comiss\u00e3o Parlamentar de Inqu\u00e9rito (CPI) do INSS, o senador Carlos Viana (Podemos-MG), afirmou que ouviu, na comiss\u00e3o, de uma testemunha, sobre uma parceria entre o Careca do INSS e Lulinha, filho de Lula, F\u00e1bio, para atuar no Minist\u00e9rio da Sa\u00fade.<\/span><\/p>\n<p class=\"texto\" style=\"text-align: justify;\"><span style=\"font-size: 14pt; font-family: arial, helvetica, sans-serif;\">Al\u00e9m disso, a comiss\u00e3o e a Pol\u00edcia Federal est\u00e3o investigando o Sindicato Nacional dos Aposentados, Pensionistas e Idosos da For\u00e7a Sindical (Sindnapi), do qual o irm\u00e3o de Lula, Jos\u00e9 Ferreira da Silva, mais conhecido como Frei Chico, \u00e9 vice-presidente.<\/span><\/p>\n<p class=\"texto\" style=\"text-align: justify;\"><span style=\"font-size: 14pt; font-family: arial, helvetica, sans-serif;\">A investiga\u00e7\u00e3o da Pol\u00edcia Federal (PF) e da Controladoria-Geral da Uni\u00e3o (CGU) estima que as associa\u00e7\u00f5es desviaram cerca de R$ 6,3 bilh\u00f5es de aposentados e pensionistas entre 2019 e 2024.<\/span><\/p>\n","protected":false},"excerpt":{"rendered":"<p>Lula faz balan&ccedil;o do terceiro ano de governo para a imprensa em Bras&iacute;lia. (Reprodu&ccedil;&atilde;o de V&iacute;deo\/Canal Gov) O petista foi questionado sobre a suposta liga&ccedil;&atilde;o de F&aacute;bio Lu&iacute;s Lula da Silva com Ant&ocirc;nio Carlos Camilo Antunes, conhecido como &lsquo;Careca do INSS&rsquo; Em coletiva de imprensa no Pal&aacute;cio do Planalto, em Bras&iacute;lia, nesta quinta-feira (18), o presidente Luiz In&aacute;cio Lula da Silva&nbsp;afirmou que se tiver um filho&nbsp;seu envolvido nas fraudes do&nbsp;Instituto Nacional do Seguro Social (INSS), ser&aacute; investigado. O petista foi questionado sobre a suposta liga&ccedil;&atilde;o de&nbsp;F&aacute;bio Lu&iacute;s Lula da Silva&nbsp;&nbsp;com Ant&ocirc;nio Carlos Camilo Antunes, conhecido como &lsquo;Careca do INSS&rsquo;. &ldquo;Ningu&eacute;m &#8230; <\/p>\n<p class=\"read-more-container\"><a title=\"\u201cSe tiver filho meu metido, ser\u00e1 investigado\u201d, diz Lula sobre fraudes no INSS\" class=\"read-more button\" href=\"https:\/\/blogdojuniorcavalcanti.com.br\/index.php\/2025\/12\/19\/se-tiver-filho-meu-metido-sera-investigado-diz-lula-sobre-fraudes-no-inss\/#more-51409\" aria-label=\"More on \u201cSe tiver filho meu metido, ser\u00e1 investigado\u201d, diz Lula sobre fraudes no INSS\">Leia mais<\/a><\/p>\n","protected":false},"author":2,"featured_media":51410,"comment_status":"open","ping_status":"open","sticky":false,"template":"","format":"standard","meta":{"footnotes":""},"categories":[33],"tags":[],"class_list":["post-51409","post","type-post","status-publish","format-standard","has-post-thumbnail","hentry","category-brasil","resize-featured-image"],"_links":{"self":[{"href":"https:\/\/blogdojuniorcavalcanti.com.br\/index.php\/wp-json\/wp\/v2\/posts\/51409","targetHints":{"allow":["GET"]}}],"collection":[{"href":"https:\/\/blogdojuniorcavalcanti.com.br\/index.php\/wp-json\/wp\/v2\/posts"}],"about":[{"href":"https:\/\/blogdojuniorcavalcanti.com.br\/index.php\/wp-json\/wp\/v2\/types\/post"}],"author":[{"embeddable":true,"href":"https:\/\/blogdojuniorcavalcanti.com.br\/index.php\/wp-json\/wp\/v2\/users\/2"}],"replies":[{"embeddable":true,"href":"https:\/\/blogdojuniorcavalcanti.com.br\/index.php\/wp-json\/wp\/v2\/comments?post=51409"}],"version-history":[{"count":1,"href":"https:\/\/blogdojuniorcavalcanti.com.br\/index.php\/wp-json\/wp\/v2\/posts\/51409\/revisions"}],"predecessor-version":[{"id":51411,"href":"https:\/\/blogdojuniorcavalcanti.com.br\/index.php\/wp-json\/wp\/v2\/posts\/51409\/revisions\/51411"}],"wp:featuredmedia":[{"embeddable":true,"href":"https:\/\/blogdojuniorcavalcanti.com.br\/index.php\/wp-json\/wp\/v2\/media\/51410"}],"wp:attachment":[{"href":"https:\/\/blogdojuniorcavalcanti.com.br\/index.php\/wp-json\/wp\/v2\/media?parent=51409"}],"wp:term":[{"taxonomy":"category","embeddable":true,"href":"https:\/\/blogdojuniorcavalcanti.com.br\/index.php\/wp-json\/wp\/v2\/categories?post=51409"},{"taxonomy":"post_tag","embeddable":true,"href":"https:\/\/blogdojuniorcavalcanti.com.br\/index.php\/wp-json\/wp\/v2\/tags?post=51409"}],"curies":[{"name":"wp","href":"https:\/\/api.w.org\/{rel}","templated":true}]}}