{"id":51825,"date":"2026-01-06T08:55:31","date_gmt":"2026-01-06T11:55:31","guid":{"rendered":"https:\/\/blogdojuniorcavalcanti.com.br\/?p=51825"},"modified":"2026-01-06T08:55:31","modified_gmt":"2026-01-06T11:55:31","slug":"marconi-santana-promove-evento-pioneiro-que-projeta-comunidade-gamer-do-sertao-em-pernambuco","status":"publish","type":"post","link":"https:\/\/blogdojuniorcavalcanti.com.br\/index.php\/2026\/01\/06\/marconi-santana-promove-evento-pioneiro-que-projeta-comunidade-gamer-do-sertao-em-pernambuco\/","title":{"rendered":"Marconi Santana promove evento pioneiro que projeta comunidade gamer do Sert\u00e3o em Pernambuco"},"content":{"rendered":"<p style=\"text-align: justify;\"><span style=\"font-size: 14pt; font-family: arial, helvetica, sans-serif;\">Iniciativa conta com R$ 10 mil em pr\u00eamios e estrutura profissional na Quadra da Vila Nova em Flores, colocando a regi\u00e3o na vanguarda tecnol\u00f3gica do estado.<\/span><\/p>\n<p style=\"text-align: justify;\"><span style=\"font-size: 14pt; font-family: arial, helvetica, sans-serif;\">A cidade de Flores ser\u00e1 o palco de uma iniciativa in\u00e9dita nesta quarta-feira, 7 de janeiro. Sob o patroc\u00ednio de Marconi Santana, o munic\u00edpio recebe um festival de E-Sports que se posiciona como um marco de pioneirismo no Sert\u00e3o do Paje\u00fa. O evento foi planejado para reconhecer o potencial dos competidores regionais, projetando o Sert\u00e3o como um polo de inova\u00e7\u00e3o e juventude conectada dentro do cen\u00e1rio de Pernambuco.<\/span><\/p>\n<p style=\"text-align: justify;\"><span style=\"font-size: 14pt; font-family: arial, helvetica, sans-serif;\">Marconi Santana fez quest\u00e3o de viabilizar uma estrutura que atenda aos padr\u00f5es das grandes competi\u00e7\u00f5es estaduais. Com um investimento de R$ 10.000,00 em premia\u00e7\u00f5es, o festival oferece um dos maiores incentivos j\u00e1 registrados para a categoria no interior. O objetivo \u00e9 validar o esporte eletr\u00f4nico como uma modalidade que exige estrat\u00e9gia e disciplina, oferecendo aos jovens uma vitrine profissional e s\u00e9ria.<\/span><\/p>\n<p style=\"text-align: justify;\"><span style=\"font-size: 14pt; font-family: arial, helvetica, sans-serif;\">&#8220;Fiz quest\u00e3o de apoiar este evento para mostrar que o nosso Sert\u00e3o tem capacidade de realizar grandes encontros tecnol\u00f3gicos e ganhar o destaque que merece em todo o estado&#8221;, afirmou Marconi. Para garantir a democratiza\u00e7\u00e3o do acesso, ele assegurou que as inscri\u00e7\u00f5es fossem totalmente gratuitas, permitindo a participa\u00e7\u00e3o de jogadores em cinco modalidades distintas: Street Fighter 6, Mortal Kombat, Clash Royale, Free Fire e Valorant.<\/span><\/p>\n<p style=\"text-align: justify;\"><span style=\"font-size: 14pt; font-family: arial, helvetica, sans-serif;\">O evento, organizado por Diego Henrique, ter\u00e1 in\u00edcio \u00e0s 19h na Quadra Poliesportiva do Bairro Vila Nova. A iniciativa consolida a import\u00e2ncia de novos investimentos em lazer e tecnologia, unindo a paix\u00e3o pelos games ao desenvolvimento social e ao prest\u00edgio regional em Pernambuco.<\/span><\/p>\n","protected":false},"excerpt":{"rendered":"<p>Iniciativa conta com R$ 10 mil em pr&ecirc;mios e estrutura profissional na Quadra da Vila Nova em Flores, colocando a regi&atilde;o na vanguarda tecnol&oacute;gica do estado. A cidade de Flores ser&aacute; o palco de uma iniciativa in&eacute;dita nesta quarta-feira, 7 de janeiro. Sob o patroc&iacute;nio de Marconi Santana, o munic&iacute;pio recebe um festival de E-Sports que se posiciona como um marco de pioneirismo no Sert&atilde;o do Paje&uacute;. O evento foi planejado para reconhecer o potencial dos competidores regionais, projetando o Sert&atilde;o como um polo de inova&ccedil;&atilde;o e juventude conectada dentro do cen&aacute;rio de Pernambuco. Marconi Santana fez quest&atilde;o de viabilizar &#8230; <\/p>\n<p class=\"read-more-container\"><a title=\"Marconi Santana promove evento pioneiro que projeta comunidade gamer do Sert\u00e3o em Pernambuco\" class=\"read-more button\" href=\"https:\/\/blogdojuniorcavalcanti.com.br\/index.php\/2026\/01\/06\/marconi-santana-promove-evento-pioneiro-que-projeta-comunidade-gamer-do-sertao-em-pernambuco\/#more-51825\" aria-label=\"More on Marconi Santana promove evento pioneiro que projeta comunidade gamer do Sert\u00e3o em Pernambuco\">Leia mais<\/a><\/p>\n","protected":false},"author":2,"featured_media":51826,"comment_status":"open","ping_status":"open","sticky":false,"template":"","format":"standard","meta":{"footnotes":""},"categories":[25],"tags":[],"class_list":["post-51825","post","type-post","status-publish","format-standard","has-post-thumbnail","hentry","category-destaque","resize-featured-image"],"_links":{"self":[{"href":"https:\/\/blogdojuniorcavalcanti.com.br\/index.php\/wp-json\/wp\/v2\/posts\/51825","targetHints":{"allow":["GET"]}}],"collection":[{"href":"https:\/\/blogdojuniorcavalcanti.com.br\/index.php\/wp-json\/wp\/v2\/posts"}],"about":[{"href":"https:\/\/blogdojuniorcavalcanti.com.br\/index.php\/wp-json\/wp\/v2\/types\/post"}],"author":[{"embeddable":true,"href":"https:\/\/blogdojuniorcavalcanti.com.br\/index.php\/wp-json\/wp\/v2\/users\/2"}],"replies":[{"embeddable":true,"href":"https:\/\/blogdojuniorcavalcanti.com.br\/index.php\/wp-json\/wp\/v2\/comments?post=51825"}],"version-history":[{"count":1,"href":"https:\/\/blogdojuniorcavalcanti.com.br\/index.php\/wp-json\/wp\/v2\/posts\/51825\/revisions"}],"predecessor-version":[{"id":51827,"href":"https:\/\/blogdojuniorcavalcanti.com.br\/index.php\/wp-json\/wp\/v2\/posts\/51825\/revisions\/51827"}],"wp:featuredmedia":[{"embeddable":true,"href":"https:\/\/blogdojuniorcavalcanti.com.br\/index.php\/wp-json\/wp\/v2\/media\/51826"}],"wp:attachment":[{"href":"https:\/\/blogdojuniorcavalcanti.com.br\/index.php\/wp-json\/wp\/v2\/media?parent=51825"}],"wp:term":[{"taxonomy":"category","embeddable":true,"href":"https:\/\/blogdojuniorcavalcanti.com.br\/index.php\/wp-json\/wp\/v2\/categories?post=51825"},{"taxonomy":"post_tag","embeddable":true,"href":"https:\/\/blogdojuniorcavalcanti.com.br\/index.php\/wp-json\/wp\/v2\/tags?post=51825"}],"curies":[{"name":"wp","href":"https:\/\/api.w.org\/{rel}","templated":true}]}}