{"id":5194,"date":"2019-08-27T13:24:18","date_gmt":"2019-08-27T16:24:18","guid":{"rendered":"http:\/\/blogdojuniorcavalcanti.com.br\/?p=5194"},"modified":"2019-08-27T13:24:18","modified_gmt":"2019-08-27T16:24:18","slug":"vereador-iguaraciense-passa-por-cateterismo-em-recife","status":"publish","type":"post","link":"https:\/\/blogdojuniorcavalcanti.com.br\/index.php\/2019\/08\/27\/vereador-iguaraciense-passa-por-cateterismo-em-recife\/","title":{"rendered":"Vereador iguaraciense passa por cateterismo em Recife"},"content":{"rendered":"<p style=\"text-align: justify;\"><span style=\"font-size: 14pt;\"><img fetchpriority=\"high\" decoding=\"async\" class=\"alignleft size-medium wp-image-157318\" src=\"https:\/\/i2.wp.com\/nilljunior.com.br\/wp-content\/uploads\/2019\/08\/20181220_120141-768x432-1.jpg?resize=300%2C242\" sizes=\"(max-width: 300px) 100vw, 300px\" srcset=\"https:\/\/i2.wp.com\/nilljunior.com.br\/wp-content\/uploads\/2019\/08\/20181220_120141-768x432-1.jpg?resize=300%2C242 300w, https:\/\/i2.wp.com\/nilljunior.com.br\/wp-content\/uploads\/2019\/08\/20181220_120141-768x432-1.jpg?w=353 353w\" alt=\"\" width=\"300\" height=\"242\" data-attachment-id=\"157318\" data-permalink=\"http:\/\/nilljunior.com.br\/vereador-iguaraciense-passa-por-cateterismo-em-recife\/20181220_120141-768x432-2\/\" data-orig-file=\"https:\/\/i2.wp.com\/nilljunior.com.br\/wp-content\/uploads\/2019\/08\/20181220_120141-768x432-1.jpg?fit=353%2C285\" data-orig-size=\"353,285\" data-comments-opened=\"1\" data-image-meta=\"{&quot;aperture&quot;:&quot;0&quot;,&quot;credit&quot;:&quot;&quot;,&quot;camera&quot;:&quot;&quot;,&quot;caption&quot;:&quot;&quot;,&quot;created_timestamp&quot;:&quot;0&quot;,&quot;copyright&quot;:&quot;&quot;,&quot;focal_length&quot;:&quot;0&quot;,&quot;iso&quot;:&quot;0&quot;,&quot;shutter_speed&quot;:&quot;0&quot;,&quot;title&quot;:&quot;&quot;,&quot;orientation&quot;:&quot;1&quot;}\" data-image-title=\"20181220_120141-768\u00d7432\" data-image-description=\"\" data-medium-file=\"https:\/\/i2.wp.com\/nilljunior.com.br\/wp-content\/uploads\/2019\/08\/20181220_120141-768x432-1.jpg?fit=300%2C242\" data-large-file=\"https:\/\/i2.wp.com\/nilljunior.com.br\/wp-content\/uploads\/2019\/08\/20181220_120141-768x432-1.jpg?fit=353%2C285\" \/><span style=\"font-family: arial, helvetica, sans-serif;\">O vereador de Iguaracy, Chico Torres\u00a0(PSD), foi submetido nesta segunda (26) a um cateterismo. O procedimento foi realizado no Hospital Miguel Arraes, em Cabo de Santo Agostinho, Regi\u00e3o Metropolitana do Recife.<\/span><\/span><\/p>\n<p style=\"text-align: justify;\"><span style=\"font-size: 14pt; font-family: arial, helvetica, sans-serif;\">O\u00a0cateterismo\u00a0\u00e9 um procedimento realizado para diagnosticar ou tratar doen\u00e7as card\u00edacas. Para a realiza\u00e7\u00e3o do exame, um fino cateter \u00e9 inserido na circula\u00e7\u00e3o, geralmente em uma art\u00e9ria da perna ou pulso, e que vai at\u00e9 o cora\u00e7\u00e3o para examinar a circula\u00e7\u00e3o das coron\u00e1rias ou avaliar arritmias.\u00a0o cateterismo tamb\u00e9m \u00e9 eficaz para desobstruir as veias. Esse tipo de procedimento \u00e9 chamado de angioplastia coronariana.<\/span><\/p>\n<p style=\"text-align: justify;\"><span style=\"font-size: 14pt; font-family: arial, helvetica, sans-serif;\">Chico \u00e9 irm\u00e3o do\u00a0 prefeito de Iguaracy, Zeinha Torres e do ex-prefeito de Ingazeira, Luciano Torres. Segundo familiares, Chico se sentiu mal no \u00faltimo domingo em sua resid\u00eancia e foi imediatamente transferido para o Recife, onde houve a indica\u00e7\u00e3o do procedimento. O vereador est\u00e1 se recuperando bem, segundo familiares.<\/span><\/p>\n","protected":false},"excerpt":{"rendered":"<p>O vereador de Iguaracy, Chico Torres&nbsp;(PSD), foi submetido nesta segunda (26) a um cateterismo. O procedimento foi realizado no Hospital Miguel Arraes, em Cabo de Santo Agostinho, Regi&atilde;o Metropolitana do Recife. O&nbsp;cateterismo&nbsp;&eacute; um procedimento realizado para diagnosticar ou tratar doen&ccedil;as card&iacute;acas. Para a realiza&ccedil;&atilde;o do exame, um fino cateter &eacute; inserido na circula&ccedil;&atilde;o, geralmente em uma art&eacute;ria da perna ou pulso, e que vai at&eacute; o cora&ccedil;&atilde;o para examinar a circula&ccedil;&atilde;o das coron&aacute;rias ou avaliar arritmias.&nbsp;o cateterismo tamb&eacute;m &eacute; eficaz para desobstruir as veias. Esse tipo de procedimento &eacute; chamado de angioplastia coronariana. Chico &eacute; irm&atilde;o do&nbsp; prefeito de Iguaracy, &#8230; <\/p>\n<p class=\"read-more-container\"><a title=\"Vereador iguaraciense passa por cateterismo em Recife\" class=\"read-more button\" href=\"https:\/\/blogdojuniorcavalcanti.com.br\/index.php\/2019\/08\/27\/vereador-iguaraciense-passa-por-cateterismo-em-recife\/#more-5194\" aria-label=\"More on Vereador iguaraciense passa por cateterismo em Recife\">Leia mais<\/a><\/p>\n","protected":false},"author":2,"featured_media":0,"comment_status":"open","ping_status":"open","sticky":false,"template":"","format":"standard","meta":{"footnotes":""},"categories":[1],"tags":[],"class_list":["post-5194","post","type-post","status-publish","format-standard","hentry","category-sem-categoria"],"_links":{"self":[{"href":"https:\/\/blogdojuniorcavalcanti.com.br\/index.php\/wp-json\/wp\/v2\/posts\/5194","targetHints":{"allow":["GET"]}}],"collection":[{"href":"https:\/\/blogdojuniorcavalcanti.com.br\/index.php\/wp-json\/wp\/v2\/posts"}],"about":[{"href":"https:\/\/blogdojuniorcavalcanti.com.br\/index.php\/wp-json\/wp\/v2\/types\/post"}],"author":[{"embeddable":true,"href":"https:\/\/blogdojuniorcavalcanti.com.br\/index.php\/wp-json\/wp\/v2\/users\/2"}],"replies":[{"embeddable":true,"href":"https:\/\/blogdojuniorcavalcanti.com.br\/index.php\/wp-json\/wp\/v2\/comments?post=5194"}],"version-history":[{"count":1,"href":"https:\/\/blogdojuniorcavalcanti.com.br\/index.php\/wp-json\/wp\/v2\/posts\/5194\/revisions"}],"predecessor-version":[{"id":5195,"href":"https:\/\/blogdojuniorcavalcanti.com.br\/index.php\/wp-json\/wp\/v2\/posts\/5194\/revisions\/5195"}],"wp:attachment":[{"href":"https:\/\/blogdojuniorcavalcanti.com.br\/index.php\/wp-json\/wp\/v2\/media?parent=5194"}],"wp:term":[{"taxonomy":"category","embeddable":true,"href":"https:\/\/blogdojuniorcavalcanti.com.br\/index.php\/wp-json\/wp\/v2\/categories?post=5194"},{"taxonomy":"post_tag","embeddable":true,"href":"https:\/\/blogdojuniorcavalcanti.com.br\/index.php\/wp-json\/wp\/v2\/tags?post=5194"}],"curies":[{"name":"wp","href":"https:\/\/api.w.org\/{rel}","templated":true}]}}