{"id":51977,"date":"2026-01-09T08:32:36","date_gmt":"2026-01-09T11:32:36","guid":{"rendered":"https:\/\/blogdojuniorcavalcanti.com.br\/?p=51977"},"modified":"2026-01-09T08:32:36","modified_gmt":"2026-01-09T11:32:36","slug":"viatura-da-pm-colide-com-cavalo-na-br-232-em-serra-talhada","status":"publish","type":"post","link":"https:\/\/blogdojuniorcavalcanti.com.br\/index.php\/2026\/01\/09\/viatura-da-pm-colide-com-cavalo-na-br-232-em-serra-talhada\/","title":{"rendered":"Viatura da PM colide com cavalo na BR-232, em Serra Talhada"},"content":{"rendered":"<div style=\"text-align: justify;\"><span style=\"font-size: 14pt; font-family: arial, helvetica, sans-serif;\">Na noite da \u00faltima quarta-feira (07), por volta das 21h30, a Pol\u00edcia Rodovi\u00e1ria Federal (PRF) foi acionada para atender a um sinistro de tr\u00e2nsito no quil\u00f4metro 415 da BR-232, no munic\u00edpio de Serra Talhada, no Sert\u00e3o de Pernambuco.<\/span><\/div>\n<div><\/div>\n<p style=\"text-align: justify;\"><span style=\"font-size: 14pt; font-family: arial, helvetica, sans-serif;\">De acordo com as informa\u00e7\u00f5es repassadas, uma viatura da Pol\u00edcia Militar colidiu com um cavalo que estava solto na rodovia. Apesar do impacto, ningu\u00e9m ficou ferido, havendo apenas danos materiais no ve\u00edculo.<\/span><\/p>\n<p style=\"text-align: justify;\"><span style=\"font-size: 14pt; font-family: arial, helvetica, sans-serif;\">Ap\u00f3s a colis\u00e3o, o animal n\u00e3o foi encontrado no local do acidente. A suspeita \u00e9 de que o cavalo tenha fugido para a \u00e1rea pr\u00f3xima \u00e0 rodovia logo ap\u00f3s o ocorrido.<\/span><\/p>\n<p style=\"text-align: justify;\"><span style=\"font-size: 14pt; font-family: arial, helvetica, sans-serif;\">A PRF refor\u00e7a o alerta para os riscos causados por animais soltos em rodovias federais, situa\u00e7\u00e3o que representa perigo tanto para motoristas quanto para os pr\u00f3prios animais. O caso serve de alerta para a necessidade de maior fiscaliza\u00e7\u00e3o e responsabilidade dos propriet\u00e1rios.<\/span><\/p>\n","protected":false},"excerpt":{"rendered":"<p>Na noite da &uacute;ltima quarta-feira (07), por volta das 21h30, a Pol&iacute;cia Rodovi&aacute;ria Federal (PRF) foi acionada para atender a um sinistro de tr&acirc;nsito no quil&ocirc;metro 415 da BR-232, no munic&iacute;pio de Serra Talhada, no Sert&atilde;o de Pernambuco. De acordo com as informa&ccedil;&otilde;es repassadas, uma viatura da Pol&iacute;cia Militar colidiu com um cavalo que estava solto na rodovia. Apesar do impacto, ningu&eacute;m ficou ferido, havendo apenas danos materiais no ve&iacute;culo. Ap&oacute;s a colis&atilde;o, o animal n&atilde;o foi encontrado no local do acidente. A suspeita &eacute; de que o cavalo tenha fugido para a &aacute;rea pr&oacute;xima &agrave; rodovia logo ap&oacute;s o &#8230; <\/p>\n<p class=\"read-more-container\"><a title=\"Viatura da PM colide com cavalo na BR-232, em Serra Talhada\" class=\"read-more button\" href=\"https:\/\/blogdojuniorcavalcanti.com.br\/index.php\/2026\/01\/09\/viatura-da-pm-colide-com-cavalo-na-br-232-em-serra-talhada\/#more-51977\" aria-label=\"More on Viatura da PM colide com cavalo na BR-232, em Serra Talhada\">Leia mais<\/a><\/p>\n","protected":false},"author":2,"featured_media":51978,"comment_status":"open","ping_status":"open","sticky":false,"template":"","format":"standard","meta":{"footnotes":""},"categories":[29],"tags":[],"class_list":["post-51977","post","type-post","status-publish","format-standard","has-post-thumbnail","hentry","category-policial","resize-featured-image"],"_links":{"self":[{"href":"https:\/\/blogdojuniorcavalcanti.com.br\/index.php\/wp-json\/wp\/v2\/posts\/51977","targetHints":{"allow":["GET"]}}],"collection":[{"href":"https:\/\/blogdojuniorcavalcanti.com.br\/index.php\/wp-json\/wp\/v2\/posts"}],"about":[{"href":"https:\/\/blogdojuniorcavalcanti.com.br\/index.php\/wp-json\/wp\/v2\/types\/post"}],"author":[{"embeddable":true,"href":"https:\/\/blogdojuniorcavalcanti.com.br\/index.php\/wp-json\/wp\/v2\/users\/2"}],"replies":[{"embeddable":true,"href":"https:\/\/blogdojuniorcavalcanti.com.br\/index.php\/wp-json\/wp\/v2\/comments?post=51977"}],"version-history":[{"count":1,"href":"https:\/\/blogdojuniorcavalcanti.com.br\/index.php\/wp-json\/wp\/v2\/posts\/51977\/revisions"}],"predecessor-version":[{"id":51979,"href":"https:\/\/blogdojuniorcavalcanti.com.br\/index.php\/wp-json\/wp\/v2\/posts\/51977\/revisions\/51979"}],"wp:featuredmedia":[{"embeddable":true,"href":"https:\/\/blogdojuniorcavalcanti.com.br\/index.php\/wp-json\/wp\/v2\/media\/51978"}],"wp:attachment":[{"href":"https:\/\/blogdojuniorcavalcanti.com.br\/index.php\/wp-json\/wp\/v2\/media?parent=51977"}],"wp:term":[{"taxonomy":"category","embeddable":true,"href":"https:\/\/blogdojuniorcavalcanti.com.br\/index.php\/wp-json\/wp\/v2\/categories?post=51977"},{"taxonomy":"post_tag","embeddable":true,"href":"https:\/\/blogdojuniorcavalcanti.com.br\/index.php\/wp-json\/wp\/v2\/tags?post=51977"}],"curies":[{"name":"wp","href":"https:\/\/api.w.org\/{rel}","templated":true}]}}