{"id":52142,"date":"2026-01-13T09:13:18","date_gmt":"2026-01-13T12:13:18","guid":{"rendered":"https:\/\/blogdojuniorcavalcanti.com.br\/?p=52142"},"modified":"2026-01-13T09:13:18","modified_gmt":"2026-01-13T12:13:18","slug":"pm-que-morreu-em-acidente-com-viatura-no-recife-era-recem-formada-e-deixou-filho-de-4-anos","status":"publish","type":"post","link":"https:\/\/blogdojuniorcavalcanti.com.br\/index.php\/2026\/01\/13\/pm-que-morreu-em-acidente-com-viatura-no-recife-era-recem-formada-e-deixou-filho-de-4-anos\/","title":{"rendered":"PM que morreu em acidente com viatura no Recife era rec\u00e9m-formada e deixou filho de 4 anos"},"content":{"rendered":"<div class=\"fotoNot\">\n<p class=\"credFotoNot text-[12px] my-2.5 font-medium tracking-[-3%] text-center text-black\" style=\"text-align: justify;\"><span style=\"font-size: 14pt; font-family: arial, helvetica, sans-serif;\">Leidy Emily tinha 28 anos (Redes Sociais )<\/span><\/p>\n<\/div>\n<p class=\"texto\" style=\"text-align: justify;\"><span style=\"font-size: 14pt; font-family: arial, helvetica, sans-serif;\">A policial militar que morreu em um acidente envolvendo uma viatura da corpora\u00e7\u00e3o e um carro de passeio, na madrugada desta segunda (12), no Recife, tinha acabado de se formar e fazia parte da turma de aprovados no concurso p\u00fablico mais recente no estado.<\/span><\/p>\n<p class=\"texto\" style=\"text-align: justify;\"><span style=\"font-size: 14pt; font-family: arial, helvetica, sans-serif;\">A soldado Lady Emilly Santos Ferreira comandava a equipe e estava no banco do carona da viatura do 12\u00ba Batalh\u00e3o da PM, que tinha sido acionada para uma ocorr\u00eancia na Caxang\u00e1, na Zona Oeste do Recife.<\/span><\/p>\n<p class=\"texto\" style=\"text-align: justify;\"><span style=\"font-size: 14pt; font-family: arial, helvetica, sans-serif;\">O acidente aconteceu no cruzamento das Ruas S\u00e3o Miguel e Quit\u00e9rio In\u00e1cio de Melo, em Afogados, na Zona Oeste.<\/span><\/p>\n<p class=\"texto\" style=\"text-align: justify;\"><span style=\"font-size: 14pt; font-family: arial, helvetica, sans-serif;\"><a href=\"https:\/\/www.diariodepernambuco.com.br\/vida-urbana\/2026\/01\/11704896-video-registra-momento-da-batida-entre-carro-e-viatura-que-matou-uma-policial-e-deixou-outro-ferido.html\" target=\"_blank\" rel=\"noopener noreferrer\"><strong>Imagens de c\u00e2meras de seguran\u00e7a<\/strong><\/a>\u00a0mostraram o momento da batida, por volta das 2h40.<\/span><\/p>\n<p class=\"texto\" style=\"text-align: justify;\"><span style=\"font-size: 14pt; font-family: arial, helvetica, sans-serif;\">A viatura e uma Spin prata colidem e o carro da PM capota, at\u00e9 parar entre um poste e um muro de uma igreja evang\u00e9lica.<\/span><\/p>\n","protected":false},"excerpt":{"rendered":"<p>Leidy Emily tinha 28 anos (Redes Sociais ) A policial militar que morreu em um acidente envolvendo uma viatura da corpora&ccedil;&atilde;o e um carro de passeio, na madrugada desta segunda (12), no Recife, tinha acabado de se formar e fazia parte da turma de aprovados no concurso p&uacute;blico mais recente no estado. A soldado Lady Emilly Santos Ferreira comandava a equipe e estava no banco do carona da viatura do 12&ordm; Batalh&atilde;o da PM, que tinha sido acionada para uma ocorr&ecirc;ncia na Caxang&aacute;, na Zona Oeste do Recife. O acidente aconteceu no cruzamento das Ruas S&atilde;o Miguel e Quit&eacute;rio In&aacute;cio &#8230; <\/p>\n<p class=\"read-more-container\"><a title=\"PM que morreu em acidente com viatura no Recife era rec\u00e9m-formada e deixou filho de 4 anos\" class=\"read-more button\" href=\"https:\/\/blogdojuniorcavalcanti.com.br\/index.php\/2026\/01\/13\/pm-que-morreu-em-acidente-com-viatura-no-recife-era-recem-formada-e-deixou-filho-de-4-anos\/#more-52142\" aria-label=\"More on PM que morreu em acidente com viatura no Recife era rec\u00e9m-formada e deixou filho de 4 anos\">Leia mais<\/a><\/p>\n","protected":false},"author":2,"featured_media":52143,"comment_status":"open","ping_status":"open","sticky":false,"template":"","format":"standard","meta":{"footnotes":""},"categories":[38],"tags":[],"class_list":["post-52142","post","type-post","status-publish","format-standard","has-post-thumbnail","hentry","category-pernambuco","resize-featured-image"],"_links":{"self":[{"href":"https:\/\/blogdojuniorcavalcanti.com.br\/index.php\/wp-json\/wp\/v2\/posts\/52142","targetHints":{"allow":["GET"]}}],"collection":[{"href":"https:\/\/blogdojuniorcavalcanti.com.br\/index.php\/wp-json\/wp\/v2\/posts"}],"about":[{"href":"https:\/\/blogdojuniorcavalcanti.com.br\/index.php\/wp-json\/wp\/v2\/types\/post"}],"author":[{"embeddable":true,"href":"https:\/\/blogdojuniorcavalcanti.com.br\/index.php\/wp-json\/wp\/v2\/users\/2"}],"replies":[{"embeddable":true,"href":"https:\/\/blogdojuniorcavalcanti.com.br\/index.php\/wp-json\/wp\/v2\/comments?post=52142"}],"version-history":[{"count":1,"href":"https:\/\/blogdojuniorcavalcanti.com.br\/index.php\/wp-json\/wp\/v2\/posts\/52142\/revisions"}],"predecessor-version":[{"id":52144,"href":"https:\/\/blogdojuniorcavalcanti.com.br\/index.php\/wp-json\/wp\/v2\/posts\/52142\/revisions\/52144"}],"wp:featuredmedia":[{"embeddable":true,"href":"https:\/\/blogdojuniorcavalcanti.com.br\/index.php\/wp-json\/wp\/v2\/media\/52143"}],"wp:attachment":[{"href":"https:\/\/blogdojuniorcavalcanti.com.br\/index.php\/wp-json\/wp\/v2\/media?parent=52142"}],"wp:term":[{"taxonomy":"category","embeddable":true,"href":"https:\/\/blogdojuniorcavalcanti.com.br\/index.php\/wp-json\/wp\/v2\/categories?post=52142"},{"taxonomy":"post_tag","embeddable":true,"href":"https:\/\/blogdojuniorcavalcanti.com.br\/index.php\/wp-json\/wp\/v2\/tags?post=52142"}],"curies":[{"name":"wp","href":"https:\/\/api.w.org\/{rel}","templated":true}]}}