{"id":52265,"date":"2026-01-18T01:00:35","date_gmt":"2026-01-18T04:00:35","guid":{"rendered":"https:\/\/blogdojuniorcavalcanti.com.br\/?p=52265"},"modified":"2026-01-17T15:35:26","modified_gmt":"2026-01-17T18:35:26","slug":"joao-campos-manobra-pt-reage-e-aliancas-voltam-a-balancar-no-estado","status":"publish","type":"post","link":"https:\/\/blogdojuniorcavalcanti.com.br\/index.php\/2026\/01\/18\/joao-campos-manobra-pt-reage-e-aliancas-voltam-a-balancar-no-estado\/","title":{"rendered":"Jo\u00e3o Campos manobra, PT reage e alian\u00e7as voltam a balan\u00e7ar no estado"},"content":{"rendered":"<p style=\"text-align: justify;\"><span style=\"font-size: 14pt; font-family: arial, helvetica, sans-serif;\">Aconteceu em 2022 um movimento do PSB de Jo\u00e3o Campos que impediu o PT de lan\u00e7ar Humberto Costa para o governo de Pernambuco. A hist\u00f3ria \u00e9 bem conhecida, mas n\u00e3o custa lembrar: Lula (PT) precisava de um partido de centro-esquerda para acomodar Geraldo Alckmin que saia do PSDB e seria seu vice. O encaixe poss\u00edvel, por quest\u00f5es regionais e de acomoda\u00e7\u00e3o no espectro da esquerda, era na sigla dominada por Campos.<\/span><\/p>\n<p style=\"text-align: justify;\"><span style=\"font-size: 14pt; font-family: arial, helvetica, sans-serif;\">O l\u00edder petista precisava de Alckmin, que era um ex-advers\u00e1rio, para refor\u00e7ar a narrativa de uni\u00e3o do pa\u00eds contra Bolsonaro (PL). O relato de um petista que acompanhou a conversa na \u00e9poca d\u00e1 conta que o prefeito do Recife estava pouco se importando com a estrat\u00e9gia de Lula para derrotar Bolsonaro e que a prioridade dele era \u201cmontar um ambiente em Pernambuco que lhe desse vantagem estrat\u00e9gica para o futuro no estado\u201d.<\/span><\/p>\n<p style=\"text-align: justify;\"><span style=\"font-size: 14pt; font-family: arial, helvetica, sans-serif;\"><strong>Disputa em 2022<\/strong><\/span><\/p>\n<p style=\"text-align: justify;\"><span style=\"font-size: 14pt; font-family: arial, helvetica, sans-serif;\">A quest\u00e3o \u00e9 que Humberto liderava as pesquisas e tinha chance real de vencer aquela elei\u00e7\u00e3o. Mas se isso acontecesse, Campos s\u00f3 poderia disputar o governo de Pernambuco em 2030, para n\u00e3o enfrentar Lula regionalmente.<\/span><\/p>\n<p style=\"text-align: justify;\"><span style=\"font-size: 14pt; font-family: arial, helvetica, sans-serif;\">\u201cCampos quer ser candidato a presidente em 2030 e no planejamento dele precisa ser candidato a governador j\u00e1 em 2026\u201d, explica essa fonte ligada ao PT. O prefeito ent\u00e3o deu sua cartada e disse que aceitava Alckmin no PSB, desde que Lula impedisse Humberto de ser candidato ao governo.Lula, pressionado para vencer Bolsonaro, aceitou.<\/span><\/p>\n<p style=\"text-align: justify;\"><span style=\"font-size: 14pt; font-family: arial, helvetica, sans-serif;\"><strong>Divis\u00f5es internas<\/strong><\/span><\/p>\n<p style=\"text-align: justify;\"><span style=\"font-size: 14pt; font-family: arial, helvetica, sans-serif;\">Mas os petistas nunca esqueceram. E nem ignoram que Jo\u00e3o pretende ser candidato a presidente num futuro muito pr\u00f3ximo, mesmo que precise enfrentar o pr\u00f3prio PT. Em Pernambuco h\u00e1 dois grupos dentro do PT. Existem os que dormem no sof\u00e1 socialista e n\u00e3o querem se afastar do PSB, mas tamb\u00e9m existem os que desejam retomar algum protagonismo no estado, perdido para os Campos-Arraes h\u00e1 quase 20 anos. \u00c9 essa divis\u00e3o que d\u00e1 base \u00e0 disputa interna dos petistas locais, mas a preocupa\u00e7\u00e3o com um protagonismo nacional do filho de Eduardo Campos influencia muito os \u00e2nimos do PT nacional.<\/span><\/p>\n<p style=\"text-align: justify;\"><span style=\"font-size: 14pt; font-family: arial, helvetica, sans-serif;\"><strong>O fator Dirceu<\/strong><\/span><\/p>\n<p style=\"text-align: justify;\"><span style=\"font-size: 14pt; font-family: arial, helvetica, sans-serif;\">E tem outra coisa, que tem a ver com Jos\u00e9 Dirceu. O ex-ministro da Casa Civil Jos\u00e9 Dirceu estava preso por causa do Mensal\u00e3o quando Jo\u00e3o Campos disputou a prefeitura do Recife pela primeira vez. Na \u00e9poca, o socialista precisava derrotar Mar\u00edlia Arraes, que estava no PT, e n\u00e3o poupou o verbo. Buscando eleitores antipetistas para vencer, atacou a corrup\u00e7\u00e3o do partido, citou as pris\u00f5es dos petistas e fez discursos, alguns diretos e outros indiretos, contra Lula, Dirceu e companhia.<\/span><\/p>\n<p style=\"text-align: justify;\"><span style=\"font-size: 14pt; font-family: arial, helvetica, sans-serif;\"><strong>Influ\u00eancia permanente<\/strong><\/span><\/p>\n<p style=\"text-align: justify;\"><span style=\"font-size: 14pt; font-family: arial, helvetica, sans-serif;\">Dirceu, que foi liberado para ser candidato em 2026 e deve disputar uma cadeira na C\u00e2mara, \u00e9 conhecido por ser pragm\u00e1tico, objetivo e direto, mas \u00e9 exatamente por ser objetivo e pragm\u00e1tico que n\u00e3o costuma demonstrar muita confian\u00e7a na lealdade do presidente nacional do PSB. E isso ter\u00e1 for\u00e7a nas decis\u00f5es que ser\u00e3o impostas aos petistas pernambucanos. Porque estando preso ou em liberdade, Dirceu nunca perdeu a influ\u00eancia que tem sobre o partido nacionalmente.<\/span><\/p>\n<p style=\"text-align: justify;\"><span style=\"font-size: 14pt; font-family: arial, helvetica, sans-serif;\">Do Jornal do Commercio<\/span><\/p>\n","protected":false},"excerpt":{"rendered":"<p>Aconteceu em 2022 um movimento do PSB de Jo&atilde;o Campos que impediu o PT de lan&ccedil;ar Humberto Costa para o governo de Pernambuco. A hist&oacute;ria &eacute; bem conhecida, mas n&atilde;o custa lembrar: Lula (PT) precisava de um partido de centro-esquerda para acomodar Geraldo Alckmin que saia do PSDB e seria seu vice. O encaixe poss&iacute;vel, por quest&otilde;es regionais e de acomoda&ccedil;&atilde;o no espectro da esquerda, era na sigla dominada por Campos. O l&iacute;der petista precisava de Alckmin, que era um ex-advers&aacute;rio, para refor&ccedil;ar a narrativa de uni&atilde;o do pa&iacute;s contra Bolsonaro (PL). O relato de um petista que acompanhou a &#8230; <\/p>\n<p class=\"read-more-container\"><a title=\"Jo\u00e3o Campos manobra, PT reage e alian\u00e7as voltam a balan\u00e7ar no estado\" class=\"read-more button\" href=\"https:\/\/blogdojuniorcavalcanti.com.br\/index.php\/2026\/01\/18\/joao-campos-manobra-pt-reage-e-aliancas-voltam-a-balancar-no-estado\/#more-52265\" aria-label=\"More on Jo\u00e3o Campos manobra, PT reage e alian\u00e7as voltam a balan\u00e7ar no estado\">Leia mais<\/a><\/p>\n","protected":false},"author":2,"featured_media":52266,"comment_status":"open","ping_status":"open","sticky":false,"template":"","format":"standard","meta":{"footnotes":""},"categories":[25],"tags":[],"class_list":["post-52265","post","type-post","status-publish","format-standard","has-post-thumbnail","hentry","category-destaque","resize-featured-image"],"_links":{"self":[{"href":"https:\/\/blogdojuniorcavalcanti.com.br\/index.php\/wp-json\/wp\/v2\/posts\/52265","targetHints":{"allow":["GET"]}}],"collection":[{"href":"https:\/\/blogdojuniorcavalcanti.com.br\/index.php\/wp-json\/wp\/v2\/posts"}],"about":[{"href":"https:\/\/blogdojuniorcavalcanti.com.br\/index.php\/wp-json\/wp\/v2\/types\/post"}],"author":[{"embeddable":true,"href":"https:\/\/blogdojuniorcavalcanti.com.br\/index.php\/wp-json\/wp\/v2\/users\/2"}],"replies":[{"embeddable":true,"href":"https:\/\/blogdojuniorcavalcanti.com.br\/index.php\/wp-json\/wp\/v2\/comments?post=52265"}],"version-history":[{"count":1,"href":"https:\/\/blogdojuniorcavalcanti.com.br\/index.php\/wp-json\/wp\/v2\/posts\/52265\/revisions"}],"predecessor-version":[{"id":52267,"href":"https:\/\/blogdojuniorcavalcanti.com.br\/index.php\/wp-json\/wp\/v2\/posts\/52265\/revisions\/52267"}],"wp:featuredmedia":[{"embeddable":true,"href":"https:\/\/blogdojuniorcavalcanti.com.br\/index.php\/wp-json\/wp\/v2\/media\/52266"}],"wp:attachment":[{"href":"https:\/\/blogdojuniorcavalcanti.com.br\/index.php\/wp-json\/wp\/v2\/media?parent=52265"}],"wp:term":[{"taxonomy":"category","embeddable":true,"href":"https:\/\/blogdojuniorcavalcanti.com.br\/index.php\/wp-json\/wp\/v2\/categories?post=52265"},{"taxonomy":"post_tag","embeddable":true,"href":"https:\/\/blogdojuniorcavalcanti.com.br\/index.php\/wp-json\/wp\/v2\/tags?post=52265"}],"curies":[{"name":"wp","href":"https:\/\/api.w.org\/{rel}","templated":true}]}}