{"id":52348,"date":"2026-01-21T01:00:28","date_gmt":"2026-01-21T04:00:28","guid":{"rendered":"https:\/\/blogdojuniorcavalcanti.com.br\/?p=52348"},"modified":"2026-01-20T17:58:24","modified_gmt":"2026-01-20T20:58:24","slug":"raquel-lyra-assegura-r-14-bilhao-para-municipios-com-concessao-da-compesa","status":"publish","type":"post","link":"https:\/\/blogdojuniorcavalcanti.com.br\/index.php\/2026\/01\/21\/raquel-lyra-assegura-r-14-bilhao-para-municipios-com-concessao-da-compesa\/","title":{"rendered":"Raquel Lyra assegura R$ 1,4 bilh\u00e3o para munic\u00edpios com concess\u00e3o da Compesa"},"content":{"rendered":"<p style=\"text-align: justify;\"><span style=\"font-size: 14pt; font-family: arial, helvetica, sans-serif;\">Durante a primeira Assembleia Geral Extraordin\u00e1ria da Associa\u00e7\u00e3o Municipalista de Pernambuco (Amupe) do ano, nesta ter\u00e7a-feira (20), a governadora Raquel Lyra refor\u00e7ou a import\u00e2ncia do di\u00e1logo com as prefeituras para a constru\u00e7\u00e3o do modelo de concess\u00e3o parcial da Companhia Pernambucana de Saneamento (Compesa) e assegurou o repasse de R$ 1,4 bilh\u00e3o dos recursos da outorga aos munic\u00edpios. No evento, que reuniu gestores municipais de todas as regi\u00f5es do Estado, a chefe do Executivo estadual tamb\u00e9m apresentou o balan\u00e7o dos avan\u00e7os conquistados pela gest\u00e3o no \u00faltimo ano e quais os principais focos para este ano.<\/span><\/p>\n<p style=\"text-align: justify;\"><span style=\"font-size: 14pt; font-family: arial, helvetica, sans-serif;\">\u201cHoje viemos conversar com os prefeitos de Pernambuco sobre os pr\u00f3ximos passos para a universaliza\u00e7\u00e3o do acesso \u00e0 \u00e1gua e ao tratamento de esgoto no Estado. Desde o primeiro momento, nas discuss\u00f5es com a pr\u00f3pria Amupe, decidimos que os munic\u00edpios tamb\u00e9m teriam acesso a esse dinheiro para investir em infraestrutura. Este \u00e9 um momento em que n\u00e3o apenas celebramos a concess\u00e3o exitosa, mas tamb\u00e9m desenhamos os pr\u00f3ximos passos, porque o trabalho est\u00e1 apenas come\u00e7ando. Isso s\u00f3 foi poss\u00edvel gra\u00e7as a uma profunda alian\u00e7a entre n\u00f3s, a associa\u00e7\u00e3o e os munic\u00edpios pernambucanos\u201d, afirmou a governadora Raquel Lyra.<\/span><\/p>\n<p style=\"text-align: justify;\"><span style=\"font-size: 14pt; font-family: arial, helvetica, sans-serif;\">A concess\u00e3o parcial da Compesa garantiu R$ 19,1 bilh\u00f5es em investimentos para Pernambuco, com foco na universaliza\u00e7\u00e3o do acesso \u00e0 \u00e1gua e ao esgotamento sanit\u00e1rio at\u00e9 2033. Al\u00e9m destes investimentos, R$ 4,2 bilh\u00f5es foram assegurados em outorgas, sendo R$ 1,4 bilh\u00e3o exclusivamente para os munic\u00edpios.<\/span><\/p>\n<p style=\"text-align: justify;\"><span style=\"font-size: 14pt; font-family: arial, helvetica, sans-serif;\">At\u00e9 o momento, 175 munic\u00edpios aderiram ao modelo. De acordo com o secret\u00e1rio de Planejamentos Estrat\u00e9gicos, Rodrigo Ribeiro, a gest\u00e3o segue em di\u00e1logo com os outros nove. \u201cEsse valor vai ser repassado em tr\u00eas parcelas, onde a primeira representa 60% do valor de cada munic\u00edpio. Em setembro ter\u00e1 a segunda parcela que \u00e9 mais 20% e, ap\u00f3s dois anos, mais 20%. O importante \u00e9 que o recurso seja destinado para investimento e em infraestrutura\u201d, explicou.<\/span><\/p>\n<p style=\"text-align: justify;\"><span style=\"font-size: 14pt; font-family: arial, helvetica, sans-serif;\">O presidente da Amupe, Marcelo Gouveia, destacou o papel da entidade como espa\u00e7o de constru\u00e7\u00e3o coletiva entre o Estado e os munic\u00edpios. \u201c\u00c9 um tema que gera muita expectativa nos prefeitos, pois ser\u00e3o investimentos vultuosos para que possamos dar a todos o direito de universaliza\u00e7\u00e3o da \u00e1gua. Reconhecemos o esfor\u00e7o da gest\u00e3o e todos est\u00e3o em festa, pois sabem que as obras trar\u00e3o grandes melhorias para o povo pernambucano\u201d, afirmou o presidente.<\/span><\/p>\n<p style=\"text-align: justify;\"><span style=\"font-size: 14pt; font-family: arial, helvetica, sans-serif;\">A governadora tamb\u00e9m enfatizou que a concess\u00e3o \u00e9 uma resposta estruturante a um problema hist\u00f3rico do Estado. Atualmente, 87% da popula\u00e7\u00e3o pernambucana tem acesso \u00e0 \u00e1gua e apenas 34% ao esgotamento sanit\u00e1rio, com perdas que chegam a 48%. Com o novo modelo, a meta \u00e9 alcan\u00e7ar 99% de acesso \u00e0 \u00e1gua, 90% de cobertura de esgoto e reduzir as perdas para 25%.<\/span><\/p>\n<p style=\"text-align: justify;\"><span style=\"font-size: 14pt; font-family: arial, helvetica, sans-serif;\">O prefeito de Gravat\u00e1, Padre Joselito, elogiou a nova rela\u00e7\u00e3o entre o Estado e os munic\u00edpios. \u201c\u00c1gua \u00e9 vida, saneamento b\u00e1sico e sa\u00fade, e nossos munic\u00edpios precisam avan\u00e7ar nesse quesito. O Governo de Pernambuco tem trabalhado para corresponder \u00e0s necessidades da popula\u00e7\u00e3o em cada munic\u00edpio\u201d, disse. J\u00e1 Corrinha de Geomarco, prefeita de Dormentes, ressaltou os resultados alcan\u00e7ados pela gest\u00e3o. \u201cEstamos vendo resultados do Litoral ao\u00a0 Sert\u00e3o. N\u00f3s acreditamos que isso vai solucionar o problema de quem tem a dificuldade com a falta de \u00e1gua, como n\u00f3s\u201d, acrescentou.<\/span><\/p>\n<p style=\"text-align: justify;\"><span style=\"font-size: 14pt; font-family: arial, helvetica, sans-serif;\">Estiveram presentes na solenidade os secret\u00e1rios estaduais T\u00falio Vila\u00e7a (Casa Civil) e Andr\u00e9 Teixeira Filho (Mobilidade e Infraestrutura); os secret\u00e1rios executivos de Recursos H\u00eddricos, Artur Coutinho e Marcelo Asfora; al\u00e9m de gestores municipais de todas as regi\u00f5es do Estado.<\/span><\/p>\n","protected":false},"excerpt":{"rendered":"<p>Durante a primeira Assembleia Geral Extraordin&aacute;ria da Associa&ccedil;&atilde;o Municipalista de Pernambuco (Amupe) do ano, nesta ter&ccedil;a-feira (20), a governadora Raquel Lyra refor&ccedil;ou a import&acirc;ncia do di&aacute;logo com as prefeituras para a constru&ccedil;&atilde;o do modelo de concess&atilde;o parcial da Companhia Pernambucana de Saneamento (Compesa) e assegurou o repasse de R$ 1,4 bilh&atilde;o dos recursos da outorga aos munic&iacute;pios. No evento, que reuniu gestores municipais de todas as regi&otilde;es do Estado, a chefe do Executivo estadual tamb&eacute;m apresentou o balan&ccedil;o dos avan&ccedil;os conquistados pela gest&atilde;o no &uacute;ltimo ano e quais os principais focos para este ano. &ldquo;Hoje viemos conversar com os prefeitos &#8230; <\/p>\n<p class=\"read-more-container\"><a title=\"Raquel Lyra assegura R$ 1,4 bilh\u00e3o para munic\u00edpios com concess\u00e3o da Compesa\" class=\"read-more button\" href=\"https:\/\/blogdojuniorcavalcanti.com.br\/index.php\/2026\/01\/21\/raquel-lyra-assegura-r-14-bilhao-para-municipios-com-concessao-da-compesa\/#more-52348\" aria-label=\"More on Raquel Lyra assegura R$ 1,4 bilh\u00e3o para munic\u00edpios com concess\u00e3o da Compesa\">Leia mais<\/a><\/p>\n","protected":false},"author":2,"featured_media":52349,"comment_status":"open","ping_status":"open","sticky":false,"template":"","format":"standard","meta":{"footnotes":""},"categories":[25],"tags":[],"class_list":["post-52348","post","type-post","status-publish","format-standard","has-post-thumbnail","hentry","category-destaque","resize-featured-image"],"_links":{"self":[{"href":"https:\/\/blogdojuniorcavalcanti.com.br\/index.php\/wp-json\/wp\/v2\/posts\/52348","targetHints":{"allow":["GET"]}}],"collection":[{"href":"https:\/\/blogdojuniorcavalcanti.com.br\/index.php\/wp-json\/wp\/v2\/posts"}],"about":[{"href":"https:\/\/blogdojuniorcavalcanti.com.br\/index.php\/wp-json\/wp\/v2\/types\/post"}],"author":[{"embeddable":true,"href":"https:\/\/blogdojuniorcavalcanti.com.br\/index.php\/wp-json\/wp\/v2\/users\/2"}],"replies":[{"embeddable":true,"href":"https:\/\/blogdojuniorcavalcanti.com.br\/index.php\/wp-json\/wp\/v2\/comments?post=52348"}],"version-history":[{"count":1,"href":"https:\/\/blogdojuniorcavalcanti.com.br\/index.php\/wp-json\/wp\/v2\/posts\/52348\/revisions"}],"predecessor-version":[{"id":52350,"href":"https:\/\/blogdojuniorcavalcanti.com.br\/index.php\/wp-json\/wp\/v2\/posts\/52348\/revisions\/52350"}],"wp:featuredmedia":[{"embeddable":true,"href":"https:\/\/blogdojuniorcavalcanti.com.br\/index.php\/wp-json\/wp\/v2\/media\/52349"}],"wp:attachment":[{"href":"https:\/\/blogdojuniorcavalcanti.com.br\/index.php\/wp-json\/wp\/v2\/media?parent=52348"}],"wp:term":[{"taxonomy":"category","embeddable":true,"href":"https:\/\/blogdojuniorcavalcanti.com.br\/index.php\/wp-json\/wp\/v2\/categories?post=52348"},{"taxonomy":"post_tag","embeddable":true,"href":"https:\/\/blogdojuniorcavalcanti.com.br\/index.php\/wp-json\/wp\/v2\/tags?post=52348"}],"curies":[{"name":"wp","href":"https:\/\/api.w.org\/{rel}","templated":true}]}}