{"id":52399,"date":"2026-01-22T01:00:12","date_gmt":"2026-01-22T04:00:12","guid":{"rendered":"https:\/\/blogdojuniorcavalcanti.com.br\/?p=52399"},"modified":"2026-01-21T18:51:01","modified_gmt":"2026-01-21T21:51:01","slug":"ingazeira-e-destaque-nacional-na-alfabetizacao-e-conquista-selo-ouro-no-programa-crianca-alfabetizada","status":"publish","type":"post","link":"https:\/\/blogdojuniorcavalcanti.com.br\/index.php\/2026\/01\/22\/ingazeira-e-destaque-nacional-na-alfabetizacao-e-conquista-selo-ouro-no-programa-crianca-alfabetizada\/","title":{"rendered":"Ingazeira \u00e9 destaque nacional na alfabetiza\u00e7\u00e3o e conquista selo Ouro no programa Crian\u00e7a Alfabetizada"},"content":{"rendered":"<p style=\"text-align: justify;\"><span style=\"font-size: 14pt; font-family: arial, helvetica, sans-serif;\">O munic\u00edpio de Ingazeira conquistou o selo Ouro no Compromisso Nacional Crian\u00e7a Alfabetizada, programa do Governo Federal que reconhece os esfor\u00e7os de redes municipais de ensino que garantem o direito \u00e0 alfabetiza\u00e7\u00e3o na idade certa.<\/span><\/p>\n<p style=\"text-align: justify;\"><span style=\"font-size: 14pt; font-family: arial, helvetica, sans-serif;\">A conquista foi celebrada pelo prefeito Luciano Torres, que destacou a import\u00e2ncia do investimento cont\u00ednuo na educa\u00e7\u00e3o b\u00e1sica:<\/span><br \/>\n<span style=\"font-size: 14pt; font-family: arial, helvetica, sans-serif;\">\u201cEsse reconhecimento \u00e9 fruto de um trabalho s\u00e9rio e comprometido com o futuro das nossas crian\u00e7as. Ingazeira segue avan\u00e7ando, com foco na qualidade do ensino e no fortalecimento da nossa rede p\u00fablica\u201d, afirmou o gestor.<\/span><\/p>\n<p style=\"text-align: justify;\"><span style=\"font-size: 14pt; font-family: arial, helvetica, sans-serif;\">A secret\u00e1ria municipal de Educa\u00e7\u00e3o, ELizandra Veras, tamb\u00e9m comemorou o resultado:<\/span><br \/>\n<span style=\"font-size: 14pt; font-family: arial, helvetica, sans-serif;\">\u201cEsse selo \u00e9 reflexo do empenho dos nossos professores, coordenadores, gestores escolares e de toda a equipe da Secretaria de Educa\u00e7\u00e3o. Estamos muito felizes com essa conquista que refor\u00e7a nosso compromisso com uma educa\u00e7\u00e3o p\u00fablica de qualidade\u201d, disse.<\/span><\/p>\n","protected":false},"excerpt":{"rendered":"<p>O munic&iacute;pio de Ingazeira conquistou o selo Ouro no Compromisso Nacional Crian&ccedil;a Alfabetizada, programa do Governo Federal que reconhece os esfor&ccedil;os de redes municipais de ensino que garantem o direito &agrave; alfabetiza&ccedil;&atilde;o na idade certa. A conquista foi celebrada pelo prefeito Luciano Torres, que destacou a import&acirc;ncia do investimento cont&iacute;nuo na educa&ccedil;&atilde;o b&aacute;sica: &ldquo;Esse reconhecimento &eacute; fruto de um trabalho s&eacute;rio e comprometido com o futuro das nossas crian&ccedil;as. Ingazeira segue avan&ccedil;ando, com foco na qualidade do ensino e no fortalecimento da nossa rede p&uacute;blica&rdquo;, afirmou o gestor. A secret&aacute;ria municipal de Educa&ccedil;&atilde;o, ELizandra Veras, tamb&eacute;m comemorou o resultado: &ldquo;Esse &#8230; <\/p>\n<p class=\"read-more-container\"><a title=\"Ingazeira \u00e9 destaque nacional na alfabetiza\u00e7\u00e3o e conquista selo Ouro no programa Crian\u00e7a Alfabetizada\" class=\"read-more button\" href=\"https:\/\/blogdojuniorcavalcanti.com.br\/index.php\/2026\/01\/22\/ingazeira-e-destaque-nacional-na-alfabetizacao-e-conquista-selo-ouro-no-programa-crianca-alfabetizada\/#more-52399\" aria-label=\"More on Ingazeira \u00e9 destaque nacional na alfabetiza\u00e7\u00e3o e conquista selo Ouro no programa Crian\u00e7a Alfabetizada\">Leia mais<\/a><\/p>\n","protected":false},"author":2,"featured_media":52400,"comment_status":"open","ping_status":"open","sticky":false,"template":"","format":"standard","meta":{"footnotes":""},"categories":[25],"tags":[],"class_list":["post-52399","post","type-post","status-publish","format-standard","has-post-thumbnail","hentry","category-destaque","resize-featured-image"],"_links":{"self":[{"href":"https:\/\/blogdojuniorcavalcanti.com.br\/index.php\/wp-json\/wp\/v2\/posts\/52399","targetHints":{"allow":["GET"]}}],"collection":[{"href":"https:\/\/blogdojuniorcavalcanti.com.br\/index.php\/wp-json\/wp\/v2\/posts"}],"about":[{"href":"https:\/\/blogdojuniorcavalcanti.com.br\/index.php\/wp-json\/wp\/v2\/types\/post"}],"author":[{"embeddable":true,"href":"https:\/\/blogdojuniorcavalcanti.com.br\/index.php\/wp-json\/wp\/v2\/users\/2"}],"replies":[{"embeddable":true,"href":"https:\/\/blogdojuniorcavalcanti.com.br\/index.php\/wp-json\/wp\/v2\/comments?post=52399"}],"version-history":[{"count":1,"href":"https:\/\/blogdojuniorcavalcanti.com.br\/index.php\/wp-json\/wp\/v2\/posts\/52399\/revisions"}],"predecessor-version":[{"id":52401,"href":"https:\/\/blogdojuniorcavalcanti.com.br\/index.php\/wp-json\/wp\/v2\/posts\/52399\/revisions\/52401"}],"wp:featuredmedia":[{"embeddable":true,"href":"https:\/\/blogdojuniorcavalcanti.com.br\/index.php\/wp-json\/wp\/v2\/media\/52400"}],"wp:attachment":[{"href":"https:\/\/blogdojuniorcavalcanti.com.br\/index.php\/wp-json\/wp\/v2\/media?parent=52399"}],"wp:term":[{"taxonomy":"category","embeddable":true,"href":"https:\/\/blogdojuniorcavalcanti.com.br\/index.php\/wp-json\/wp\/v2\/categories?post=52399"},{"taxonomy":"post_tag","embeddable":true,"href":"https:\/\/blogdojuniorcavalcanti.com.br\/index.php\/wp-json\/wp\/v2\/tags?post=52399"}],"curies":[{"name":"wp","href":"https:\/\/api.w.org\/{rel}","templated":true}]}}