{"id":52412,"date":"2026-01-22T08:31:12","date_gmt":"2026-01-22T11:31:12","guid":{"rendered":"https:\/\/blogdojuniorcavalcanti.com.br\/?p=52412"},"modified":"2026-01-22T08:31:12","modified_gmt":"2026-01-22T11:31:12","slug":"tce-pe-determina-que-detran-realize-estudos-para-novo-concurso-publico","status":"publish","type":"post","link":"https:\/\/blogdojuniorcavalcanti.com.br\/index.php\/2026\/01\/22\/tce-pe-determina-que-detran-realize-estudos-para-novo-concurso-publico\/","title":{"rendered":"TCE-PE determina que Detran realize estudos para novo concurso p\u00fablico"},"content":{"rendered":"<p style=\"text-align: justify;\" data-path-to-node=\"3\"><span style=\"font-size: 14pt; font-family: arial, helvetica, sans-serif;\"><em><strong>Auditoria especial aponta depend\u00eancia excessiva de terceirizados em \u00e1reas estrat\u00e9gicas e exige substitui\u00e7\u00e3o por servidores de carreira<\/strong><\/em><\/span><\/p>\n<p style=\"text-align: justify;\" data-path-to-node=\"4\"><span style=\"font-size: 14pt; font-family: arial, helvetica, sans-serif;\">Uma decis\u00e3o un\u00e2nime da Segunda C\u00e2mara do Tribunal de Contas de Pernambuco (TCE-PE) acendeu o sinal de alerta para a atual gest\u00e3o do Detran-PE e uma luz de esperan\u00e7a para os concurseiros do estado. Ao analisar o processo eTCEPE n\u00ba 22100901-2, o Tribunal recomendou formalmente que a autarquia realize estudos para a cria\u00e7\u00e3o de cargos efetivos e a consequente abertura de concurso p\u00fablico.<\/span><\/p>\n<p style=\"text-align: justify;\" data-path-to-node=\"5\"><span style=\"font-size: 14pt; font-family: arial, helvetica, sans-serif;\">A medida faz parte de um conjunto de determina\u00e7\u00f5es da auditoria de conformidade referente ao exerc\u00edcio de 2022. O foco principal do Tribunal \u00e9 profissionalizar a gest\u00e3o e garantir que fun\u00e7\u00f5es vitais para o funcionamento do \u00f3rg\u00e3o sejam exercidas por servidores aprovados em certame, e n\u00e3o por pessoal terceirizado.<\/span><\/p>\n<h3 style=\"text-align: justify;\" data-path-to-node=\"6\"><span style=\"font-size: 14pt; font-family: arial, helvetica, sans-serif;\">O fim da \u201cterceiriza\u00e7\u00e3o estrat\u00e9gica\u201d<\/span><\/h3>\n<p style=\"text-align: justify;\" data-path-to-node=\"7\"><span style=\"font-size: 14pt; font-family: arial, helvetica, sans-serif;\">O relat\u00f3rio t\u00e9cnico aprovado pelos conselheiros aponta que o Detran-PE possui uma depend\u00eancia preocupante de empresas terceirizadas para gerenciar setores sens\u00edveis. O TCE-PE foi enf\u00e1tico ao exigir que o \u00f3rg\u00e3o elabore um plano para diminuir essa pr\u00e1tica, especialmente em fun\u00e7\u00f5es estrat\u00e9gicas que n\u00e3o deveriam estar sob comando de m\u00e3o de obra externa.<\/span><\/p>\n<p style=\"text-align: justify;\" data-path-to-node=\"8\"><span style=\"font-size: 14pt; font-family: arial, helvetica, sans-serif;\">Para viabilizar o novo concurso, o Tribunal determinou as seguintes etapas:<\/span><\/p>\n<ul style=\"text-align: justify;\" data-path-to-node=\"9\">\n<li>\n<p data-path-to-node=\"9,0,0\"><span style=\"font-size: 14pt; font-family: arial, helvetica, sans-serif;\"><b data-path-to-node=\"9,0,0\" data-index-in-node=\"0\">Avalia\u00e7\u00e3o de pessoal:\u00a0<\/b>realiza\u00e7\u00e3o\u00a0de um diagn\u00f3stico quantitativo e qualitativo dos colaboradores atuais da \u00e1rea de Tecnologia da Informa\u00e7\u00e3o (TI).<\/span><\/p>\n<\/li>\n<li>\n<p data-path-to-node=\"9,1,0\"><span style=\"font-size: 14pt; font-family: arial, helvetica, sans-serif;\"><b data-path-to-node=\"9,1,0\" data-index-in-node=\"0\">Identifica\u00e7\u00e3o de car\u00eancias:\u00a0<\/b>mapeamento\u00a0exato de quantos profissionais s\u00e3o necess\u00e1rios para que o Detran gerencie suas pr\u00f3prias atividades sem socorro externo.<\/span><\/p>\n<\/li>\n<li>\n<p data-path-to-node=\"9,2,0\"><span style=\"font-size: 14pt; font-family: arial, helvetica, sans-serif;\"><b data-path-to-node=\"9,2,0\" data-index-in-node=\"0\">Cria\u00e7\u00e3o de vagas:\u00a0<\/b>elabora\u00e7\u00e3o\u00a0de projetos de lei para criar cargos de provimento efetivo em \u00e1reas onde hoje h\u00e1 vazio de servidores concursados.<\/span><\/p>\n<\/li>\n<\/ul>\n<h3 style=\"text-align: justify;\" data-path-to-node=\"10\"><span style=\"font-size: 14pt; font-family: arial, helvetica, sans-serif;\">\u00c1reas com maior necessidade de pessoal<\/span><\/h3>\n<p style=\"text-align: justify;\" data-path-to-node=\"11\"><span style=\"font-size: 14pt; font-family: arial, helvetica, sans-serif;\">A auditoria identificou que o \u201capag\u00e3o\u201d de servidores p\u00fablicos \u00e9 mais cr\u00edtico nos setores de tecnologia e prote\u00e7\u00e3o de dados. Segundo as recomenda\u00e7\u00f5es, o futuro concurso dever\u00e1 priorizar vagas para:<\/span><\/p>\n<ol style=\"text-align: justify;\" start=\"1\" data-path-to-node=\"12\">\n<li>\n<p data-path-to-node=\"12,0,0\"><span style=\"font-size: 14pt; font-family: arial, helvetica, sans-serif;\"><b data-path-to-node=\"12,0,0\" data-index-in-node=\"0\">Seguran\u00e7a da Informa\u00e7\u00e3o:<\/b>\u00a0Profissionais para blindar os dados dos usu\u00e1rios contra ataques.<\/span><\/p>\n<\/li>\n<li>\n<p data-path-to-node=\"12,1,0\"><span style=\"font-size: 14pt; font-family: arial, helvetica, sans-serif;\"><b data-path-to-node=\"12,1,0\" data-index-in-node=\"0\">An\u00e1lise de Neg\u00f3cios:<\/b>\u00a0Especialistas para gerir processos internos da autarquia.<\/span><\/p>\n<\/li>\n<li>\n<p data-path-to-node=\"12,2,0\"><span style=\"font-size: 14pt; font-family: arial, helvetica, sans-serif;\"><b data-path-to-node=\"12,2,0\" data-index-in-node=\"0\">Administra\u00e7\u00e3o de Banco de Dados:<\/b>\u00a0Servidores respons\u00e1veis pelo controle das informa\u00e7\u00f5es de ve\u00edculos e condutores.<\/span><\/p>\n<\/li>\n<li>\n<p data-path-to-node=\"12,3,0\"><span style=\"font-size: 14pt; font-family: arial, helvetica, sans-serif;\"><b data-path-to-node=\"12,3,0\" data-index-in-node=\"0\">Prote\u00e7\u00e3o de Dados:<\/b>\u00a0Designa\u00e7\u00e3o de um encarregado formal para gerenciar a pol\u00edtica local de privacidade (LGPD).<\/span><\/p>\n<\/li>\n<\/ol>\n<p style=\"text-align: justify;\" data-path-to-node=\"14\"><span style=\"font-size: 14pt; font-family: arial, helvetica, sans-serif;\">A atual gest\u00e3o do Detran-PE, ou quem vier a suced\u00ea-la, deve agora apresentar cronogramas e planos de a\u00e7\u00e3o ao Tribunal de Contas para comprovar que as medidas est\u00e3o sendo tomadas. O descumprimento dessas recomenda\u00e7\u00f5es pode gerar multas e comprometer o julgamento de contas futuras dos gestores.<\/span><\/p>\n","protected":false},"excerpt":{"rendered":"<p>Auditoria especial aponta depend&ecirc;ncia excessiva de terceirizados em &aacute;reas estrat&eacute;gicas e exige substitui&ccedil;&atilde;o por servidores de carreira Uma decis&atilde;o un&acirc;nime da Segunda C&acirc;mara do Tribunal de Contas de Pernambuco (TCE-PE) acendeu o sinal de alerta para a atual gest&atilde;o do Detran-PE e uma luz de esperan&ccedil;a para os concurseiros do estado. Ao analisar o processo eTCEPE n&ordm; 22100901-2, o Tribunal recomendou formalmente que a autarquia realize estudos para a cria&ccedil;&atilde;o de cargos efetivos e a consequente abertura de concurso p&uacute;blico. A medida faz parte de um conjunto de determina&ccedil;&otilde;es da auditoria de conformidade referente ao exerc&iacute;cio de 2022. O foco &#8230; <\/p>\n<p class=\"read-more-container\"><a title=\"TCE-PE determina que Detran realize estudos para novo concurso p\u00fablico\" class=\"read-more button\" href=\"https:\/\/blogdojuniorcavalcanti.com.br\/index.php\/2026\/01\/22\/tce-pe-determina-que-detran-realize-estudos-para-novo-concurso-publico\/#more-52412\" aria-label=\"More on TCE-PE determina que Detran realize estudos para novo concurso p\u00fablico\">Leia mais<\/a><\/p>\n","protected":false},"author":2,"featured_media":52413,"comment_status":"open","ping_status":"open","sticky":false,"template":"","format":"standard","meta":{"footnotes":""},"categories":[38],"tags":[],"class_list":["post-52412","post","type-post","status-publish","format-standard","has-post-thumbnail","hentry","category-pernambuco","resize-featured-image"],"_links":{"self":[{"href":"https:\/\/blogdojuniorcavalcanti.com.br\/index.php\/wp-json\/wp\/v2\/posts\/52412","targetHints":{"allow":["GET"]}}],"collection":[{"href":"https:\/\/blogdojuniorcavalcanti.com.br\/index.php\/wp-json\/wp\/v2\/posts"}],"about":[{"href":"https:\/\/blogdojuniorcavalcanti.com.br\/index.php\/wp-json\/wp\/v2\/types\/post"}],"author":[{"embeddable":true,"href":"https:\/\/blogdojuniorcavalcanti.com.br\/index.php\/wp-json\/wp\/v2\/users\/2"}],"replies":[{"embeddable":true,"href":"https:\/\/blogdojuniorcavalcanti.com.br\/index.php\/wp-json\/wp\/v2\/comments?post=52412"}],"version-history":[{"count":1,"href":"https:\/\/blogdojuniorcavalcanti.com.br\/index.php\/wp-json\/wp\/v2\/posts\/52412\/revisions"}],"predecessor-version":[{"id":52414,"href":"https:\/\/blogdojuniorcavalcanti.com.br\/index.php\/wp-json\/wp\/v2\/posts\/52412\/revisions\/52414"}],"wp:featuredmedia":[{"embeddable":true,"href":"https:\/\/blogdojuniorcavalcanti.com.br\/index.php\/wp-json\/wp\/v2\/media\/52413"}],"wp:attachment":[{"href":"https:\/\/blogdojuniorcavalcanti.com.br\/index.php\/wp-json\/wp\/v2\/media?parent=52412"}],"wp:term":[{"taxonomy":"category","embeddable":true,"href":"https:\/\/blogdojuniorcavalcanti.com.br\/index.php\/wp-json\/wp\/v2\/categories?post=52412"},{"taxonomy":"post_tag","embeddable":true,"href":"https:\/\/blogdojuniorcavalcanti.com.br\/index.php\/wp-json\/wp\/v2\/tags?post=52412"}],"curies":[{"name":"wp","href":"https:\/\/api.w.org\/{rel}","templated":true}]}}