{"id":52468,"date":"2026-01-24T12:21:21","date_gmt":"2026-01-24T15:21:21","guid":{"rendered":"https:\/\/blogdojuniorcavalcanti.com.br\/?p=52468"},"modified":"2026-01-24T12:21:21","modified_gmt":"2026-01-24T15:21:21","slug":"fim-do-cheque-em-branco-mppe-exige-que-municipios-identifiquem-padrinhos-de-emendas","status":"publish","type":"post","link":"https:\/\/blogdojuniorcavalcanti.com.br\/index.php\/2026\/01\/24\/fim-do-cheque-em-branco-mppe-exige-que-municipios-identifiquem-padrinhos-de-emendas\/","title":{"rendered":"Fim do cheque em branco: MPPE exige que munic\u00edpios identifiquem padrinhos de emendas"},"content":{"rendered":"<p style=\"text-align: justify;\" data-path-to-node=\"4\"><span style=\"font-size: 14pt; font-family: arial, helvetica, sans-serif;\">O Minist\u00e9rio P\u00fablico de Pernambuco (MPPE) subiu o tom contra a falta de transpar\u00eancia nos gastos p\u00fablicos. Em uma ofensiva coordenada, o \u00f3rg\u00e3o tem emitido recomenda\u00e7\u00f5es e instaurado procedimentos administrativos que atingem todas as prefeituras e c\u00e2maras municipais do estado. O objetivo \u00e9 claro: for\u00e7ar o cumprimento da decis\u00e3o do STF (ADPF 854) que exige o rastreamento total das emendas parlamentares, as famosas verbas que, muitas vezes, somem em contas gen\u00e9ricas sem deixar rastro do padrinho pol\u00edtico ou do destino final.<\/span><\/p>\n<p style=\"text-align: justify;\" data-path-to-node=\"5\"><span style=\"font-size: 14pt; font-family: arial, helvetica, sans-serif;\">A determina\u00e7\u00e3o \u00e9 dr\u00e1stica: as prefeituras devem interromper imediatamente a execu\u00e7\u00e3o de novas emendas em 2026 at\u00e9 que provem, perante o Tribunal de Contas (TCE) e o pr\u00f3prio MPPE, que possuem sistemas capazes de mostrar quem indicou o recurso, quanto foi pago e quem realmente recebeu o dinheiro.<\/span><\/p>\n<p style=\"text-align: justify;\" data-path-to-node=\"6\"><span style=\"font-size: 14pt; font-family: arial, helvetica, sans-serif;\">Blindagem contra o \u201cor\u00e7amento secreto\u201d<\/span><\/p>\n<p style=\"text-align: justify;\" data-path-to-node=\"7\"><span style=\"font-size: 14pt; font-family: arial, helvetica, sans-serif;\">A medida ataca diretamente as chamadas \u201cemendas PIX\u201d, onde o dinheiro ca\u00eda nas contas das prefeituras sem plano de trabalho ou fiscaliza\u00e7\u00e3o pr\u00e9via. Agora, para todos os munic\u00edpios pernambucanos, o MPPE estabelece regras r\u00edgidas:<\/span><\/p>\n<ul style=\"text-align: justify;\" data-path-to-node=\"8\">\n<li>\n<p data-path-to-node=\"8,0,0\"><span style=\"font-size: 14pt; font-family: arial, helvetica, sans-serif;\"><b data-path-to-node=\"8,0,0\" data-index-in-node=\"0\">Proibi\u00e7\u00e3o de Saques em Esp\u00e9cie:<\/b>\u00a0Ficam vedados saques \u201cna boca do caixa\u201d ou o uso de contas de passagem. O dinheiro deve ser movimentado eletronicamente para garantir a rastreabilidade.<\/span><\/p>\n<\/li>\n<li>\n<p data-path-to-node=\"8,1,0\"><span style=\"font-size: 14pt; font-family: arial, helvetica, sans-serif;\"><b data-path-to-node=\"8,1,0\" data-index-in-node=\"0\">Plataformas Digitais:<\/b>\u00a0Os munic\u00edpios devem adotar sistemas que repliquem a transpar\u00eancia do\u00a0<i data-path-to-node=\"8,1,0\" data-index-in-node=\"91\">Transferegov.br<\/i>, detalhando o n\u00famero da emenda, o parlamentar proponente e o objeto da despesa.<\/span><\/p>\n<\/li>\n<li>\n<p data-path-to-node=\"8,2,0\"><span style=\"font-size: 14pt; font-family: arial, helvetica, sans-serif;\"><b data-path-to-node=\"8,2,0\" data-index-in-node=\"0\">Plano de A\u00e7\u00e3o Urgente:<\/b>\u00a0Gestores t\u00eam at\u00e9 o dia\u00a0<b data-path-to-node=\"8,2,0\" data-index-in-node=\"46\">28 de fevereiro de 2026<\/b>\u00a0para apresentar um diagn\u00f3stico completo de seus portais de transpar\u00eancia e um cronograma de adequa\u00e7\u00e3o.<\/span><\/p>\n<\/li>\n<\/ul>\n<p style=\"text-align: justify;\" data-path-to-node=\"9\"><span style=\"font-size: 14pt; font-family: arial, helvetica, sans-serif;\"><strong>Democracia e controle social<\/strong><\/span><\/p>\n<p style=\"text-align: justify;\" data-path-to-node=\"10\"><span style=\"font-size: 14pt; font-family: arial, helvetica, sans-serif;\">Para o Minist\u00e9rio P\u00fablico, a transpar\u00eancia n\u00e3o \u00e9 apenas um detalhe burocr\u00e1tico, mas uma ferramenta de defesa da democracia contra a corrup\u00e7\u00e3o e o fisiologismo. Al\u00e9m do controle financeiro, o MPPE exige que as C\u00e2maras de Vereadores informem se realizam audi\u00eancias p\u00fablicas para debater o uso dessas verbas.<\/span><\/p>\n<p style=\"text-align: justify;\" data-path-to-node=\"11,0\"><span style=\"font-size: 14pt; font-family: arial, helvetica, sans-serif;\">\u201cA execu\u00e7\u00e3o de emendas sem rastreabilidade \u2018ponta a ponta\u2019 fere o princ\u00edpio constitucional da publicidade e impede que a sociedade exer\u00e7a seu direito de fiscalizar o poder p\u00fablico\u201d, destaca o texto das portarias.<\/span><\/p>\n<p style=\"text-align: justify;\" data-path-to-node=\"12\"><span style=\"font-size: 14pt; font-family: arial, helvetica, sans-serif;\">A ofensiva tamb\u00e9m mira as entidades do terceiro setor. Os prefeitos agora s\u00e3o obrigados a justificar publicamente a escolha de ONGs ou associa\u00e7\u00f5es beneficiadas, mesmo quando n\u00e3o houver chamamento p\u00fablico, acabando com os favorecimentos pol\u00edticos \u201centre amigos\u201d pagos com o dinheiro do contribuinte.<\/span><\/p>\n<p style=\"text-align: justify;\" data-path-to-node=\"12\"><span style=\"font-size: 14pt; font-family: arial, helvetica, sans-serif;\"><strong>Tabela: O que muda na fiscaliza\u00e7\u00e3o das prefeituras<\/strong><\/span><\/p>\n<div class=\"horizontal-scroll-wrapper\">\n<div class=\"table-block-component\">\n<div class=\"table-block has-export-button\">\n<div class=\"table-content not-end-of-paragraph\" data-hveid=\"0\" data-ved=\"0CAAQ3ecQahgKEwiQ0dqa8qOSAxUAAAAAHQAAAAAQqgI\">\n<table data-path-to-node=\"15\">\n<thead>\n<tr>\n<td><span style=\"font-size: 14pt; font-family: arial, helvetica, sans-serif;\" data-path-to-node=\"15,0,0,0\">Medida Anterior<\/span><\/td>\n<td><span style=\"font-size: 14pt; font-family: arial, helvetica, sans-serif;\" data-path-to-node=\"15,0,1,0\">Nova Exig\u00eancia do MPPE<\/span><\/td>\n<\/tr>\n<\/thead>\n<tbody>\n<tr style=\"text-align: justify;\">\n<td><span style=\"font-size: 14pt; font-family: arial, helvetica, sans-serif;\" data-path-to-node=\"15,1,0,0\">Repasses diretos (\u201cEmenda PIX\u201d)<\/span><\/td>\n<td><span style=\"font-size: 14pt; font-family: arial, helvetica, sans-serif;\" data-path-to-node=\"15,1,1,0\">Obrigatoriedade de plano de trabalho e conta espec\u00edfica<\/span><\/td>\n<\/tr>\n<tr style=\"text-align: justify;\">\n<td><span style=\"font-size: 14pt; font-family: arial, helvetica, sans-serif;\" data-path-to-node=\"15,2,0,0\">Movimenta\u00e7\u00e3o obscura<\/span><\/td>\n<td><span style=\"font-size: 14pt; font-family: arial, helvetica, sans-serif;\" data-path-to-node=\"15,2,1,0\">Veda\u00e7\u00e3o total de saques em esp\u00e9cie e contas de passagem<\/span><\/td>\n<\/tr>\n<tr style=\"text-align: justify;\">\n<td><span style=\"font-size: 14pt; font-family: arial, helvetica, sans-serif;\" data-path-to-node=\"15,3,0,0\">Falta de autoria<\/span><\/td>\n<td><span style=\"font-size: 14pt; font-family: arial, helvetica, sans-serif;\" data-path-to-node=\"15,3,1,0\">Identifica\u00e7\u00e3o obrigat\u00f3ria do parlamentar proponente no portal<\/span><\/td>\n<\/tr>\n<tr>\n<td style=\"text-align: justify;\"><span style=\"font-size: 14pt; font-family: arial, helvetica, sans-serif;\" data-path-to-node=\"15,4,0,0\">Execu\u00e7\u00e3o livre em 2026<\/span><\/td>\n<td style=\"text-align: justify;\"><span style=\"font-size: 14pt; font-family: arial, helvetica, sans-serif;\" data-path-to-node=\"15,4,1,0\">Bloqueio da execu\u00e7\u00e3o at\u00e9 comprova\u00e7\u00e3o de transpar\u00eancia ao TCE<\/span><\/td>\n<\/tr>\n<\/tbody>\n<\/table>\n<\/div>\n<\/div>\n<\/div>\n<\/div>\n","protected":false},"excerpt":{"rendered":"<p>O Minist&eacute;rio P&uacute;blico de Pernambuco (MPPE) subiu o tom contra a falta de transpar&ecirc;ncia nos gastos p&uacute;blicos. Em uma ofensiva coordenada, o &oacute;rg&atilde;o tem emitido recomenda&ccedil;&otilde;es e instaurado procedimentos administrativos que atingem todas as prefeituras e c&acirc;maras municipais do estado. O objetivo &eacute; claro: for&ccedil;ar o cumprimento da decis&atilde;o do STF (ADPF 854) que exige o rastreamento total das emendas parlamentares, as famosas verbas que, muitas vezes, somem em contas gen&eacute;ricas sem deixar rastro do padrinho pol&iacute;tico ou do destino final. A determina&ccedil;&atilde;o &eacute; dr&aacute;stica: as prefeituras devem interromper imediatamente a execu&ccedil;&atilde;o de novas emendas em 2026 at&eacute; que provem, &#8230; <\/p>\n<p class=\"read-more-container\"><a title=\"Fim do cheque em branco: MPPE exige que munic\u00edpios identifiquem padrinhos de emendas\" class=\"read-more button\" href=\"https:\/\/blogdojuniorcavalcanti.com.br\/index.php\/2026\/01\/24\/fim-do-cheque-em-branco-mppe-exige-que-municipios-identifiquem-padrinhos-de-emendas\/#more-52468\" aria-label=\"More on Fim do cheque em branco: MPPE exige que munic\u00edpios identifiquem padrinhos de emendas\">Leia mais<\/a><\/p>\n","protected":false},"author":2,"featured_media":52469,"comment_status":"open","ping_status":"open","sticky":false,"template":"","format":"standard","meta":{"footnotes":""},"categories":[25],"tags":[],"class_list":["post-52468","post","type-post","status-publish","format-standard","has-post-thumbnail","hentry","category-destaque","resize-featured-image"],"_links":{"self":[{"href":"https:\/\/blogdojuniorcavalcanti.com.br\/index.php\/wp-json\/wp\/v2\/posts\/52468","targetHints":{"allow":["GET"]}}],"collection":[{"href":"https:\/\/blogdojuniorcavalcanti.com.br\/index.php\/wp-json\/wp\/v2\/posts"}],"about":[{"href":"https:\/\/blogdojuniorcavalcanti.com.br\/index.php\/wp-json\/wp\/v2\/types\/post"}],"author":[{"embeddable":true,"href":"https:\/\/blogdojuniorcavalcanti.com.br\/index.php\/wp-json\/wp\/v2\/users\/2"}],"replies":[{"embeddable":true,"href":"https:\/\/blogdojuniorcavalcanti.com.br\/index.php\/wp-json\/wp\/v2\/comments?post=52468"}],"version-history":[{"count":1,"href":"https:\/\/blogdojuniorcavalcanti.com.br\/index.php\/wp-json\/wp\/v2\/posts\/52468\/revisions"}],"predecessor-version":[{"id":52470,"href":"https:\/\/blogdojuniorcavalcanti.com.br\/index.php\/wp-json\/wp\/v2\/posts\/52468\/revisions\/52470"}],"wp:featuredmedia":[{"embeddable":true,"href":"https:\/\/blogdojuniorcavalcanti.com.br\/index.php\/wp-json\/wp\/v2\/media\/52469"}],"wp:attachment":[{"href":"https:\/\/blogdojuniorcavalcanti.com.br\/index.php\/wp-json\/wp\/v2\/media?parent=52468"}],"wp:term":[{"taxonomy":"category","embeddable":true,"href":"https:\/\/blogdojuniorcavalcanti.com.br\/index.php\/wp-json\/wp\/v2\/categories?post=52468"},{"taxonomy":"post_tag","embeddable":true,"href":"https:\/\/blogdojuniorcavalcanti.com.br\/index.php\/wp-json\/wp\/v2\/tags?post=52468"}],"curies":[{"name":"wp","href":"https:\/\/api.w.org\/{rel}","templated":true}]}}