{"id":52638,"date":"2026-01-29T07:48:48","date_gmt":"2026-01-29T10:48:48","guid":{"rendered":"https:\/\/blogdojuniorcavalcanti.com.br\/?p=52638"},"modified":"2026-01-29T07:48:48","modified_gmt":"2026-01-29T10:48:48","slug":"falta-documentacao-de-muitos-beneficiarios-diz-secretaria-sobre-energia-no-vanete-almeida","status":"publish","type":"post","link":"https:\/\/blogdojuniorcavalcanti.com.br\/index.php\/2026\/01\/29\/falta-documentacao-de-muitos-beneficiarios-diz-secretaria-sobre-energia-no-vanete-almeida\/","title":{"rendered":"\u2018Falta documenta\u00e7\u00e3o de muitos benefici\u00e1rios\u2019, diz Secretaria sobre energia no Vanete Almeida"},"content":{"rendered":"<p style=\"text-align: justify;\" data-path-to-node=\"3\"><span style=\"font-size: 14pt; font-family: arial, helvetica, sans-serif;\">A Secretaria de Assist\u00eancia Social e Cidadania emitiu um chamado urgente aos futuros moradores do Residencial Vanete Almeida. O objetivo \u00e9 acelerar o processo de liga\u00e7\u00e3o de energia el\u00e9trica junto \u00e0 Neoenergia, garantindo que as fam\u00edlias possam ocupar seus lares com a dignidade e a infraestrutura necess\u00e1rias.<\/span><\/p>\n<p style=\"text-align: justify;\" data-path-to-node=\"4\"><span style=\"font-size: 14pt; font-family: arial, helvetica, sans-serif;\">At\u00e9 o momento, a ades\u00e3o est\u00e1 abaixo do esperado: apenas 455 contemplados entregaram a documenta\u00e7\u00e3o. A aus\u00eancia desses dados trava o processo coletivo e retarda o acesso a um direito b\u00e1sico.<\/span><\/p>\n<p style=\"text-align: justify;\" data-path-to-node=\"5\"><span style=\"font-size: 14pt; font-family: arial, helvetica, sans-serif;\"><b data-path-to-node=\"5\" data-index-in-node=\"0\">O que voc\u00ea precisa fazer:<\/b>\u00a0Os contemplados que ainda n\u00e3o entregaram as c\u00f3pias do\u00a0<b data-path-to-node=\"5\" data-index-in-node=\"80\">RG e CPF<\/b>\u00a0devem comparecer imediatamente \u00e0 sede da Secretaria de Assist\u00eancia Social e Cidadania.<\/span><\/p>\n<p style=\"text-align: justify;\" data-path-to-node=\"6\"><span style=\"font-size: 14pt; font-family: arial, helvetica, sans-serif;\"><b data-path-to-node=\"6\" data-index-in-node=\"0\">Servi\u00e7o:<\/b><\/span><\/p>\n<ul style=\"text-align: justify;\" data-path-to-node=\"7\">\n<li>\n<p data-path-to-node=\"7,0,0\"><span style=\"font-size: 14pt; font-family: arial, helvetica, sans-serif;\"><b data-path-to-node=\"7,0,0\" data-index-in-node=\"0\">Hor\u00e1rio:<\/b>\u00a0Das 08:00 \u00e0s 13:00.<\/span><\/p>\n<\/li>\n<li>\n<p data-path-to-node=\"7,1,0\"><span style=\"font-size: 14pt; font-family: arial, helvetica, sans-serif;\"><b data-path-to-node=\"7,1,0\" data-index-in-node=\"0\">Documentos:<\/b>\u00a0C\u00f3pia de RG e CPF.<\/span><\/p>\n<\/li>\n<\/ul>\n<p style=\"text-align: justify;\" data-path-to-node=\"8\"><span style=\"font-size: 14pt; font-family: arial, helvetica, sans-serif;\"><b data-path-to-node=\"8\" data-index-in-node=\"0\">Regulariza\u00e7\u00e3o de d\u00e9bitos<\/b>\u00a0\u00c9 fundamental destacar que a Neoenergia exige a inexist\u00eancia de d\u00e9bitos anteriores em nome do titular para efetuar a nova liga\u00e7\u00e3o. Caso existam pend\u00eancias financeiras, o benefici\u00e1rio deve regulariz\u00e1-las diretamente com a concession\u00e1ria para assegurar o fornecimento de energia em sua nova resid\u00eancia.<\/span><\/p>\n<p style=\"text-align: justify;\" data-path-to-node=\"9\"><span style=\"font-size: 14pt; font-family: arial, helvetica, sans-serif;\">A agilidade na entrega dos documentos \u00e9 um passo decisivo para a consolida\u00e7\u00e3o dessa conquista habitacional.<\/span><\/p>\n","protected":false},"excerpt":{"rendered":"<p>A Secretaria de Assist&ecirc;ncia Social e Cidadania emitiu um chamado urgente aos futuros moradores do Residencial Vanete Almeida. O objetivo &eacute; acelerar o processo de liga&ccedil;&atilde;o de energia el&eacute;trica junto &agrave; Neoenergia, garantindo que as fam&iacute;lias possam ocupar seus lares com a dignidade e a infraestrutura necess&aacute;rias. At&eacute; o momento, a ades&atilde;o est&aacute; abaixo do esperado: apenas 455 contemplados entregaram a documenta&ccedil;&atilde;o. A aus&ecirc;ncia desses dados trava o processo coletivo e retarda o acesso a um direito b&aacute;sico. O que voc&ecirc; precisa fazer:&nbsp;Os contemplados que ainda n&atilde;o entregaram as c&oacute;pias do&nbsp;RG e CPF&nbsp;devem comparecer imediatamente &agrave; sede da Secretaria de &#8230; <\/p>\n<p class=\"read-more-container\"><a title=\"\u2018Falta documenta\u00e7\u00e3o de muitos benefici\u00e1rios\u2019, diz Secretaria sobre energia no Vanete Almeida\" class=\"read-more button\" href=\"https:\/\/blogdojuniorcavalcanti.com.br\/index.php\/2026\/01\/29\/falta-documentacao-de-muitos-beneficiarios-diz-secretaria-sobre-energia-no-vanete-almeida\/#more-52638\" aria-label=\"More on \u2018Falta documenta\u00e7\u00e3o de muitos benefici\u00e1rios\u2019, diz Secretaria sobre energia no Vanete Almeida\">Leia mais<\/a><\/p>\n","protected":false},"author":2,"featured_media":52639,"comment_status":"open","ping_status":"open","sticky":false,"template":"","format":"standard","meta":{"footnotes":""},"categories":[38],"tags":[],"class_list":["post-52638","post","type-post","status-publish","format-standard","has-post-thumbnail","hentry","category-pernambuco","resize-featured-image"],"_links":{"self":[{"href":"https:\/\/blogdojuniorcavalcanti.com.br\/index.php\/wp-json\/wp\/v2\/posts\/52638","targetHints":{"allow":["GET"]}}],"collection":[{"href":"https:\/\/blogdojuniorcavalcanti.com.br\/index.php\/wp-json\/wp\/v2\/posts"}],"about":[{"href":"https:\/\/blogdojuniorcavalcanti.com.br\/index.php\/wp-json\/wp\/v2\/types\/post"}],"author":[{"embeddable":true,"href":"https:\/\/blogdojuniorcavalcanti.com.br\/index.php\/wp-json\/wp\/v2\/users\/2"}],"replies":[{"embeddable":true,"href":"https:\/\/blogdojuniorcavalcanti.com.br\/index.php\/wp-json\/wp\/v2\/comments?post=52638"}],"version-history":[{"count":1,"href":"https:\/\/blogdojuniorcavalcanti.com.br\/index.php\/wp-json\/wp\/v2\/posts\/52638\/revisions"}],"predecessor-version":[{"id":52640,"href":"https:\/\/blogdojuniorcavalcanti.com.br\/index.php\/wp-json\/wp\/v2\/posts\/52638\/revisions\/52640"}],"wp:featuredmedia":[{"embeddable":true,"href":"https:\/\/blogdojuniorcavalcanti.com.br\/index.php\/wp-json\/wp\/v2\/media\/52639"}],"wp:attachment":[{"href":"https:\/\/blogdojuniorcavalcanti.com.br\/index.php\/wp-json\/wp\/v2\/media?parent=52638"}],"wp:term":[{"taxonomy":"category","embeddable":true,"href":"https:\/\/blogdojuniorcavalcanti.com.br\/index.php\/wp-json\/wp\/v2\/categories?post=52638"},{"taxonomy":"post_tag","embeddable":true,"href":"https:\/\/blogdojuniorcavalcanti.com.br\/index.php\/wp-json\/wp\/v2\/tags?post=52638"}],"curies":[{"name":"wp","href":"https:\/\/api.w.org\/{rel}","templated":true}]}}