{"id":52974,"date":"2026-02-08T10:21:54","date_gmt":"2026-02-08T13:21:54","guid":{"rendered":"https:\/\/blogdojuniorcavalcanti.com.br\/?p=52974"},"modified":"2026-02-08T10:21:54","modified_gmt":"2026-02-08T13:21:54","slug":"gal-mariano-confirma-apoio-a-joao-paulo-costa","status":"publish","type":"post","link":"https:\/\/blogdojuniorcavalcanti.com.br\/index.php\/2026\/02\/08\/gal-mariano-confirma-apoio-a-joao-paulo-costa\/","title":{"rendered":"Gal Mariano confirma apoio a Jo\u00e3o Paulo Costa"},"content":{"rendered":"<p style=\"text-align: justify;\"><span style=\"font-size: 14pt; font-family: arial, helvetica, sans-serif;\">O Deputado Estadual Jo\u00e3o Paulo Costa acaba de confirmar em suas redes sociais o apoio da vereadora Gal Mariano \u00e0 sua reelei\u00e7\u00e3o.<\/span><\/p>\n<p style=\"text-align: justify;\"><span style=\"font-size: 14pt; font-family: arial, helvetica, sans-serif;\">Gal se soma a Vicentinho, Douglas Eletricista, Canc\u00e3o e C\u00edcero Miguel no apoio ao parlamentar.<\/span><\/p>\n<p style=\"text-align: justify;\"><span style=\"font-size: 14pt; font-family: arial, helvetica, sans-serif;\">Ano passado, ela foi not\u00edcia ao reagir \u00e0 disputa entre os que queriam seu apoio para Jo\u00e3o Paulo ou Waldemar Borges e desabafou dizendo que n\u00e3o apoiaria qualquer projeto assim, dentro de uma vis\u00e3o mais fisiologista.<\/span><\/p>\n<p style=\"text-align: justify;\"><span style=\"font-size: 14pt; font-family: arial, helvetica, sans-serif;\">Internamente, entretanto, havia a leitura de que apoiar um nome sozinha causaria exposi\u00e7\u00e3o caso a vota\u00e7\u00e3o fosse baixa ou imprensada pelos mais apoiados. Por isso abortou o apoio sinalizado Internamente a Diogo Moraes. O prefeito Sandrinho teria conversado com ela sobre apoio a Waldemar, mas a conversa com Jo\u00e3o Paulo foi definitiva.<\/span><\/p>\n<p style=\"text-align: justify;\"><span style=\"font-size: 14pt; font-family: arial, helvetica, sans-serif;\">No an\u00fancio, Jo\u00e3o Paulo Costa disse destinar R$ 150 mil para um Centro de M\u00faltiplo Uso no Laura Ramos.<\/span><\/p>\n","protected":false},"excerpt":{"rendered":"<p>O Deputado Estadual Jo&atilde;o Paulo Costa acaba de confirmar em suas redes sociais o apoio da vereadora Gal Mariano &agrave; sua reelei&ccedil;&atilde;o. Gal se soma a Vicentinho, Douglas Eletricista, Canc&atilde;o e C&iacute;cero Miguel no apoio ao parlamentar. Ano passado, ela foi not&iacute;cia ao reagir &agrave; disputa entre os que queriam seu apoio para Jo&atilde;o Paulo ou Waldemar Borges e desabafou dizendo que n&atilde;o apoiaria qualquer projeto assim, dentro de uma vis&atilde;o mais fisiologista. Internamente, entretanto, havia a leitura de que apoiar um nome sozinha causaria exposi&ccedil;&atilde;o caso a vota&ccedil;&atilde;o fosse baixa ou imprensada pelos mais apoiados. Por isso abortou o &#8230; <\/p>\n<p class=\"read-more-container\"><a title=\"Gal Mariano confirma apoio a Jo\u00e3o Paulo Costa\" class=\"read-more button\" href=\"https:\/\/blogdojuniorcavalcanti.com.br\/index.php\/2026\/02\/08\/gal-mariano-confirma-apoio-a-joao-paulo-costa\/#more-52974\" aria-label=\"More on Gal Mariano confirma apoio a Jo\u00e3o Paulo Costa\">Leia mais<\/a><\/p>\n","protected":false},"author":2,"featured_media":52975,"comment_status":"open","ping_status":"open","sticky":false,"template":"","format":"standard","meta":{"footnotes":""},"categories":[25],"tags":[],"class_list":["post-52974","post","type-post","status-publish","format-standard","has-post-thumbnail","hentry","category-destaque","resize-featured-image"],"_links":{"self":[{"href":"https:\/\/blogdojuniorcavalcanti.com.br\/index.php\/wp-json\/wp\/v2\/posts\/52974","targetHints":{"allow":["GET"]}}],"collection":[{"href":"https:\/\/blogdojuniorcavalcanti.com.br\/index.php\/wp-json\/wp\/v2\/posts"}],"about":[{"href":"https:\/\/blogdojuniorcavalcanti.com.br\/index.php\/wp-json\/wp\/v2\/types\/post"}],"author":[{"embeddable":true,"href":"https:\/\/blogdojuniorcavalcanti.com.br\/index.php\/wp-json\/wp\/v2\/users\/2"}],"replies":[{"embeddable":true,"href":"https:\/\/blogdojuniorcavalcanti.com.br\/index.php\/wp-json\/wp\/v2\/comments?post=52974"}],"version-history":[{"count":1,"href":"https:\/\/blogdojuniorcavalcanti.com.br\/index.php\/wp-json\/wp\/v2\/posts\/52974\/revisions"}],"predecessor-version":[{"id":52976,"href":"https:\/\/blogdojuniorcavalcanti.com.br\/index.php\/wp-json\/wp\/v2\/posts\/52974\/revisions\/52976"}],"wp:featuredmedia":[{"embeddable":true,"href":"https:\/\/blogdojuniorcavalcanti.com.br\/index.php\/wp-json\/wp\/v2\/media\/52975"}],"wp:attachment":[{"href":"https:\/\/blogdojuniorcavalcanti.com.br\/index.php\/wp-json\/wp\/v2\/media?parent=52974"}],"wp:term":[{"taxonomy":"category","embeddable":true,"href":"https:\/\/blogdojuniorcavalcanti.com.br\/index.php\/wp-json\/wp\/v2\/categories?post=52974"},{"taxonomy":"post_tag","embeddable":true,"href":"https:\/\/blogdojuniorcavalcanti.com.br\/index.php\/wp-json\/wp\/v2\/tags?post=52974"}],"curies":[{"name":"wp","href":"https:\/\/api.w.org\/{rel}","templated":true}]}}