{"id":53005,"date":"2026-02-09T10:18:43","date_gmt":"2026-02-09T13:18:43","guid":{"rendered":"https:\/\/blogdojuniorcavalcanti.com.br\/?p=53005"},"modified":"2026-02-09T10:18:43","modified_gmt":"2026-02-09T13:18:43","slug":"prefeito-de-bodoco-nao-da-pra-gente-contratar-atracao-de-milhao","status":"publish","type":"post","link":"https:\/\/blogdojuniorcavalcanti.com.br\/index.php\/2026\/02\/09\/prefeito-de-bodoco-nao-da-pra-gente-contratar-atracao-de-milhao\/","title":{"rendered":"Prefeito de Bodoc\u00f3: \u201cn\u00e3o d\u00e1 pra gente contratar atra\u00e7\u00e3o de milh\u00e3o\u201d"},"content":{"rendered":"<p style=\"text-align: justify;\"><span style=\"font-size: 14pt; font-family: arial, helvetica, sans-serif;\">Ap\u00f3s participar da reuni\u00e3o com os prefeitos de Pernambuco e a diretoria da AMUPE, o Prefeito de Bodoc\u00f3 Dr Ot\u00e1vio Pedrosa concedeu entrevista \u00e0 R\u00e1dio Volunt\u00e1rios e falou dos altos cach\u00eas de alguns artistas.<\/span><\/p>\n<p style=\"text-align: justify;\"><span style=\"font-size: 14pt; font-family: arial, helvetica, sans-serif;\">\u201cEstamos prestes a realizar um grande evento, mas j\u00e1 analisamos que n\u00e3o podemos contratar artistas de milh\u00f5es, nosso dinheiro tem outras prioridades, vamos realizar nossa festa com muita responsabilidade e compromisso com dinheiro p\u00fablico\u201d, disse o prefeito.<\/span><\/p>\n<p style=\"text-align: justify;\"><span style=\"font-size: 14pt; font-family: arial, helvetica, sans-serif;\">Ele completou: \u201cn\u00e3o d\u00e1 pra contratar atra\u00e7\u00e3o de milh\u00e3o. Com um milh\u00e3o a gente faz escola, a gente faz PSF, ao inv\u00e9s de fazer uma hora e meia de show. A gente foca numa estrutura digna para atender as pessoas. A gente paga sal\u00e1rio de muita gente\u201d.<\/span><\/p>\n<p style=\"text-align: justify;\"><span style=\"font-size: 14pt; font-family: arial, helvetica, sans-serif;\">E completou: n\u00e3o d\u00e1 pra gente com os cofres p\u00fablicos alimentar a riqueza de quem quer que seja\u201d.<\/span><\/p>\n","protected":false},"excerpt":{"rendered":"<p>Ap&oacute;s participar da reuni&atilde;o com os prefeitos de Pernambuco e a diretoria da AMUPE, o Prefeito de Bodoc&oacute; Dr Ot&aacute;vio Pedrosa concedeu entrevista &agrave; R&aacute;dio Volunt&aacute;rios e falou dos altos cach&ecirc;s de alguns artistas. &ldquo;Estamos prestes a realizar um grande evento, mas j&aacute; analisamos que n&atilde;o podemos contratar artistas de milh&otilde;es, nosso dinheiro tem outras prioridades, vamos realizar nossa festa com muita responsabilidade e compromisso com dinheiro p&uacute;blico&rdquo;, disse o prefeito. Ele completou: &ldquo;n&atilde;o d&aacute; pra contratar atra&ccedil;&atilde;o de milh&atilde;o. Com um milh&atilde;o a gente faz escola, a gente faz PSF, ao inv&eacute;s de fazer uma hora e meia de &#8230; <\/p>\n<p class=\"read-more-container\"><a title=\"Prefeito de Bodoc\u00f3: \u201cn\u00e3o d\u00e1 pra gente contratar atra\u00e7\u00e3o de milh\u00e3o\u201d\" class=\"read-more button\" href=\"https:\/\/blogdojuniorcavalcanti.com.br\/index.php\/2026\/02\/09\/prefeito-de-bodoco-nao-da-pra-gente-contratar-atracao-de-milhao\/#more-53005\" aria-label=\"More on Prefeito de Bodoc\u00f3: \u201cn\u00e3o d\u00e1 pra gente contratar atra\u00e7\u00e3o de milh\u00e3o\u201d\">Leia mais<\/a><\/p>\n","protected":false},"author":2,"featured_media":53006,"comment_status":"open","ping_status":"open","sticky":false,"template":"","format":"standard","meta":{"footnotes":""},"categories":[27],"tags":[],"class_list":["post-53005","post","type-post","status-publish","format-standard","has-post-thumbnail","hentry","category-politica","resize-featured-image"],"_links":{"self":[{"href":"https:\/\/blogdojuniorcavalcanti.com.br\/index.php\/wp-json\/wp\/v2\/posts\/53005","targetHints":{"allow":["GET"]}}],"collection":[{"href":"https:\/\/blogdojuniorcavalcanti.com.br\/index.php\/wp-json\/wp\/v2\/posts"}],"about":[{"href":"https:\/\/blogdojuniorcavalcanti.com.br\/index.php\/wp-json\/wp\/v2\/types\/post"}],"author":[{"embeddable":true,"href":"https:\/\/blogdojuniorcavalcanti.com.br\/index.php\/wp-json\/wp\/v2\/users\/2"}],"replies":[{"embeddable":true,"href":"https:\/\/blogdojuniorcavalcanti.com.br\/index.php\/wp-json\/wp\/v2\/comments?post=53005"}],"version-history":[{"count":1,"href":"https:\/\/blogdojuniorcavalcanti.com.br\/index.php\/wp-json\/wp\/v2\/posts\/53005\/revisions"}],"predecessor-version":[{"id":53007,"href":"https:\/\/blogdojuniorcavalcanti.com.br\/index.php\/wp-json\/wp\/v2\/posts\/53005\/revisions\/53007"}],"wp:featuredmedia":[{"embeddable":true,"href":"https:\/\/blogdojuniorcavalcanti.com.br\/index.php\/wp-json\/wp\/v2\/media\/53006"}],"wp:attachment":[{"href":"https:\/\/blogdojuniorcavalcanti.com.br\/index.php\/wp-json\/wp\/v2\/media?parent=53005"}],"wp:term":[{"taxonomy":"category","embeddable":true,"href":"https:\/\/blogdojuniorcavalcanti.com.br\/index.php\/wp-json\/wp\/v2\/categories?post=53005"},{"taxonomy":"post_tag","embeddable":true,"href":"https:\/\/blogdojuniorcavalcanti.com.br\/index.php\/wp-json\/wp\/v2\/tags?post=53005"}],"curies":[{"name":"wp","href":"https:\/\/api.w.org\/{rel}","templated":true}]}}