{"id":53171,"date":"2026-02-11T06:38:34","date_gmt":"2026-02-11T09:38:34","guid":{"rendered":"https:\/\/blogdojuniorcavalcanti.com.br\/?p=53171"},"modified":"2026-02-11T06:38:34","modified_gmt":"2026-02-11T09:38:34","slug":"homem-e-detido-apos-perturbacao-no-shopping-serra-talhada","status":"publish","type":"post","link":"https:\/\/blogdojuniorcavalcanti.com.br\/index.php\/2026\/02\/11\/homem-e-detido-apos-perturbacao-no-shopping-serra-talhada\/","title":{"rendered":"Homem \u00e9 detido ap\u00f3s perturba\u00e7\u00e3o no Shopping Serra Talhada"},"content":{"rendered":"<figure id=\"attachment_712244\" class=\"wp-caption alignleft amp-wp-3360ef3\" style=\"text-align: justify;\" aria-describedby=\"caption-attachment-712244\" data-amp-original-style=\"width: 2560px\"><figcaption id=\"caption-attachment-712244\" class=\"wp-caption-text\"><span style=\"font-size: 14pt; font-family: arial, helvetica, sans-serif;\">Foto: Vin\u00edcius Campos\/Farol de Not\u00edcias<\/span><\/figcaption><\/figure>\n<p style=\"text-align: justify;\">\n<p style=\"text-align: justify;\"><span style=\"font-size: 14pt; font-family: arial, helvetica, sans-serif;\">Um homem foi encaminhado \u00e0 Delegacia de Pol\u00edcia Civil ap\u00f3s provocar transtornos no Shopping Serra Talhada. A ocorr\u00eancia foi registrada na manh\u00e3 desta ter\u00e7a-feira (10), por volta das 9h12.<\/span><\/p>\n<p style=\"text-align: justify;\"><span style=\"font-size: 14pt; font-family: arial, helvetica, sans-serif;\">De acordo com informa\u00e7\u00f5es do 14\u00ba Batalh\u00e3o da\u00a0<a href=\"https:\/\/faroldenoticias.com.br\/policia-flagra-suspeito-revolver-bar-st\/\">Pol\u00edcia Militar<\/a>\u00a0(14\u00ba BPM), a equipe realizava patrulhamento ostensivo quando foi acionada pela Central para averiguar uma den\u00fancia de perturba\u00e7\u00e3o do sossego no interior do shopping.<\/span><\/p>\n<p style=\"text-align: justify;\"><span style=\"font-size: 14pt; font-family: arial, helvetica, sans-serif;\">No local, os policiais identificaram que o suspeito apresentava comportamento agressivo, falando em voz alta e causando inc\u00f4modo aos funcion\u00e1rios do centro comercial.<\/span><\/p>\n<p style=\"text-align: justify;\"><span style=\"font-size: 14pt; font-family: arial, helvetica, sans-serif;\">Diante do cen\u00e1rio, os militares decidiram conduzir o homem \u00e0 Delegacia de Pol\u00edcia Civil da cidade para que fossem adotadas as medidas cab\u00edveis.<\/span><\/p>\n<p style=\"text-align: justify;\">\n","protected":false},"excerpt":{"rendered":"<p>Foto: Vin&iacute;cius Campos\/Farol de Not&iacute;cias Um homem foi encaminhado &agrave; Delegacia de Pol&iacute;cia Civil ap&oacute;s provocar transtornos no Shopping Serra Talhada. A ocorr&ecirc;ncia foi registrada na manh&atilde; desta ter&ccedil;a-feira (10), por volta das 9h12. De acordo com informa&ccedil;&otilde;es do 14&ordm; Batalh&atilde;o da&nbsp;Pol&iacute;cia Militar&nbsp;(14&ordm; BPM), a equipe realizava patrulhamento ostensivo quando foi acionada pela Central para averiguar uma den&uacute;ncia de perturba&ccedil;&atilde;o do sossego no interior do shopping. No local, os policiais identificaram que o suspeito apresentava comportamento agressivo, falando em voz alta e causando inc&ocirc;modo aos funcion&aacute;rios do centro comercial. Diante do cen&aacute;rio, os militares decidiram conduzir o homem &agrave; Delegacia &#8230; <\/p>\n<p class=\"read-more-container\"><a title=\"Homem \u00e9 detido ap\u00f3s perturba\u00e7\u00e3o no Shopping Serra Talhada\" class=\"read-more button\" href=\"https:\/\/blogdojuniorcavalcanti.com.br\/index.php\/2026\/02\/11\/homem-e-detido-apos-perturbacao-no-shopping-serra-talhada\/#more-53171\" aria-label=\"More on Homem \u00e9 detido ap\u00f3s perturba\u00e7\u00e3o no Shopping Serra Talhada\">Leia mais<\/a><\/p>\n","protected":false},"author":2,"featured_media":53172,"comment_status":"open","ping_status":"open","sticky":false,"template":"","format":"standard","meta":{"footnotes":""},"categories":[29],"tags":[],"class_list":["post-53171","post","type-post","status-publish","format-standard","has-post-thumbnail","hentry","category-policial","resize-featured-image"],"_links":{"self":[{"href":"https:\/\/blogdojuniorcavalcanti.com.br\/index.php\/wp-json\/wp\/v2\/posts\/53171","targetHints":{"allow":["GET"]}}],"collection":[{"href":"https:\/\/blogdojuniorcavalcanti.com.br\/index.php\/wp-json\/wp\/v2\/posts"}],"about":[{"href":"https:\/\/blogdojuniorcavalcanti.com.br\/index.php\/wp-json\/wp\/v2\/types\/post"}],"author":[{"embeddable":true,"href":"https:\/\/blogdojuniorcavalcanti.com.br\/index.php\/wp-json\/wp\/v2\/users\/2"}],"replies":[{"embeddable":true,"href":"https:\/\/blogdojuniorcavalcanti.com.br\/index.php\/wp-json\/wp\/v2\/comments?post=53171"}],"version-history":[{"count":1,"href":"https:\/\/blogdojuniorcavalcanti.com.br\/index.php\/wp-json\/wp\/v2\/posts\/53171\/revisions"}],"predecessor-version":[{"id":53173,"href":"https:\/\/blogdojuniorcavalcanti.com.br\/index.php\/wp-json\/wp\/v2\/posts\/53171\/revisions\/53173"}],"wp:featuredmedia":[{"embeddable":true,"href":"https:\/\/blogdojuniorcavalcanti.com.br\/index.php\/wp-json\/wp\/v2\/media\/53172"}],"wp:attachment":[{"href":"https:\/\/blogdojuniorcavalcanti.com.br\/index.php\/wp-json\/wp\/v2\/media?parent=53171"}],"wp:term":[{"taxonomy":"category","embeddable":true,"href":"https:\/\/blogdojuniorcavalcanti.com.br\/index.php\/wp-json\/wp\/v2\/categories?post=53171"},{"taxonomy":"post_tag","embeddable":true,"href":"https:\/\/blogdojuniorcavalcanti.com.br\/index.php\/wp-json\/wp\/v2\/tags?post=53171"}],"curies":[{"name":"wp","href":"https:\/\/api.w.org\/{rel}","templated":true}]}}